{"id":155407,"date":"2022-11-15T20:18:18","date_gmt":"2022-11-15T23:18:18","guid":{"rendered":"https:\/\/www.hoymercedes.com.ar\/principal\/?p=155407"},"modified":"2022-11-15T20:56:10","modified_gmt":"2022-11-15T23:56:10","slug":"otra-cena-solidaria-con-un-gran-apoyo-de-las-y-los-mercedinos","status":"publish","type":"post","link":"https:\/\/www.hoymercedes.com.ar\/principal\/2022\/11\/15\/otra-cena-solidaria-con-un-gran-apoyo-de-las-y-los-mercedinos\/","title":{"rendered":"Otra cena solidaria con un gran apoyo de las y los mercedinos"},"content":{"rendered":"\n<figure class=\"wp-block-image size-full is-resized\"><img loading=\"lazy\" decoding=\"async\" data-attachment-id=\"155408\" data-permalink=\"https:\/\/www.hoymercedes.com.ar\/principal\/2022\/11\/15\/otra-cena-solidaria-con-un-gran-apoyo-de-las-y-los-mercedinos\/dsc_0241-2\/#main\" data-orig-file=\"https:\/\/www.hoymercedes.com.ar\/principal\/wp-content\/uploads\/2022\/11\/DSC_0241.jpg\" data-orig-size=\"922,615\" data-comments-opened=\"0\" data-image-meta=\"{&quot;aperture&quot;:&quot;0&quot;,&quot;credit&quot;:&quot;&quot;,&quot;camera&quot;:&quot;&quot;,&quot;caption&quot;:&quot;&quot;,&quot;created_timestamp&quot;:&quot;0&quot;,&quot;copyright&quot;:&quot;&quot;,&quot;focal_length&quot;:&quot;0&quot;,&quot;iso&quot;:&quot;0&quot;,&quot;shutter_speed&quot;:&quot;0&quot;,&quot;title&quot;:&quot;&quot;,&quot;orientation&quot;:&quot;0&quot;}\" data-image-title=\"DSC_0241\" data-image-description=\"\" data-image-caption=\"\" data-large-file=\"https:\/\/www.hoymercedes.com.ar\/principal\/wp-content\/uploads\/2022\/11\/DSC_0241.jpg\" src=\"https:\/\/www.hoymercedes.com.ar\/principal\/wp-content\/uploads\/2022\/11\/DSC_0241.jpg\" alt=\"\" class=\"wp-image-155408\" width=\"957\" height=\"638\" srcset=\"https:\/\/www.hoymercedes.com.ar\/principal\/wp-content\/uploads\/2022\/11\/DSC_0241.jpg 922w, https:\/\/www.hoymercedes.com.ar\/principal\/wp-content\/uploads\/2022\/11\/DSC_0241-630x420.jpg 630w, https:\/\/www.hoymercedes.com.ar\/principal\/wp-content\/uploads\/2022\/11\/DSC_0241-150x100.jpg 150w\" sizes=\"auto, (max-width: 957px) 100vw, 957px\" \/><\/figure>\n\n\n\n<p><\/p>\n\n\n\n<p>Se llev\u00f3 adelante una nueva cena solidaria. En esta ocasi\u00f3n fue en beneficio del Hogar Granja Arco Iris. En la noche del s\u00e1bado un lleno total se vivi\u00f3 en la sede de la querida instituci\u00f3n. Se aprovech\u00f3 la ocasi\u00f3n para mostrar la obra que se est\u00e1 efectuando con el dinero del remate del terreno recuperado por la Municipalidad. La cena se efectu\u00f3 con el apoyo de la Comuna.<\/p>\n\n\n\n<p>El intendente Ustarroz manifest\u00f3 al respecto que \u201cquer\u00eda como siempre, saludar y felicitar a quienes formar parte de la hermosa familia de la Granja Arcoiris. Felicitar y agradecer por ense\u00f1arnos que los sue\u00f1os se pueden cumplir. Es enorme el trabajo realizado por tantos a\u00f1os, pero, afortunadamente, es m\u00e1s promisorio con el futuro del hogar convivencial. Sue\u00f1o que comienza a hacerse realidad. Gracias por no bajar nunca los brazos, por luchar desde el amor y las convicciones.&nbsp; Por hacer camino al andar. EN Mercedes se pueden hacer muchas actividades porque el pueblo es muy solidario. Mi reconocimiento a los presentes y a quienes han trabajado x ese gran encuentro que es la cena solidaria. Por \u00faltimo, un abrazo desde el coraz\u00f3n a quienes van todos los d\u00edas a la granja y la hacen un lugar \u00fanico y hermoso\u201d<\/p>\n\n\n\n<p>Por su parte, Chicha Caputo, sostuvo que \u201ces una alegr\u00eda enorme ver a cada uno de ustedes acompa\u00f1an una vez m\u00e1s\u201d dijo emocionada y tambi\u00e9n aprovech\u00f3 para \u201cagradecemos a Juani.<\/p>\n\n\n\n<p><\/p>\n\n\n\n<figure class=\"wp-block-image size-full is-resized\"><img loading=\"lazy\" decoding=\"async\" data-attachment-id=\"155409\" data-permalink=\"https:\/\/www.hoymercedes.com.ar\/principal\/2022\/11\/15\/otra-cena-solidaria-con-un-gran-apoyo-de-las-y-los-mercedinos\/dsc_0219\/#main\" data-orig-file=\"https:\/\/www.hoymercedes.com.ar\/principal\/wp-content\/uploads\/2022\/11\/DSC_0219.jpg\" data-orig-size=\"922,615\" data-comments-opened=\"0\" data-image-meta=\"{&quot;aperture&quot;:&quot;0&quot;,&quot;credit&quot;:&quot;&quot;,&quot;camera&quot;:&quot;&quot;,&quot;caption&quot;:&quot;&quot;,&quot;created_timestamp&quot;:&quot;0&quot;,&quot;copyright&quot;:&quot;&quot;,&quot;focal_length&quot;:&quot;0&quot;,&quot;iso&quot;:&quot;0&quot;,&quot;shutter_speed&quot;:&quot;0&quot;,&quot;title&quot;:&quot;&quot;,&quot;orientation&quot;:&quot;0&quot;}\" data-image-title=\"DSC_0219\" data-image-description=\"\" data-image-caption=\"\" data-large-file=\"https:\/\/www.hoymercedes.com.ar\/principal\/wp-content\/uploads\/2022\/11\/DSC_0219.jpg\" src=\"https:\/\/www.hoymercedes.com.ar\/principal\/wp-content\/uploads\/2022\/11\/DSC_0219.jpg\" alt=\"\" class=\"wp-image-155409\" width=\"960\" height=\"640\" srcset=\"https:\/\/www.hoymercedes.com.ar\/principal\/wp-content\/uploads\/2022\/11\/DSC_0219.jpg 922w, https:\/\/www.hoymercedes.com.ar\/principal\/wp-content\/uploads\/2022\/11\/DSC_0219-630x420.jpg 630w, https:\/\/www.hoymercedes.com.ar\/principal\/wp-content\/uploads\/2022\/11\/DSC_0219-150x100.jpg 150w\" sizes=\"auto, (max-width: 960px) 100vw, 960px\" \/><\/figure>\n\n\n\n<p>\u00abSolo me queda por agradecer al intendente Municipal Juani Ustarroz que incondicionalmente nos dio su apoyo para el Centro de D\u00eda y ahora con la subasta del terreno nos dio el dinero para este hogar. Tambi\u00e9n a Tatiana y todos estos chicos que nos atendieron. Es un lujo tambi\u00e9n tener a la directora y al director del PAMI acompa\u00f1\u00e1ndonos\u00bb dijo la referente qui\u00e9n adem\u00e1s narr\u00f3 los detalles de la organizaci\u00f3n, las colaboraciones recibidas de empresas, familias y figuras p\u00fablicas, siempre en post de \u201cconstruir este hermoso sue\u00f1o\u201d que es \u201cel hogar que pueden ver ac\u00e1 al lado c\u00f3mo va creciendo\u201d.<\/p>\n\n\n\n<p>La reuni\u00f3n permiti\u00f3 recaudar fondos para continuar realizando las distintas hermosas y significativas obras de la querida instituci\u00f3n mercedina.<\/p>\n\n\n\n<p>Info: MM\/Redes\/HM<\/p>\n","protected":false},"excerpt":{"rendered":"<p>Se llev\u00f3 adelante una nueva cena solidaria. En esta ocasi\u00f3n fue en beneficio del Hogar Granja Arco Iris. En la &#8230; <a title=\"Otra cena solidaria con un gran apoyo de las y los mercedinos\" class=\"read-more\" href=\"https:\/\/www.hoymercedes.com.ar\/principal\/2022\/11\/15\/otra-cena-solidaria-con-un-gran-apoyo-de-las-y-los-mercedinos\/\" aria-label=\"Leer m\u00e1s sobre Otra cena solidaria con un gran apoyo de las y los mercedinos\">Leer m\u00e1s<\/a><\/p>\n","protected":false},"author":1,"featured_media":155408,"comment_status":"closed","ping_status":"open","sticky":false,"template":"","format":"standard","meta":{"_monsterinsights_skip_tracking":false,"_monsterinsights_sitenote_active":false,"_monsterinsights_sitenote_note":"","_monsterinsights_sitenote_category":0,"jetpack_post_was_ever_published":false,"_jetpack_newsletter_access":"","_jetpack_dont_email_post_to_subs":false,"_jetpack_newsletter_tier_id":0,"_jetpack_memberships_contains_paywalled_content":false,"_jetpack_memberships_contains_paid_content":false,"footnotes":"","jetpack_publicize_message":"","jetpack_publicize_feature_enabled":true,"jetpack_social_post_already_shared":true,"jetpack_social_options":{"image_generator_settings":{"template":"highway","default_image_id":0,"font":"","enabled":false},"version":2},"_wpas_customize_per_network":false},"categories":[8],"tags":[18569,2739],"class_list":["post-155407","post","type-post","status-publish","format-standard","has-post-thumbnail","hentry","category-sociedad","tag-chicha-caputto","tag-granja-arco-iris","generate-columns","tablet-grid-50","mobile-grid-100","grid-parent","grid-50"],"jetpack_publicize_connections":[],"jetpack_featured_media_url":"https:\/\/www.hoymercedes.com.ar\/principal\/wp-content\/uploads\/2022\/11\/DSC_0241.jpg","wps_subtitle":"Solidaridad e instituciones","jetpack_sharing_enabled":true,"_links":{"self":[{"href":"https:\/\/www.hoymercedes.com.ar\/principal\/wp-json\/wp\/v2\/posts\/155407","targetHints":{"allow":["GET"]}}],"collection":[{"href":"https:\/\/www.hoymercedes.com.ar\/principal\/wp-json\/wp\/v2\/posts"}],"about":[{"href":"https:\/\/www.hoymercedes.com.ar\/principal\/wp-json\/wp\/v2\/types\/post"}],"author":[{"embeddable":true,"href":"https:\/\/www.hoymercedes.com.ar\/principal\/wp-json\/wp\/v2\/users\/1"}],"replies":[{"embeddable":true,"href":"https:\/\/www.hoymercedes.com.ar\/principal\/wp-json\/wp\/v2\/comments?post=155407"}],"version-history":[{"count":0,"href":"https:\/\/www.hoymercedes.com.ar\/principal\/wp-json\/wp\/v2\/posts\/155407\/revisions"}],"wp:featuredmedia":[{"embeddable":true,"href":"https:\/\/www.hoymercedes.com.ar\/principal\/wp-json\/wp\/v2\/media\/155408"}],"wp:attachment":[{"href":"https:\/\/www.hoymercedes.com.ar\/principal\/wp-json\/wp\/v2\/media?parent=155407"}],"wp:term":[{"taxonomy":"category","embeddable":true,"href":"https:\/\/www.hoymercedes.com.ar\/principal\/wp-json\/wp\/v2\/categories?post=155407"},{"taxonomy":"post_tag","embeddable":true,"href":"https:\/\/www.hoymercedes.com.ar\/principal\/wp-json\/wp\/v2\/tags?post=155407"}],"curies":[{"name":"wp","href":"https:\/\/api.w.org\/{rel}","templated":true}]}}