{"id":155496,"date":"2022-11-17T16:28:00","date_gmt":"2022-11-17T19:28:00","guid":{"rendered":"https:\/\/www.hoymercedes.com.ar\/principal\/?p=155496"},"modified":"2022-11-17T15:46:40","modified_gmt":"2022-11-17T18:46:40","slug":"invitan-a-participar-de-actividades-en-recuerdo-a-las-victimas-de-siniestros-viales","status":"publish","type":"post","link":"https:\/\/www.hoymercedes.com.ar\/principal\/2022\/11\/17\/invitan-a-participar-de-actividades-en-recuerdo-a-las-victimas-de-siniestros-viales\/","title":{"rendered":"Invitan a participar de actividades en recuerdo a las v\u00edctimas de siniestros viales"},"content":{"rendered":"\n<p>Este 20 de noviembre, se conmemora el\u00a0D\u00eda Mundial en Recuerdo de las V\u00edctimas por Siniestros Viales, fecha establecida para el tercer domingo de noviembre de cada a\u00f1o, en el a\u00f1o 1993 en Gran Breta\u00f1a a trav\u00e9s de la ONG Road Peace, dedicada a la ayuda a las v\u00edctimas de colisiones graves.<\/p>\n\n\n<div class=\"wp-block-image\">\n<figure class=\"aligncenter size-full\"><img loading=\"lazy\" decoding=\"async\" width=\"800\" height=\"602\" data-attachment-id=\"155497\" data-permalink=\"https:\/\/www.hoymercedes.com.ar\/principal\/2022\/11\/17\/invitan-a-participar-de-actividades-en-recuerdo-a-las-victimas-de-siniestros-viales\/siniestros-viales\/#main\" data-orig-file=\"https:\/\/www.hoymercedes.com.ar\/principal\/wp-content\/uploads\/2022\/11\/siniestros-viales.jpeg\" data-orig-size=\"800,602\" data-comments-opened=\"0\" data-image-meta=\"{&quot;aperture&quot;:&quot;0&quot;,&quot;credit&quot;:&quot;&quot;,&quot;camera&quot;:&quot;&quot;,&quot;caption&quot;:&quot;&quot;,&quot;created_timestamp&quot;:&quot;0&quot;,&quot;copyright&quot;:&quot;&quot;,&quot;focal_length&quot;:&quot;0&quot;,&quot;iso&quot;:&quot;0&quot;,&quot;shutter_speed&quot;:&quot;0&quot;,&quot;title&quot;:&quot;&quot;,&quot;orientation&quot;:&quot;0&quot;}\" data-image-title=\"siniestros-viales\" data-image-description=\"\" data-image-caption=\"\" data-large-file=\"https:\/\/www.hoymercedes.com.ar\/principal\/wp-content\/uploads\/2022\/11\/siniestros-viales.jpeg\" src=\"https:\/\/www.hoymercedes.com.ar\/principal\/wp-content\/uploads\/2022\/11\/siniestros-viales.jpeg\" alt=\"\" class=\"wp-image-155497\" srcset=\"https:\/\/www.hoymercedes.com.ar\/principal\/wp-content\/uploads\/2022\/11\/siniestros-viales.jpeg 800w, https:\/\/www.hoymercedes.com.ar\/principal\/wp-content\/uploads\/2022\/11\/siniestros-viales-630x474.jpeg 630w, https:\/\/www.hoymercedes.com.ar\/principal\/wp-content\/uploads\/2022\/11\/siniestros-viales-150x113.jpeg 150w\" sizes=\"auto, (max-width: 800px) 100vw, 800px\" \/><\/figure>\n<\/div>\n\n\n<p>Desde el Grupo Estrellas Amarillas Mercedes acordaron una serie de actividades para recordar a las personas que fallecieron como consecuencia de siniestros viales. El viernes 18 arrancar\u00e1n los actos acompa\u00f1ando la iluminaci\u00f3n en amarillo del Palacio Municipal y durante el fin de semana entregar\u00e1n folletos para concientizar en prevenci\u00f3n en siniestros viales. <\/p>\n","protected":false},"excerpt":{"rendered":"<p>Este 20 de noviembre, se conmemora el\u00a0D\u00eda Mundial en Recuerdo de las V\u00edctimas por Siniestros Viales. El Grupo Estrellas Amarillas Mercedes invitan a adornar con estrellas, cintas y lazos amarillos los domiclios de los vecinos. Adem\u00e1s, tendr\u00e1n una serie de actividades a lo largo del mes. <\/p>\n","protected":false},"author":1,"featured_media":131536,"comment_status":"closed","ping_status":"open","sticky":false,"template":"","format":"standard","meta":{"_monsterinsights_skip_tracking":false,"_monsterinsights_sitenote_active":false,"_monsterinsights_sitenote_note":"","_monsterinsights_sitenote_category":0,"jetpack_post_was_ever_published":false,"_jetpack_newsletter_access":"","_jetpack_dont_email_post_to_subs":false,"_jetpack_newsletter_tier_id":0,"_jetpack_memberships_contains_paywalled_content":false,"_jetpack_memberships_contains_paid_content":false,"footnotes":"","jetpack_publicize_message":"","jetpack_publicize_feature_enabled":true,"jetpack_social_post_already_shared":true,"jetpack_social_options":{"image_generator_settings":{"template":"highway","default_image_id":0,"font":"","enabled":false},"version":2},"_wpas_customize_per_network":false},"categories":[8],"tags":[1734,9451,9453,7802,12085],"class_list":["post-155496","post","type-post","status-publish","format-standard","has-post-thumbnail","hentry","category-sociedad","tag-ciudad-2","tag-estrellas-amarillas","tag-siniestros-viales","tag-sociedad","tag-victimas","generate-columns","tablet-grid-50","mobile-grid-100","grid-parent","grid-50"],"jetpack_publicize_connections":[],"jetpack_featured_media_url":"https:\/\/www.hoymercedes.com.ar\/principal\/wp-content\/uploads\/2021\/06\/10-estrella-amarilla.jpg","wps_subtitle":"Desde Estrellas Amarillas","jetpack_sharing_enabled":true,"_links":{"self":[{"href":"https:\/\/www.hoymercedes.com.ar\/principal\/wp-json\/wp\/v2\/posts\/155496","targetHints":{"allow":["GET"]}}],"collection":[{"href":"https:\/\/www.hoymercedes.com.ar\/principal\/wp-json\/wp\/v2\/posts"}],"about":[{"href":"https:\/\/www.hoymercedes.com.ar\/principal\/wp-json\/wp\/v2\/types\/post"}],"author":[{"embeddable":true,"href":"https:\/\/www.hoymercedes.com.ar\/principal\/wp-json\/wp\/v2\/users\/1"}],"replies":[{"embeddable":true,"href":"https:\/\/www.hoymercedes.com.ar\/principal\/wp-json\/wp\/v2\/comments?post=155496"}],"version-history":[{"count":0,"href":"https:\/\/www.hoymercedes.com.ar\/principal\/wp-json\/wp\/v2\/posts\/155496\/revisions"}],"wp:featuredmedia":[{"embeddable":true,"href":"https:\/\/www.hoymercedes.com.ar\/principal\/wp-json\/wp\/v2\/media\/131536"}],"wp:attachment":[{"href":"https:\/\/www.hoymercedes.com.ar\/principal\/wp-json\/wp\/v2\/media?parent=155496"}],"wp:term":[{"taxonomy":"category","embeddable":true,"href":"https:\/\/www.hoymercedes.com.ar\/principal\/wp-json\/wp\/v2\/categories?post=155496"},{"taxonomy":"post_tag","embeddable":true,"href":"https:\/\/www.hoymercedes.com.ar\/principal\/wp-json\/wp\/v2\/tags?post=155496"}],"curies":[{"name":"wp","href":"https:\/\/api.w.org\/{rel}","templated":true}]}}