{"id":155571,"date":"2022-11-19T13:07:15","date_gmt":"2022-11-19T16:07:15","guid":{"rendered":"https:\/\/www.hoymercedes.com.ar\/principal\/?p=155571"},"modified":"2022-11-19T13:09:12","modified_gmt":"2022-11-19T16:09:12","slug":"marcela-cueto-y-paula-figoli-seleccionadas-en-la-beca-formacion-2022-para-formadores","status":"publish","type":"post","link":"https:\/\/www.hoymercedes.com.ar\/principal\/2022\/11\/19\/marcela-cueto-y-paula-figoli-seleccionadas-en-la-beca-formacion-2022-para-formadores\/","title":{"rendered":"Marcela Cueto y Paula Figoli seleccionadas en la Beca Formaci\u00f3n 2022 para Formadores"},"content":{"rendered":"\n<p>D\u00edas atr\u00e1s se conoci\u00f3 que las artistas pl\u00e1sticas Marcela Cueto y Paula Figoli fueron seleccionadas entre los 3100 proyectos presentados para las Becas de Formaci\u00f3n del Fondo Nacional de las Artes. Las artistas pl\u00e1sticas de Mercedes reciben una beca conjunta para llevar adelante el taller denominado \u201cEl entorno como material. Una mirada desde Mercedes.\u201d<\/p>\n\n\n\n<p>\u00abEs un taller de artes visuales gratuito, con cupos limitados, de dos encuentros por mes, de marzo a junio y con una exposici\u00f3n final. Las clases van a ser en distintos \u00e1mbitos y con distintos abordaje. Adem\u00e1s se ofrece gratuitamente a la comunidad de&nbsp;Mercedes y alrededores\u00bb, explicaron Marcela y Paula a trav\u00e9s de las redes. <\/p>\n\n\n<div class=\"wp-block-image\">\n<figure class=\"aligncenter size-full is-resized\"><img loading=\"lazy\" decoding=\"async\" data-attachment-id=\"155572\" data-permalink=\"https:\/\/www.hoymercedes.com.ar\/principal\/2022\/11\/19\/marcela-cueto-y-paula-figoli-seleccionadas-en-la-beca-formacion-2022-para-formadores\/paula-figoli-cueto\/#main\" data-orig-file=\"https:\/\/www.hoymercedes.com.ar\/principal\/wp-content\/uploads\/2022\/11\/paula-figoli-cueto.jpg\" data-orig-size=\"800,533\" data-comments-opened=\"0\" data-image-meta=\"{&quot;aperture&quot;:&quot;0&quot;,&quot;credit&quot;:&quot;&quot;,&quot;camera&quot;:&quot;&quot;,&quot;caption&quot;:&quot;&quot;,&quot;created_timestamp&quot;:&quot;1668862772&quot;,&quot;copyright&quot;:&quot;&quot;,&quot;focal_length&quot;:&quot;0&quot;,&quot;iso&quot;:&quot;0&quot;,&quot;shutter_speed&quot;:&quot;0&quot;,&quot;title&quot;:&quot;&quot;,&quot;orientation&quot;:&quot;1&quot;}\" data-image-title=\"paula figoli cueto\" data-image-description=\"\" data-image-caption=\"&lt;p&gt;Foto de Archivo: Paula Figoli brindando una capacitaci\u00f3n en el Estudio de Arte Cueto. &lt;\/p&gt;\n\" data-large-file=\"https:\/\/www.hoymercedes.com.ar\/principal\/wp-content\/uploads\/2022\/11\/paula-figoli-cueto.jpg\" src=\"https:\/\/www.hoymercedes.com.ar\/principal\/wp-content\/uploads\/2022\/11\/paula-figoli-cueto.jpg\" alt=\"\" class=\"wp-image-155572\" width=\"574\" height=\"382\" srcset=\"https:\/\/www.hoymercedes.com.ar\/principal\/wp-content\/uploads\/2022\/11\/paula-figoli-cueto.jpg 800w, https:\/\/www.hoymercedes.com.ar\/principal\/wp-content\/uploads\/2022\/11\/paula-figoli-cueto-630x420.jpg 630w, https:\/\/www.hoymercedes.com.ar\/principal\/wp-content\/uploads\/2022\/11\/paula-figoli-cueto-150x100.jpg 150w, https:\/\/www.hoymercedes.com.ar\/principal\/wp-content\/uploads\/2022\/11\/paula-figoli-cueto-700x465.jpg 700w\" sizes=\"auto, (max-width: 574px) 100vw, 574px\" \/><figcaption class=\"wp-element-caption\">Foto de Archivo: Paula Figoli brindando una capacitaci\u00f3n en el Estudio de Arte Cueto. <\/figcaption><\/figure>\n<\/div>\n\n\n<p><strong>Becas<\/strong><\/p>\n\n\n\n<p>El Fondo Nacional de las Artes anunci\u00f3 los beneficiarios de las&nbsp;Becas Formaci\u00f3n 2022, destinadas a apoyar y promover programas de formaci\u00f3n y capacitaci\u00f3n de artistas, escritores, artesanos, arquitectos y gestores culturales dentro del territorio nacional.&nbsp;&nbsp;<\/p>\n\n\n\n<p>La convocatoria se organiz\u00f3 en dos l\u00edneas:&nbsp;<em>Capacitaci\u00f3n<\/em>, dirigida a quienes buscaran capacitarse en instituciones y espacios culturales, y&nbsp;<em>Formadores&nbsp;<\/em>dirigida a artistas, docentes y\/o profesionales que ofrecieran una formaci\u00f3n art\u00edstica o t\u00e9cnica gratuita a terceros.&nbsp;&nbsp;<\/p>\n\n\n\n<p>Aplicaron a esta edici\u00f3n de la beca, m\u00e1s de 3.100 proyectos de todo el pa\u00eds, de los cuales&nbsp;fueron seleccionados 643, 453 de ellos corresponden a la L\u00ednea Formadores (entre ellas la pareja pedag\u00f3gica integrada por Marcela Cueto y Paula Figoli) y 190 a Capacitaci\u00f3n.&nbsp;&nbsp;<\/p>\n\n\n\n<p>Para la categor\u00eda Capacitaci\u00f3n el beneficio es de $80.000 (proyectos individuales) y de $100.000 (proyectos grupales); mientras que para la categor\u00eda Formadores corresponden $100.000 (proyectos individuales y $150.000 (proyectos grupales).&nbsp;&nbsp;<\/p>\n\n\n\n<p>Componen la selecci\u00f3n proyectos de todas las provincias basados en un amplio abanico de disciplinas:&nbsp;danza, teatro, artes circenses, m\u00fasica, artes audiovisuales, gesti\u00f3n cultural, artes visuales, artesan\u00edas, patrimonio, letras, entre otras.&nbsp;&nbsp;<\/p>\n\n\n\n<p>Las Becas Formaci\u00f3n son uno de los instrumentos m\u00e1s eficaces que tiene el FNA para apoyar la formaci\u00f3n de nuestros artistas, siempre con un enfoque federal y contempor\u00e1neo, donde adem\u00e1s de las disciplinas tradicionales se tuvieron en cuenta los nuevos lenguajes atravesados por la tecnolog\u00eda.&nbsp;&nbsp;<\/p>\n","protected":false},"excerpt":{"rendered":"<p>Las artistas pl\u00e1sticas Marcela Cueto y Paula Figoli fueron seleccionadas entre los 3100 proyectos presentados para las Becas de Formaci\u00f3n del Fondo Nacional de las Artes. Las artistas pl\u00e1sticas de Mercedes reciben una beca conjunta para llevar adelante el taller denominado \u201cEl entorno como material. Una mirada desde Mercedes.\u201d. (Foto de Archivo)<\/p>\n","protected":false},"author":1,"featured_media":155572,"comment_status":"closed","ping_status":"open","sticky":false,"template":"","format":"standard","meta":{"_monsterinsights_skip_tracking":false,"_monsterinsights_sitenote_active":false,"_monsterinsights_sitenote_note":"","_monsterinsights_sitenote_category":0,"jetpack_post_was_ever_published":false,"_jetpack_newsletter_access":"","_jetpack_dont_email_post_to_subs":false,"_jetpack_newsletter_tier_id":0,"_jetpack_memberships_contains_paywalled_content":false,"_jetpack_memberships_contains_paid_content":false,"footnotes":"","jetpack_publicize_message":"","jetpack_publicize_feature_enabled":true,"jetpack_social_post_already_shared":true,"jetpack_social_options":{"image_generator_settings":{"template":"highway","default_image_id":0,"font":"","enabled":false},"version":2},"_wpas_customize_per_network":false},"categories":[104],"tags":[7805],"class_list":["post-155571","post","type-post","status-publish","format-standard","has-post-thumbnail","hentry","category-cultura","tag-cultura","generate-columns","tablet-grid-50","mobile-grid-100","grid-parent","grid-50"],"jetpack_publicize_connections":[],"jetpack_featured_media_url":"https:\/\/www.hoymercedes.com.ar\/principal\/wp-content\/uploads\/2022\/11\/paula-figoli-cueto.jpg","wps_subtitle":"","jetpack_sharing_enabled":true,"_links":{"self":[{"href":"https:\/\/www.hoymercedes.com.ar\/principal\/wp-json\/wp\/v2\/posts\/155571","targetHints":{"allow":["GET"]}}],"collection":[{"href":"https:\/\/www.hoymercedes.com.ar\/principal\/wp-json\/wp\/v2\/posts"}],"about":[{"href":"https:\/\/www.hoymercedes.com.ar\/principal\/wp-json\/wp\/v2\/types\/post"}],"author":[{"embeddable":true,"href":"https:\/\/www.hoymercedes.com.ar\/principal\/wp-json\/wp\/v2\/users\/1"}],"replies":[{"embeddable":true,"href":"https:\/\/www.hoymercedes.com.ar\/principal\/wp-json\/wp\/v2\/comments?post=155571"}],"version-history":[{"count":0,"href":"https:\/\/www.hoymercedes.com.ar\/principal\/wp-json\/wp\/v2\/posts\/155571\/revisions"}],"wp:featuredmedia":[{"embeddable":true,"href":"https:\/\/www.hoymercedes.com.ar\/principal\/wp-json\/wp\/v2\/media\/155572"}],"wp:attachment":[{"href":"https:\/\/www.hoymercedes.com.ar\/principal\/wp-json\/wp\/v2\/media?parent=155571"}],"wp:term":[{"taxonomy":"category","embeddable":true,"href":"https:\/\/www.hoymercedes.com.ar\/principal\/wp-json\/wp\/v2\/categories?post=155571"},{"taxonomy":"post_tag","embeddable":true,"href":"https:\/\/www.hoymercedes.com.ar\/principal\/wp-json\/wp\/v2\/tags?post=155571"}],"curies":[{"name":"wp","href":"https:\/\/api.w.org\/{rel}","templated":true}]}}