{"id":15559,"date":"2012-08-26T01:59:53","date_gmt":"2012-08-26T01:59:53","guid":{"rendered":"http:\/\/www.hoymercedes.com.ar\/principal\/?p=15559"},"modified":"2012-08-26T02:00:04","modified_gmt":"2012-08-26T02:00:04","slug":"selva-realizo-declaraciones-desde-brasil","status":"publish","type":"post","link":"https:\/\/www.hoymercedes.com.ar\/principal\/2012\/08\/26\/selva-realizo-declaraciones-desde-brasil\/","title":{"rendered":"Selva realiz\u00f3 declaraciones desde Brasil"},"content":{"rendered":"<p>Carlos Selva viaj\u00f3 duran la semana al vecino pa\u00eds de Brasil &#8211;<a href=\"https:\/\/www.hoymercedes.com.ar\/principal\/2012\/08\/24\/selva-en-brasil-con-sergio-massa\/\"> tal como anticipamos en HoyMercedes<\/a> &#8211; a una jornada de mandatarios del continente en relaci\u00f3n a la seguridad y el tratamiento de la basura. La gran figura fue Sergio Massa qui\u00e9n fue acompa\u00f1ado por Carlos Selva, entre otros.<\/p>\n<p>R\u00edo de Janeiro fue el escenario desde donde Carlos Selva produjo las siguientes declaraciones:\u00a0<em>\u201cEsta es una gran experiencia para nosotros porque podemos compartir programas y proyectos para solucionar las prioridades de la gente. Analizar c\u00f3mo se organiza una gran ciudad para responder a la necesidad con inversiones en seguridad, medio ambiente e inclusi\u00f3n con la pacificaci\u00f3n de favelas y ver el nivel de ejecutividad cuando hay voluntad, es muy importante\u201d. <span style=\"color: #888888;\">(LaPoliticaOnline)<\/span><\/em><\/p>\n<p>Selva estuvo junto a Massa, de Tigre,\u00a0Patricio Hogan, de General Maradiaga, Gilberto Alegre, de General Villegas, Luis Andreotti, de San Fernando, Lu{is Acu\u00f1a, de Hurlingham, entre otros que recorriendo la Compa\u00f1\u00eda Municipal de Limpieza Urbana (COMLURB), la favela Chapeu Mangeira \u00a0con trabajos realizados por la Prefectura de Rio que llev\u00f3 adelante un trabajo de urbanizaci\u00f3n, la Unidad de Polic\u00eda Pacificadora y un centro de operaciones de c\u00e1maras de seguridad.<\/p>\n<p>Por lo pronto, Selva estar\u00e1 durante la semana que se inicia recuperando las actividades en la comuna.<\/p>\n","protected":false},"excerpt":{"rendered":"<p>Carlos Selva viaj\u00f3 duran la semana al vecino pa\u00eds de Brasil &#8211; tal como anticipamos en HoyMercedes &#8211; a una &#8230; <a title=\"Selva realiz\u00f3 declaraciones desde Brasil\" class=\"read-more\" href=\"https:\/\/www.hoymercedes.com.ar\/principal\/2012\/08\/26\/selva-realizo-declaraciones-desde-brasil\/\" aria-label=\"Leer m\u00e1s sobre Selva realiz\u00f3 declaraciones desde Brasil\">Leer m\u00e1s<\/a><\/p>\n","protected":false},"author":1,"featured_media":0,"comment_status":"open","ping_status":"open","sticky":false,"template":"","format":"standard","meta":{"_monsterinsights_skip_tracking":false,"_monsterinsights_sitenote_active":false,"_monsterinsights_sitenote_note":"","_monsterinsights_sitenote_category":0,"jetpack_post_was_ever_published":false,"_jetpack_newsletter_access":"","_jetpack_dont_email_post_to_subs":false,"_jetpack_newsletter_tier_id":0,"_jetpack_memberships_contains_paywalled_content":false,"_jetpack_memberships_contains_paid_content":false,"footnotes":"","jetpack_publicize_message":"","jetpack_publicize_feature_enabled":true,"jetpack_social_post_already_shared":false,"jetpack_social_options":{"image_generator_settings":{"template":"highway","default_image_id":0,"font":"","enabled":false},"version":2},"_wpas_customize_per_network":false},"categories":[5],"tags":[2664],"class_list":["post-15559","post","type-post","status-publish","format-standard","hentry","category-politica","tag-selva-en-brasil","generate-columns","tablet-grid-50","mobile-grid-100","grid-parent","grid-50"],"jetpack_publicize_connections":[],"jetpack_featured_media_url":"","wps_subtitle":"","jetpack_sharing_enabled":true,"_links":{"self":[{"href":"https:\/\/www.hoymercedes.com.ar\/principal\/wp-json\/wp\/v2\/posts\/15559","targetHints":{"allow":["GET"]}}],"collection":[{"href":"https:\/\/www.hoymercedes.com.ar\/principal\/wp-json\/wp\/v2\/posts"}],"about":[{"href":"https:\/\/www.hoymercedes.com.ar\/principal\/wp-json\/wp\/v2\/types\/post"}],"author":[{"embeddable":true,"href":"https:\/\/www.hoymercedes.com.ar\/principal\/wp-json\/wp\/v2\/users\/1"}],"replies":[{"embeddable":true,"href":"https:\/\/www.hoymercedes.com.ar\/principal\/wp-json\/wp\/v2\/comments?post=15559"}],"version-history":[{"count":0,"href":"https:\/\/www.hoymercedes.com.ar\/principal\/wp-json\/wp\/v2\/posts\/15559\/revisions"}],"wp:attachment":[{"href":"https:\/\/www.hoymercedes.com.ar\/principal\/wp-json\/wp\/v2\/media?parent=15559"}],"wp:term":[{"taxonomy":"category","embeddable":true,"href":"https:\/\/www.hoymercedes.com.ar\/principal\/wp-json\/wp\/v2\/categories?post=15559"},{"taxonomy":"post_tag","embeddable":true,"href":"https:\/\/www.hoymercedes.com.ar\/principal\/wp-json\/wp\/v2\/tags?post=15559"}],"curies":[{"name":"wp","href":"https:\/\/api.w.org\/{rel}","templated":true}]}}