{"id":155594,"date":"2022-11-19T22:30:00","date_gmt":"2022-11-20T01:30:00","guid":{"rendered":"https:\/\/www.hoymercedes.com.ar\/principal\/?p=155594"},"modified":"2022-11-19T22:19:28","modified_gmt":"2022-11-20T01:19:28","slug":"video-atrapan-ladrones-allanamientos-y-casos-esclarecidos","status":"publish","type":"post","link":"https:\/\/www.hoymercedes.com.ar\/principal\/2022\/11\/19\/video-atrapan-ladrones-allanamientos-y-casos-esclarecidos\/","title":{"rendered":"Video: atrapan ladrones, allanamientos y casos esclarecidos"},"content":{"rendered":"\n<figure class=\"wp-block-embed is-type-video is-provider-youtube wp-block-embed-youtube wp-embed-aspect-16-9 wp-has-aspect-ratio\"><div class=\"wp-block-embed__wrapper\">\n<span class=\"embed-youtube\" style=\"text-align:center; display: block;\"><iframe loading=\"lazy\" class=\"youtube-player\" width=\"1200\" height=\"675\" src=\"https:\/\/www.youtube.com\/embed\/68QqZjD_1aQ?version=3&#038;rel=1&#038;showsearch=0&#038;showinfo=1&#038;iv_load_policy=1&#038;fs=1&#038;hl=es-ES&#038;autohide=2&#038;wmode=transparent\" allowfullscreen=\"true\" style=\"border:0;\" sandbox=\"allow-scripts allow-same-origin allow-popups allow-presentation allow-popups-to-escape-sandbox\"><\/iframe><\/span>\n<\/div><\/figure>\n\n\n\n<p>La <strong>Polic\u00eda Comunal<\/strong> logr\u00f3 la detenci\u00f3n de tres masculinos oriundos de la ciudad de Luj\u00e1n tras un fino seguimiento por c\u00e1maras del centro de monitoreo, las cuadrillas de calle y posterior allanamiento. La detenci\u00f3n, adem\u00e1s, permiti\u00f3 esclarecer un segundo acto delictivo en nuestra localidad.<\/p>\n\n\n\n<p><strong>Primer robo<\/strong><br>D\u00edas atr\u00e1s se produjo un robo en el barrio conocido como San Lu\u00eds, por la cercan\u00eda con la iglesia. All\u00ed se perpetr\u00f3 un acto delictivo que gener\u00f3 una l\u00ednea de investigaci\u00f3n con caracter\u00edsticas y demarcaciones.<br><br><strong>En ruta 5<\/strong><br>Dos hechos hab\u00eda perpetrado esta banda lujanense en la traza nacional. Baj\u00f3 la misma modalidad hab\u00edan sustra\u00eddo una moto Benelli y otra Honda, ambas de cilindrada 250.<\/p>\n\n\n\n<p><strong>Tentativa de robo y aprehensi\u00f3n de los malvivientes<\/strong><br>El pasado mi\u00e9rcoles una vecina es interceptada por dos motociclistas con arma de fuego, pero no lograron el cometido. La denuncia efectuada permiti\u00f3 el r\u00e1pido accionar de la polic\u00eda comuna que inici\u00f3 la pesquisa. Fue as\u00ed que (como se ve en el video conocido) se los rastrea moviliz\u00e1ndose por Mercedes y finalmente siendo detenidos. Se obtuvo un arma de fuego, elemento que se suma a la causa como prueba.<\/p>\n\n\n\n<p><strong>Allanamientos<\/strong><br>Con la intervenci\u00f3n de la U.F.I N\u00ba3 se concretaron allanamientos en la vecina ciudad de Luj\u00e1n. All\u00ed se logr\u00f3 detener a un tercer posible integrante de la banda que ten\u00eda tambi\u00e9n sobre sus hombros serias sospechas.<\/p>\n\n\n\n<p><strong>Larga purga<\/strong><br>Siendo 4 los hechos imputados, y por la calificaci\u00f3n de los mismos, se presume que pasaran varios a\u00f1os tras las rejas.<\/p>\n","protected":false},"excerpt":{"rendered":"<p>Video: atrapan ladrones, allanamientos y casos esclarecidos<\/p>\n","protected":false},"author":1,"featured_media":155596,"comment_status":"closed","ping_status":"open","sticky":false,"template":"","format":"standard","meta":{"_monsterinsights_skip_tracking":false,"_monsterinsights_sitenote_active":false,"_monsterinsights_sitenote_note":"","_monsterinsights_sitenote_category":0,"jetpack_post_was_ever_published":false,"_jetpack_newsletter_access":"","_jetpack_dont_email_post_to_subs":false,"_jetpack_newsletter_tier_id":0,"_jetpack_memberships_contains_paywalled_content":false,"_jetpack_memberships_contains_paid_content":false,"footnotes":"","jetpack_publicize_message":"","jetpack_publicize_feature_enabled":true,"jetpack_social_post_already_shared":true,"jetpack_social_options":{"image_generator_settings":{"template":"highway","default_image_id":0,"font":"","enabled":false},"version":2},"_wpas_customize_per_network":false},"categories":[85],"tags":[215,18573,5766],"class_list":["post-155594","post","type-post","status-publish","format-standard","has-post-thumbnail","hentry","category-policial","tag-detenciones","tag-lujanenses","tag-policia-comunal","generate-columns","tablet-grid-50","mobile-grid-100","grid-parent","grid-50"],"jetpack_publicize_connections":[],"jetpack_featured_media_url":"https:\/\/www.hoymercedes.com.ar\/principal\/wp-content\/uploads\/2022\/11\/DetienenLujanenses.jpg","wps_subtitle":"","jetpack_sharing_enabled":true,"_links":{"self":[{"href":"https:\/\/www.hoymercedes.com.ar\/principal\/wp-json\/wp\/v2\/posts\/155594","targetHints":{"allow":["GET"]}}],"collection":[{"href":"https:\/\/www.hoymercedes.com.ar\/principal\/wp-json\/wp\/v2\/posts"}],"about":[{"href":"https:\/\/www.hoymercedes.com.ar\/principal\/wp-json\/wp\/v2\/types\/post"}],"author":[{"embeddable":true,"href":"https:\/\/www.hoymercedes.com.ar\/principal\/wp-json\/wp\/v2\/users\/1"}],"replies":[{"embeddable":true,"href":"https:\/\/www.hoymercedes.com.ar\/principal\/wp-json\/wp\/v2\/comments?post=155594"}],"version-history":[{"count":0,"href":"https:\/\/www.hoymercedes.com.ar\/principal\/wp-json\/wp\/v2\/posts\/155594\/revisions"}],"wp:featuredmedia":[{"embeddable":true,"href":"https:\/\/www.hoymercedes.com.ar\/principal\/wp-json\/wp\/v2\/media\/155596"}],"wp:attachment":[{"href":"https:\/\/www.hoymercedes.com.ar\/principal\/wp-json\/wp\/v2\/media?parent=155594"}],"wp:term":[{"taxonomy":"category","embeddable":true,"href":"https:\/\/www.hoymercedes.com.ar\/principal\/wp-json\/wp\/v2\/categories?post=155594"},{"taxonomy":"post_tag","embeddable":true,"href":"https:\/\/www.hoymercedes.com.ar\/principal\/wp-json\/wp\/v2\/tags?post=155594"}],"curies":[{"name":"wp","href":"https:\/\/api.w.org\/{rel}","templated":true}]}}