{"id":155632,"date":"2022-11-21T16:27:06","date_gmt":"2022-11-21T19:27:06","guid":{"rendered":"https:\/\/www.hoymercedes.com.ar\/principal\/?p=155632"},"modified":"2022-11-21T16:27:59","modified_gmt":"2022-11-21T19:27:59","slug":"bancos-cambian-horario-de-atencion","status":"publish","type":"post","link":"https:\/\/www.hoymercedes.com.ar\/principal\/2022\/11\/21\/bancos-cambian-horario-de-atencion\/","title":{"rendered":"Bancos cambian horario de atenci\u00f3n"},"content":{"rendered":"\n<p>Desde el martes, los bancos con sucursales en la provincia de Buenos Aires cambian los horarios de atenci\u00f3n. Hasta el 31 de marzo de 2023 atender\u00e1n de 8 a 13 horas. <\/p>\n\n\n\n<p>Durante el fin de semana se confirm\u00f3 la resoluci\u00f3n de la provincia de Buenos Aires con el cambio de atenci\u00f3n bancaria. Las sucursales bancarias cambiar\u00e1n su horario durante la \u00e9poca de m\u00e1s altas temperaturas y a partir de este\u00a0martes 22 de noviembre abrir\u00e1n sus puertas entre las 8 y las 13, dos horas antes de lo habitual.<\/p>\n\n\n\n<p>Seg\u00fan la norma la medida regir\u00e1 hasta el viernes 31 de marzo de 2023, lo cual supone que el lunes 3 de abril de ese a\u00f1o se volver\u00e1 al horario normal de 10 a 15 horas para la atenci\u00f3n al p\u00fablico.<\/p>\n\n\n\n<p>La resoluci\u00f3n 987 incluye un anexo en el que se alistan todos los municipios que se ver\u00e1n alcanzados por ella, entre los que se encuentran Mercedes, La Plata, Berisso, Ensenada, Bol\u00edvar, Azul, Bragado, 25 de Mayo, Balcarce, Chivilcoy, General Alvarado, entre otros. <\/p>\n\n\n\n<p><\/p>\n","protected":false},"excerpt":{"rendered":"<p>Desde el martes, los bancos con sucursales en la provincia de Buenos Aires cambian los horarios de atenci\u00f3n. Hasta el 31 de marzo de 2023 atender\u00e1n de 8 a 13 horas. (Imagen de Archivo)<\/p>\n","protected":false},"author":1,"featured_media":108527,"comment_status":"closed","ping_status":"open","sticky":false,"template":"","format":"standard","meta":{"_monsterinsights_skip_tracking":false,"_monsterinsights_sitenote_active":false,"_monsterinsights_sitenote_note":"","_monsterinsights_sitenote_category":0,"jetpack_post_was_ever_published":false,"_jetpack_newsletter_access":"","_jetpack_dont_email_post_to_subs":false,"_jetpack_newsletter_tier_id":0,"_jetpack_memberships_contains_paywalled_content":false,"_jetpack_memberships_contains_paid_content":false,"footnotes":"","jetpack_publicize_message":"","jetpack_publicize_feature_enabled":true,"jetpack_social_post_already_shared":true,"jetpack_social_options":{"image_generator_settings":{"template":"highway","default_image_id":0,"font":"","enabled":false},"version":2},"_wpas_customize_per_network":false},"categories":[8],"tags":[],"class_list":["post-155632","post","type-post","status-publish","format-standard","has-post-thumbnail","hentry","category-sociedad","generate-columns","tablet-grid-50","mobile-grid-100","grid-parent","grid-50"],"jetpack_publicize_connections":[],"jetpack_featured_media_url":"https:\/\/www.hoymercedes.com.ar\/principal\/wp-content\/uploads\/2020\/03\/27-colas-bancos-2.jpg","wps_subtitle":"","jetpack_sharing_enabled":true,"_links":{"self":[{"href":"https:\/\/www.hoymercedes.com.ar\/principal\/wp-json\/wp\/v2\/posts\/155632","targetHints":{"allow":["GET"]}}],"collection":[{"href":"https:\/\/www.hoymercedes.com.ar\/principal\/wp-json\/wp\/v2\/posts"}],"about":[{"href":"https:\/\/www.hoymercedes.com.ar\/principal\/wp-json\/wp\/v2\/types\/post"}],"author":[{"embeddable":true,"href":"https:\/\/www.hoymercedes.com.ar\/principal\/wp-json\/wp\/v2\/users\/1"}],"replies":[{"embeddable":true,"href":"https:\/\/www.hoymercedes.com.ar\/principal\/wp-json\/wp\/v2\/comments?post=155632"}],"version-history":[{"count":0,"href":"https:\/\/www.hoymercedes.com.ar\/principal\/wp-json\/wp\/v2\/posts\/155632\/revisions"}],"wp:featuredmedia":[{"embeddable":true,"href":"https:\/\/www.hoymercedes.com.ar\/principal\/wp-json\/wp\/v2\/media\/108527"}],"wp:attachment":[{"href":"https:\/\/www.hoymercedes.com.ar\/principal\/wp-json\/wp\/v2\/media?parent=155632"}],"wp:term":[{"taxonomy":"category","embeddable":true,"href":"https:\/\/www.hoymercedes.com.ar\/principal\/wp-json\/wp\/v2\/categories?post=155632"},{"taxonomy":"post_tag","embeddable":true,"href":"https:\/\/www.hoymercedes.com.ar\/principal\/wp-json\/wp\/v2\/tags?post=155632"}],"curies":[{"name":"wp","href":"https:\/\/api.w.org\/{rel}","templated":true}]}}