{"id":155660,"date":"2022-11-21T20:10:00","date_gmt":"2022-11-21T23:10:00","guid":{"rendered":"https:\/\/www.hoymercedes.com.ar\/principal\/?p=155660"},"modified":"2022-11-21T19:54:28","modified_gmt":"2022-11-21T22:54:28","slug":"se-vivio-una-gran-fiesta-de-la-tradicion","status":"publish","type":"post","link":"https:\/\/www.hoymercedes.com.ar\/principal\/2022\/11\/21\/se-vivio-una-gran-fiesta-de-la-tradicion\/","title":{"rendered":"Se vivi\u00f3 una gran fiesta de la tradici\u00f3n"},"content":{"rendered":"\n<figure class=\"wp-block-image size-large\"><img loading=\"lazy\" decoding=\"async\" width=\"1024\" height=\"682\" data-attachment-id=\"155661\" data-permalink=\"https:\/\/www.hoymercedes.com.ar\/principal\/2022\/11\/21\/se-vivio-una-gran-fiesta-de-la-tradicion\/depedro-7\/#main\" data-orig-file=\"https:\/\/www.hoymercedes.com.ar\/principal\/wp-content\/uploads\/2022\/11\/DePEdro.jpeg\" data-orig-size=\"1280,853\" data-comments-opened=\"0\" data-image-meta=\"{&quot;aperture&quot;:&quot;0&quot;,&quot;credit&quot;:&quot;&quot;,&quot;camera&quot;:&quot;&quot;,&quot;caption&quot;:&quot;&quot;,&quot;created_timestamp&quot;:&quot;0&quot;,&quot;copyright&quot;:&quot;&quot;,&quot;focal_length&quot;:&quot;0&quot;,&quot;iso&quot;:&quot;0&quot;,&quot;shutter_speed&quot;:&quot;0&quot;,&quot;title&quot;:&quot;&quot;,&quot;orientation&quot;:&quot;0&quot;}\" data-image-title=\"DePEdro\" data-image-description=\"\" data-image-caption=\"\" data-large-file=\"https:\/\/www.hoymercedes.com.ar\/principal\/wp-content\/uploads\/2022\/11\/DePEdro-1024x682.jpeg\" src=\"https:\/\/www.hoymercedes.com.ar\/principal\/wp-content\/uploads\/2022\/11\/DePEdro-1024x682.jpeg\" alt=\"\" class=\"wp-image-155661\" srcset=\"https:\/\/www.hoymercedes.com.ar\/principal\/wp-content\/uploads\/2022\/11\/DePEdro-1024x682.jpeg 1024w, https:\/\/www.hoymercedes.com.ar\/principal\/wp-content\/uploads\/2022\/11\/DePEdro-630x420.jpeg 630w, https:\/\/www.hoymercedes.com.ar\/principal\/wp-content\/uploads\/2022\/11\/DePEdro-150x100.jpeg 150w, https:\/\/www.hoymercedes.com.ar\/principal\/wp-content\/uploads\/2022\/11\/DePEdro-700x465.jpeg 700w, https:\/\/www.hoymercedes.com.ar\/principal\/wp-content\/uploads\/2022\/11\/DePEdro.jpeg 1280w\" sizes=\"auto, (max-width: 1024px) 100vw, 1024px\" \/><\/figure>\n\n\n\n<p>Se vivi\u00f3 una gran Fiesta de la Tradici\u00f3n. Hubo desfile, grandes espect\u00e1culos sobre el escenario, reconocimientos y el anuncio oficial de la nacionalizaci\u00f3n de la Fiesta de la Torta Frita. \u201cEstamos muy felices y orgullosos de haber compartido la 7\u00ba edici\u00f3n de esta fiesta\u201d dijo el intendente Ustarroz. Se cont\u00f3 tambi\u00e9n con la presencia del ministro \u201cWado\u201d de Pedro qui\u00e9n acompa\u00f1\u00f3 a los espacios tradicionalistas y del arraigo de Mercedes y la regi\u00f3n.<\/p>\n\n\n\n<figure class=\"wp-block-image size-large\"><img loading=\"lazy\" decoding=\"async\" width=\"1024\" height=\"683\" data-attachment-id=\"155663\" data-permalink=\"https:\/\/www.hoymercedes.com.ar\/principal\/2022\/11\/21\/se-vivio-una-gran-fiesta-de-la-tradicion\/mhm5383\/#main\" data-orig-file=\"https:\/\/www.hoymercedes.com.ar\/principal\/wp-content\/uploads\/2022\/11\/MHM5383.jpg\" data-orig-size=\"1900,1268\" data-comments-opened=\"0\" data-image-meta=\"{&quot;aperture&quot;:&quot;4&quot;,&quot;credit&quot;:&quot;&quot;,&quot;camera&quot;:&quot;NIKON Z 5&quot;,&quot;caption&quot;:&quot;&quot;,&quot;created_timestamp&quot;:&quot;1668990714&quot;,&quot;copyright&quot;:&quot;&quot;,&quot;focal_length&quot;:&quot;24&quot;,&quot;iso&quot;:&quot;10000&quot;,&quot;shutter_speed&quot;:&quot;0.005&quot;,&quot;title&quot;:&quot;&quot;,&quot;orientation&quot;:&quot;0&quot;}\" data-image-title=\"MHM5383\" data-image-description=\"\" data-image-caption=\"\" data-large-file=\"https:\/\/www.hoymercedes.com.ar\/principal\/wp-content\/uploads\/2022\/11\/MHM5383-1024x683.jpg\" src=\"https:\/\/www.hoymercedes.com.ar\/principal\/wp-content\/uploads\/2022\/11\/MHM5383-1024x683.jpg\" alt=\"\" class=\"wp-image-155663\" srcset=\"https:\/\/www.hoymercedes.com.ar\/principal\/wp-content\/uploads\/2022\/11\/MHM5383-1024x683.jpg 1024w, https:\/\/www.hoymercedes.com.ar\/principal\/wp-content\/uploads\/2022\/11\/MHM5383-630x420.jpg 630w, https:\/\/www.hoymercedes.com.ar\/principal\/wp-content\/uploads\/2022\/11\/MHM5383-150x100.jpg 150w, https:\/\/www.hoymercedes.com.ar\/principal\/wp-content\/uploads\/2022\/11\/MHM5383-1536x1025.jpg 1536w, https:\/\/www.hoymercedes.com.ar\/principal\/wp-content\/uploads\/2022\/11\/MHM5383.jpg 1900w\" sizes=\"auto, (max-width: 1024px) 100vw, 1024px\" \/><\/figure>\n\n\n\n<p><strong>Artistas<\/strong><\/p>\n\n\n\n<p>Durante las dos jornadas hubo una variada grilla de espect\u00e1culos. Sobre el escenario pasaron Taller de Danzas nativas Maleart, Daniela Bertaina, Ballet Aram\u00ed, Desde el Alma, Suyai, Ballet Virgencita de Lujan, N\u00e9stor Garnica, Ballet Herencia Tamisque\u00f1a, Martin Soler, Oscar Rossello y el cierre de Fernanda Ottolini y la banda.<\/p>\n\n\n\n<p>El domingo pudo disfrutar de Compa\u00f1\u00eda de danza y malambo Pasi\u00f3n Gaucha, Semilla Agreste, Grupo folcl\u00f3rico Peumayen, Litoral Por\u00e1, Herederos de mi tierra, Gustavo Guzm\u00e1n, Ballet Municipal Estrella del sur, Martin Paz, Ballet Nuna Tusuy, Sebasti\u00e1n Giovanetone, Los L\u00f3pez Heredia y el cierre de Kino.<\/p>\n\n\n\n<p><strong>Desfile<\/strong><\/p>\n\n\n\n<p>En la ma\u00f1ana del domingo una gran cantidad de vecinos y vecinas se hicieron presente en el cl\u00e1sico desfile de agrupaciones gauchas y ballets de la ciudad. Fue sobre avenida 40 frente a La Trocha. All\u00ed, adem\u00e1s, se vio a \u201cWado\u201d de Pedro qui\u00e9n particip\u00f3 y desfil\u00f3 junto a Amigos Pe\u00f1eros.<\/p>\n\n\n\n<figure class=\"wp-block-image size-full is-resized\"><img loading=\"lazy\" decoding=\"async\" data-attachment-id=\"155664\" data-permalink=\"https:\/\/www.hoymercedes.com.ar\/principal\/2022\/11\/21\/se-vivio-una-gran-fiesta-de-la-tradicion\/mhm4561\/#main\" data-orig-file=\"https:\/\/www.hoymercedes.com.ar\/principal\/wp-content\/uploads\/2022\/11\/MHM4561.jpg\" data-orig-size=\"922,615\" data-comments-opened=\"0\" data-image-meta=\"{&quot;aperture&quot;:&quot;0&quot;,&quot;credit&quot;:&quot;&quot;,&quot;camera&quot;:&quot;&quot;,&quot;caption&quot;:&quot;&quot;,&quot;created_timestamp&quot;:&quot;0&quot;,&quot;copyright&quot;:&quot;&quot;,&quot;focal_length&quot;:&quot;0&quot;,&quot;iso&quot;:&quot;0&quot;,&quot;shutter_speed&quot;:&quot;0&quot;,&quot;title&quot;:&quot;&quot;,&quot;orientation&quot;:&quot;0&quot;}\" data-image-title=\"MHM4561\" data-image-description=\"\" data-image-caption=\"\" data-large-file=\"https:\/\/www.hoymercedes.com.ar\/principal\/wp-content\/uploads\/2022\/11\/MHM4561.jpg\" src=\"https:\/\/www.hoymercedes.com.ar\/principal\/wp-content\/uploads\/2022\/11\/MHM4561.jpg\" alt=\"\" class=\"wp-image-155664\" width=\"959\" height=\"640\" srcset=\"https:\/\/www.hoymercedes.com.ar\/principal\/wp-content\/uploads\/2022\/11\/MHM4561.jpg 922w, https:\/\/www.hoymercedes.com.ar\/principal\/wp-content\/uploads\/2022\/11\/MHM4561-630x420.jpg 630w, https:\/\/www.hoymercedes.com.ar\/principal\/wp-content\/uploads\/2022\/11\/MHM4561-150x100.jpg 150w\" sizes=\"auto, (max-width: 959px) 100vw, 959px\" \/><\/figure>\n\n\n\n<p>Consultado, el ministro \u201cWado\u201d de Pedro aprovech\u00f3 para felicitar \u201ca todo el pueblo de Mercedes por esta bell\u00edsima fiesta, a los Amigos Pe\u00f1eros, a cada agrupaci\u00f3n campera de toda la regi\u00f3n por engalanar el encuentro, sostener nuestras ra\u00edces, tradiciones, cultura, argentinidad\u201d y \u201ca cada trabajador y trabajadora municipal que son fundamentales para que la frase en Mercedes siempre hay algo para disfrutar sea una realidad, algo reconocido en toda la provincia promoviendo el encuentro familia y la felicidad\u201d sostuvo quien comparti\u00f3 la fiesta con su familia recibiendo el afecto de las y los vecinos, adem\u00e1s de ser invitado a desfilar.<\/p>\n\n\n\n<figure class=\"wp-block-image size-large\"><img loading=\"lazy\" decoding=\"async\" width=\"1024\" height=\"683\" data-attachment-id=\"155668\" data-permalink=\"https:\/\/www.hoymercedes.com.ar\/principal\/2022\/11\/21\/se-vivio-una-gran-fiesta-de-la-tradicion\/sja_3288\/#main\" data-orig-file=\"https:\/\/www.hoymercedes.com.ar\/principal\/wp-content\/uploads\/2022\/11\/SJA_3288-scaled.jpg\" data-orig-size=\"2560,1707\" data-comments-opened=\"0\" data-image-meta=\"{&quot;aperture&quot;:&quot;3.2&quot;,&quot;credit&quot;:&quot;SEBASTIANAMBROSSIO&quot;,&quot;camera&quot;:&quot;NIKON D5&quot;,&quot;caption&quot;:&quot;&quot;,&quot;created_timestamp&quot;:&quot;1668976741&quot;,&quot;copyright&quot;:&quot;SebastianAmbrossio&quot;,&quot;focal_length&quot;:&quot;35&quot;,&quot;iso&quot;:&quot;2500&quot;,&quot;shutter_speed&quot;:&quot;0.005&quot;,&quot;title&quot;:&quot;&quot;,&quot;orientation&quot;:&quot;1&quot;}\" data-image-title=\"SJA_3288\" data-image-description=\"\" data-image-caption=\"\" data-large-file=\"https:\/\/www.hoymercedes.com.ar\/principal\/wp-content\/uploads\/2022\/11\/SJA_3288-1024x683.jpg\" src=\"https:\/\/www.hoymercedes.com.ar\/principal\/wp-content\/uploads\/2022\/11\/SJA_3288-1024x683.jpg\" alt=\"\" class=\"wp-image-155668\" srcset=\"https:\/\/www.hoymercedes.com.ar\/principal\/wp-content\/uploads\/2022\/11\/SJA_3288-1024x683.jpg 1024w, https:\/\/www.hoymercedes.com.ar\/principal\/wp-content\/uploads\/2022\/11\/SJA_3288-630x420.jpg 630w, https:\/\/www.hoymercedes.com.ar\/principal\/wp-content\/uploads\/2022\/11\/SJA_3288-150x100.jpg 150w, https:\/\/www.hoymercedes.com.ar\/principal\/wp-content\/uploads\/2022\/11\/SJA_3288-1536x1024.jpg 1536w, https:\/\/www.hoymercedes.com.ar\/principal\/wp-content\/uploads\/2022\/11\/SJA_3288-2048x1365.jpg 2048w\" sizes=\"auto, (max-width: 1024px) 100vw, 1024px\" \/><\/figure>\n\n\n\n<p><strong>Nacional<\/strong><\/p>\n\n\n\n<p>En el escenario principal durante la tarde del domingo, donde a pesar del clima hubo un muy buen excelente marco de p\u00fablico, se anunci\u00f3 la declaraci\u00f3n de Fiesta Nacional de la Torta Frita, algo que hace mucho tiempo se ven\u00eda deseando y tras m\u00faltiples gestiones finalmente este a\u00f1o se convirti\u00f3 en realidad. All\u00ed hubo hist\u00f3ricos referentes de la fiesta y, por supuesto, nuestros veteranos de Malvinas.<\/p>\n\n\n\n<figure class=\"wp-block-image size-large\"><img loading=\"lazy\" decoding=\"async\" width=\"1024\" height=\"683\" data-attachment-id=\"155670\" data-permalink=\"https:\/\/www.hoymercedes.com.ar\/principal\/2022\/11\/21\/se-vivio-una-gran-fiesta-de-la-tradicion\/sja_3253\/#main\" data-orig-file=\"https:\/\/www.hoymercedes.com.ar\/principal\/wp-content\/uploads\/2022\/11\/SJA_3253-scaled.jpg\" data-orig-size=\"2560,1707\" data-comments-opened=\"0\" data-image-meta=\"{&quot;aperture&quot;:&quot;3.2&quot;,&quot;credit&quot;:&quot;SEBASTIANAMBROSSIO&quot;,&quot;camera&quot;:&quot;NIKON D5&quot;,&quot;caption&quot;:&quot;&quot;,&quot;created_timestamp&quot;:&quot;1668976501&quot;,&quot;copyright&quot;:&quot;SebastianAmbrossio&quot;,&quot;focal_length&quot;:&quot;85&quot;,&quot;iso&quot;:&quot;2500&quot;,&quot;shutter_speed&quot;:&quot;0.01&quot;,&quot;title&quot;:&quot;&quot;,&quot;orientation&quot;:&quot;1&quot;}\" data-image-title=\"SJA_3253\" data-image-description=\"\" data-image-caption=\"\" data-large-file=\"https:\/\/www.hoymercedes.com.ar\/principal\/wp-content\/uploads\/2022\/11\/SJA_3253-1024x683.jpg\" src=\"https:\/\/www.hoymercedes.com.ar\/principal\/wp-content\/uploads\/2022\/11\/SJA_3253-1024x683.jpg\" alt=\"\" class=\"wp-image-155670\" srcset=\"https:\/\/www.hoymercedes.com.ar\/principal\/wp-content\/uploads\/2022\/11\/SJA_3253-1024x683.jpg 1024w, https:\/\/www.hoymercedes.com.ar\/principal\/wp-content\/uploads\/2022\/11\/SJA_3253-630x420.jpg 630w, https:\/\/www.hoymercedes.com.ar\/principal\/wp-content\/uploads\/2022\/11\/SJA_3253-150x100.jpg 150w, https:\/\/www.hoymercedes.com.ar\/principal\/wp-content\/uploads\/2022\/11\/SJA_3253-1536x1024.jpg 1536w, https:\/\/www.hoymercedes.com.ar\/principal\/wp-content\/uploads\/2022\/11\/SJA_3253-2048x1365.jpg 2048w\" sizes=\"auto, (max-width: 1024px) 100vw, 1024px\" \/><\/figure>\n\n\n\n<p><strong>Fiesta<\/strong><\/p>\n\n\n\n<p>Guillermo Vola dijo \u201cgracias a todos los que nos acompa\u00f1aron. El clima no acompa\u00f1\u00f3, pero somos muchos. A cada integrante de la comisi\u00f3n que realiza un trabajo silencioso para que la fiesta crezca y la gente la pase lo mejor posible\u201d y \u201cgracias al municipio por el apoyo\u201d como as\u00ed tambi\u00e9n que \u201ca todos los hombres y mujeres del campo, que son los protagonistas\u201d, mencion\u00f3 el m\u00e1ximo referente de Amigos Pe\u00f1eros y destac\u00f3 \u201cgracias al intendente, Juani, que nos abri\u00f3 las puertas y trabaja junto a nosotros palmo a palmo para que cada a\u00f1o sea mejor que el otro. No es un dato menor\u201d remarc\u00f3. &nbsp;<\/p>\n\n\n\n<p>Por su parte, el jefe comunal expres\u00f3 que \u201ces el d\u00eda de la soberan\u00eda y creo esta fiesta justamente le hace honor al trabajar por nuestras ra\u00edces, cultura, tradiciones, por eso pido un aplauso muy grande por los amigos pe\u00f1eros\u201d dijo el intendente Ustarroz y tambi\u00e9n destac\u00f3 \u201cgracias al p\u00fablico, a los artistas, a los ballets, a quienes promueven la cultura campera, a cada trabajador y trabajadora municipal que hacen grande este encuentro\u201d dijo el intendente Ustarroz entre otros conceptos.<\/p>\n\n\n\n<p><strong>Nacionalizaci\u00f3n<\/strong><\/p>\n\n\n\n<p>Desde la fiesta de la torta frita se celebr\u00f3 que se declar\u00f3 nacional. Ante ello F\u00e1tima Costa expres\u00f3 que \u201cestamos muy contentos todos los que trabajamos en esta fiesta, que logramos la torta frita m\u00e1s grande del mundo. Siempre dec\u00edamos que quer\u00eda lo sea y ped\u00edamos siempre. Ahora se hizo realidad, con mucha participaci\u00f3n de la gente, gracias a la Municipalidad, a turismo, a fiestas nacionales argentinas que conocieron la fiesta y ahora lo logramos\u201d expres\u00f3 mencionando tambi\u00e9n al ministro Wado de Pedro por el apoyo, como \u201cas\u00ed tambi\u00e9n al intendente\u201d.<\/p>\n\n\n\n<p>La fiesta de la torta frita, es importante destacar, es en homenaje a los veteranos de Malvinas, quienes estuvieron presentes, tambi\u00e9n.<\/p>\n\n\n\n<p>Info: Turismo \/ HM \/ Redes<\/p>\n","protected":false},"excerpt":{"rendered":"<p>Se vivi\u00f3 una gran Fiesta de la Tradici\u00f3n. Hubo desfile, grandes espect\u00e1culos sobre el escenario, reconocimientos y el anuncio oficial &#8230; <a title=\"Se vivi\u00f3 una gran fiesta de la tradici\u00f3n\" class=\"read-more\" href=\"https:\/\/www.hoymercedes.com.ar\/principal\/2022\/11\/21\/se-vivio-una-gran-fiesta-de-la-tradicion\/\" aria-label=\"Leer m\u00e1s sobre Se vivi\u00f3 una gran fiesta de la tradici\u00f3n\">Leer m\u00e1s<\/a><\/p>\n","protected":false},"author":1,"featured_media":155663,"comment_status":"closed","ping_status":"open","sticky":false,"template":"","format":"standard","meta":{"_monsterinsights_skip_tracking":false,"_monsterinsights_sitenote_active":false,"_monsterinsights_sitenote_note":"","_monsterinsights_sitenote_category":0,"jetpack_post_was_ever_published":false,"_jetpack_newsletter_access":"","_jetpack_dont_email_post_to_subs":false,"_jetpack_newsletter_tier_id":0,"_jetpack_memberships_contains_paywalled_content":false,"_jetpack_memberships_contains_paid_content":false,"footnotes":"","jetpack_publicize_message":"","jetpack_publicize_feature_enabled":true,"jetpack_social_post_already_shared":true,"jetpack_social_options":{"image_generator_settings":{"template":"highway","default_image_id":0,"font":"","enabled":false},"version":2},"_wpas_customize_per_network":false},"categories":[104],"tags":[12238,18576,424,281],"class_list":["post-155660","post","type-post","status-publish","format-standard","has-post-thumbnail","hentry","category-cultura","tag-fiesta-de-la-tradicion-mercedes","tag-guillermo-vola","tag-ustarroz","tag-wado-de-pedro","generate-columns","tablet-grid-50","mobile-grid-100","grid-parent","grid-50"],"jetpack_publicize_connections":[],"jetpack_featured_media_url":"https:\/\/www.hoymercedes.com.ar\/principal\/wp-content\/uploads\/2022\/11\/MHM5383.jpg","wps_subtitle":"Fiestas populares en Mercedes ","jetpack_sharing_enabled":true,"_links":{"self":[{"href":"https:\/\/www.hoymercedes.com.ar\/principal\/wp-json\/wp\/v2\/posts\/155660","targetHints":{"allow":["GET"]}}],"collection":[{"href":"https:\/\/www.hoymercedes.com.ar\/principal\/wp-json\/wp\/v2\/posts"}],"about":[{"href":"https:\/\/www.hoymercedes.com.ar\/principal\/wp-json\/wp\/v2\/types\/post"}],"author":[{"embeddable":true,"href":"https:\/\/www.hoymercedes.com.ar\/principal\/wp-json\/wp\/v2\/users\/1"}],"replies":[{"embeddable":true,"href":"https:\/\/www.hoymercedes.com.ar\/principal\/wp-json\/wp\/v2\/comments?post=155660"}],"version-history":[{"count":0,"href":"https:\/\/www.hoymercedes.com.ar\/principal\/wp-json\/wp\/v2\/posts\/155660\/revisions"}],"wp:featuredmedia":[{"embeddable":true,"href":"https:\/\/www.hoymercedes.com.ar\/principal\/wp-json\/wp\/v2\/media\/155663"}],"wp:attachment":[{"href":"https:\/\/www.hoymercedes.com.ar\/principal\/wp-json\/wp\/v2\/media?parent=155660"}],"wp:term":[{"taxonomy":"category","embeddable":true,"href":"https:\/\/www.hoymercedes.com.ar\/principal\/wp-json\/wp\/v2\/categories?post=155660"},{"taxonomy":"post_tag","embeddable":true,"href":"https:\/\/www.hoymercedes.com.ar\/principal\/wp-json\/wp\/v2\/tags?post=155660"}],"curies":[{"name":"wp","href":"https:\/\/api.w.org\/{rel}","templated":true}]}}