{"id":155678,"date":"2022-11-22T07:51:00","date_gmt":"2022-11-22T10:51:00","guid":{"rendered":"https:\/\/www.hoymercedes.com.ar\/principal\/?p=155678"},"modified":"2022-11-21T19:56:08","modified_gmt":"2022-11-21T22:56:08","slug":"primera-division-c-afa-a-trocha-se-le-escapo-en-el-final","status":"publish","type":"post","link":"https:\/\/www.hoymercedes.com.ar\/principal\/2022\/11\/22\/primera-division-c-afa-a-trocha-se-le-escapo-en-el-final\/","title":{"rendered":"Primera Divisi\u00f3n C AFA: A Trocha se le escap\u00f3 en el final\u00a0"},"content":{"rendered":"\n<p>Por la fecha n\u00famero 22 del torneo de Primera Divisi\u00f3n C organizado por la AFA, el conjunto femenino de Trocha viaj\u00f3 hasta Lugano en la tarde del s\u00e1bado en b\u00fasqueda de tres puntos importantes para la zona permanencia.\u00a0<\/p>\n\n\n<div class=\"wp-block-image\">\n<figure class=\"aligncenter size-full\"><img loading=\"lazy\" decoding=\"async\" width=\"800\" height=\"533\" data-attachment-id=\"155643\" data-permalink=\"https:\/\/www.hoymercedes.com.ar\/principal\/2022\/11\/21\/boxeo-el-yacare-sequeira-rumbo-a-espana\/troccha-211\/#main\" data-orig-file=\"https:\/\/www.hoymercedes.com.ar\/principal\/wp-content\/uploads\/2022\/11\/troccha-211.jpeg\" data-orig-size=\"800,533\" data-comments-opened=\"0\" data-image-meta=\"{&quot;aperture&quot;:&quot;0&quot;,&quot;credit&quot;:&quot;&quot;,&quot;camera&quot;:&quot;&quot;,&quot;caption&quot;:&quot;&quot;,&quot;created_timestamp&quot;:&quot;1669053097&quot;,&quot;copyright&quot;:&quot;&quot;,&quot;focal_length&quot;:&quot;0&quot;,&quot;iso&quot;:&quot;0&quot;,&quot;shutter_speed&quot;:&quot;0&quot;,&quot;title&quot;:&quot;&quot;,&quot;orientation&quot;:&quot;1&quot;}\" data-image-title=\"troccha 211\" data-image-description=\"\" data-image-caption=\"\" data-large-file=\"https:\/\/www.hoymercedes.com.ar\/principal\/wp-content\/uploads\/2022\/11\/troccha-211.jpeg\" src=\"https:\/\/www.hoymercedes.com.ar\/principal\/wp-content\/uploads\/2022\/11\/troccha-211.jpeg\" alt=\"\" class=\"wp-image-155643\" srcset=\"https:\/\/www.hoymercedes.com.ar\/principal\/wp-content\/uploads\/2022\/11\/troccha-211.jpeg 800w, https:\/\/www.hoymercedes.com.ar\/principal\/wp-content\/uploads\/2022\/11\/troccha-211-630x420.jpeg 630w, https:\/\/www.hoymercedes.com.ar\/principal\/wp-content\/uploads\/2022\/11\/troccha-211-150x100.jpeg 150w, https:\/\/www.hoymercedes.com.ar\/principal\/wp-content\/uploads\/2022\/11\/troccha-211-700x465.jpeg 700w\" sizes=\"auto, (max-width: 800px) 100vw, 800px\" \/><\/figure>\n<\/div>\n\n\n<p>Desde lo deportivo, las chicas de la \u201cCarbonilla\u201d lograron abrir el marcador a los 25 minutos del primer tiempo de la mano de Jorgelina Landini, quien hizo no perdon\u00f3 desde un tiro libre.&nbsp;<\/p>\n\n\n\n<p>Con el resultado a favor, la mercedinas se fueron al descanso pero a medidos del complemento, las locales lograron el empate a trav\u00e9s de un tiro de esquina que termin\u00f3 metiendo por encima de la arquera azulgrana.&nbsp;<\/p>\n\n\n\n<p>Con el resultado empatado, el partido se fue desarrollando hasta el final. Pero antes de que sonara el pitido final, las chicas de Lugano lograron ampliar su ventaja en la \u00faltima jugada y finalmente, se quedaron con los tres puntos en juego.&nbsp;<\/p>\n\n\n\n<p>Pese a la derrota, las chicas de Trocha contin\u00faan en la mitad de la tabla y el pr\u00f3ximo fin de semana deber\u00e1n enfrenar a Cambaceres en condici\u00f3n de visitante.\u00a0<\/p>\n\n\n\n<p>Colaboraci\u00f3n: Mariano Oyarz\u00fa<\/p>\n","protected":false},"excerpt":{"rendered":"<p>Por la fecha n\u00famero 22 del torneo de Primera Divisi\u00f3n C organizado por la AFA, el conjunto femenino de Trocha viaj\u00f3 hasta Lugano en la tarde del s\u00e1bado en b\u00fasqueda de tres puntos importantes para la zona permanencia.\u00a0<\/p>\n","protected":false},"author":1,"featured_media":155643,"comment_status":"closed","ping_status":"open","sticky":false,"template":"","format":"standard","meta":{"_monsterinsights_skip_tracking":false,"_monsterinsights_sitenote_active":false,"_monsterinsights_sitenote_note":"","_monsterinsights_sitenote_category":0,"jetpack_post_was_ever_published":false,"_jetpack_newsletter_access":"","_jetpack_dont_email_post_to_subs":false,"_jetpack_newsletter_tier_id":0,"_jetpack_memberships_contains_paywalled_content":false,"_jetpack_memberships_contains_paid_content":false,"footnotes":"","jetpack_publicize_message":"","jetpack_publicize_feature_enabled":true,"jetpack_social_post_already_shared":true,"jetpack_social_options":{"image_generator_settings":{"template":"highway","default_image_id":0,"font":"","enabled":false},"version":2},"_wpas_customize_per_network":false},"categories":[21],"tags":[204],"class_list":["post-155678","post","type-post","status-publish","format-standard","has-post-thumbnail","hentry","category-deportes","tag-deportes-2","generate-columns","tablet-grid-50","mobile-grid-100","grid-parent","grid-50"],"jetpack_publicize_connections":[],"jetpack_featured_media_url":"https:\/\/www.hoymercedes.com.ar\/principal\/wp-content\/uploads\/2022\/11\/troccha-211.jpeg","wps_subtitle":"","jetpack_sharing_enabled":true,"_links":{"self":[{"href":"https:\/\/www.hoymercedes.com.ar\/principal\/wp-json\/wp\/v2\/posts\/155678","targetHints":{"allow":["GET"]}}],"collection":[{"href":"https:\/\/www.hoymercedes.com.ar\/principal\/wp-json\/wp\/v2\/posts"}],"about":[{"href":"https:\/\/www.hoymercedes.com.ar\/principal\/wp-json\/wp\/v2\/types\/post"}],"author":[{"embeddable":true,"href":"https:\/\/www.hoymercedes.com.ar\/principal\/wp-json\/wp\/v2\/users\/1"}],"replies":[{"embeddable":true,"href":"https:\/\/www.hoymercedes.com.ar\/principal\/wp-json\/wp\/v2\/comments?post=155678"}],"version-history":[{"count":0,"href":"https:\/\/www.hoymercedes.com.ar\/principal\/wp-json\/wp\/v2\/posts\/155678\/revisions"}],"wp:featuredmedia":[{"embeddable":true,"href":"https:\/\/www.hoymercedes.com.ar\/principal\/wp-json\/wp\/v2\/media\/155643"}],"wp:attachment":[{"href":"https:\/\/www.hoymercedes.com.ar\/principal\/wp-json\/wp\/v2\/media?parent=155678"}],"wp:term":[{"taxonomy":"category","embeddable":true,"href":"https:\/\/www.hoymercedes.com.ar\/principal\/wp-json\/wp\/v2\/categories?post=155678"},{"taxonomy":"post_tag","embeddable":true,"href":"https:\/\/www.hoymercedes.com.ar\/principal\/wp-json\/wp\/v2\/tags?post=155678"}],"curies":[{"name":"wp","href":"https:\/\/api.w.org\/{rel}","templated":true}]}}