{"id":155685,"date":"2022-11-22T09:00:00","date_gmt":"2022-11-22T12:00:00","guid":{"rendered":"https:\/\/www.hoymercedes.com.ar\/principal\/?p=155685"},"modified":"2022-11-23T16:08:02","modified_gmt":"2022-11-23T19:08:02","slug":"la-serie-canelones-se-graba-en-mercedes","status":"publish","type":"post","link":"https:\/\/www.hoymercedes.com.ar\/principal\/2022\/11\/22\/la-serie-canelones-se-graba-en-mercedes\/","title":{"rendered":"La serie \u00abCanelones\u00bb se graba en Mercedes"},"content":{"rendered":"\n<p>En la noche de este lunes comenz\u00f3 la serie de jornadas que el elenco de la serie \u00abCanelones\u00bb grabar\u00e1 en Mercedes. En la primera noche estuvieron haciendo escenas exteriores. Se espera que el resto de los d\u00edas el equipo de filmaci\u00f3n realice diferentes escenas al aire libre y en lugares emblem\u00e1ticos de Mercedes. <\/p>\n\n\n<div class=\"wp-block-image\">\n<figure class=\"aligncenter size-large is-resized\"><img loading=\"lazy\" decoding=\"async\" data-attachment-id=\"155691\" data-permalink=\"https:\/\/www.hoymercedes.com.ar\/principal\/2022\/11\/22\/la-serie-canelones-se-graba-en-mercedes\/screenshot_20221122-0746312\/#main\" data-orig-file=\"https:\/\/www.hoymercedes.com.ar\/principal\/wp-content\/uploads\/2022\/11\/Screenshot_20221122-0746312.png\" data-orig-size=\"851,1096\" data-comments-opened=\"0\" data-image-meta=\"{&quot;aperture&quot;:&quot;0&quot;,&quot;credit&quot;:&quot;&quot;,&quot;camera&quot;:&quot;&quot;,&quot;caption&quot;:&quot;&quot;,&quot;created_timestamp&quot;:&quot;0&quot;,&quot;copyright&quot;:&quot;&quot;,&quot;focal_length&quot;:&quot;0&quot;,&quot;iso&quot;:&quot;0&quot;,&quot;shutter_speed&quot;:&quot;0&quot;,&quot;title&quot;:&quot;&quot;,&quot;orientation&quot;:&quot;0&quot;}\" data-image-title=\"Screenshot_20221122-0746312\" data-image-description=\"\" data-image-caption=\"\" data-large-file=\"https:\/\/www.hoymercedes.com.ar\/principal\/wp-content\/uploads\/2022\/11\/Screenshot_20221122-0746312-795x1024.png\" src=\"https:\/\/www.hoymercedes.com.ar\/principal\/wp-content\/uploads\/2022\/11\/Screenshot_20221122-0746312-795x1024.png\" alt=\"\" class=\"wp-image-155691\" width=\"436\" height=\"562\" srcset=\"https:\/\/www.hoymercedes.com.ar\/principal\/wp-content\/uploads\/2022\/11\/Screenshot_20221122-0746312-795x1024.png 795w, https:\/\/www.hoymercedes.com.ar\/principal\/wp-content\/uploads\/2022\/11\/Screenshot_20221122-0746312-481x620.png 481w, https:\/\/www.hoymercedes.com.ar\/principal\/wp-content\/uploads\/2022\/11\/Screenshot_20221122-0746312-116x150.png 116w, https:\/\/www.hoymercedes.com.ar\/principal\/wp-content\/uploads\/2022\/11\/Screenshot_20221122-0746312.png 851w\" sizes=\"auto, (max-width: 436px) 100vw, 436px\" \/><\/figure>\n<\/div>\n\n\n<p>En la tarde, el elenco integrado por Dar\u00edo Barassi (que interpreta a Hern\u00e1n Casciari, autor del cuento en el que est\u00e1 basado el gui\u00f3n de la serie), Agust\u00edn Aristar\u00e1n (interpretando a Chiri Basilis que adem\u00e1s forma parte del equipo de direcci\u00f3n de la serie), Ver\u00f3nica Llin\u00e1s (interpretando a Chichita Casciari) y C\u00e9sar Bord\u00f3n (el malo de la serie) llegaron a Mercedes y se instalaron en un campo donde se quedar\u00e1n los d\u00edas de grabaci\u00f3n en la ciudad.<\/p>\n\n\n\n<figure class=\"wp-block-gallery has-nested-images columns-default is-cropped wp-block-gallery-1 is-layout-flex wp-block-gallery-is-layout-flex\">\n<figure class=\"wp-block-image size-large\"><img loading=\"lazy\" decoding=\"async\" width=\"576\" height=\"1024\" data-attachment-id=\"155687\" data-permalink=\"https:\/\/www.hoymercedes.com.ar\/principal\/2022\/11\/22\/la-serie-canelones-se-graba-en-mercedes\/screenshot_20221122-000616\/#main\" data-orig-file=\"https:\/\/www.hoymercedes.com.ar\/principal\/wp-content\/uploads\/2022\/11\/Screenshot_20221122-000616.png\" data-orig-size=\"1080,1920\" data-comments-opened=\"0\" data-image-meta=\"{&quot;aperture&quot;:&quot;0&quot;,&quot;credit&quot;:&quot;&quot;,&quot;camera&quot;:&quot;&quot;,&quot;caption&quot;:&quot;&quot;,&quot;created_timestamp&quot;:&quot;0&quot;,&quot;copyright&quot;:&quot;&quot;,&quot;focal_length&quot;:&quot;0&quot;,&quot;iso&quot;:&quot;0&quot;,&quot;shutter_speed&quot;:&quot;0&quot;,&quot;title&quot;:&quot;&quot;,&quot;orientation&quot;:&quot;0&quot;}\" data-image-title=\"Screenshot_20221122-000616\" data-image-description=\"\" data-image-caption=\"\" data-large-file=\"https:\/\/www.hoymercedes.com.ar\/principal\/wp-content\/uploads\/2022\/11\/Screenshot_20221122-000616-576x1024.png\" data-id=\"155687\" src=\"https:\/\/www.hoymercedes.com.ar\/principal\/wp-content\/uploads\/2022\/11\/Screenshot_20221122-000616-576x1024.png\" alt=\"\" class=\"wp-image-155687\" srcset=\"https:\/\/www.hoymercedes.com.ar\/principal\/wp-content\/uploads\/2022\/11\/Screenshot_20221122-000616-576x1024.png 576w, https:\/\/www.hoymercedes.com.ar\/principal\/wp-content\/uploads\/2022\/11\/Screenshot_20221122-000616-349x620.png 349w, https:\/\/www.hoymercedes.com.ar\/principal\/wp-content\/uploads\/2022\/11\/Screenshot_20221122-000616-84x150.png 84w, https:\/\/www.hoymercedes.com.ar\/principal\/wp-content\/uploads\/2022\/11\/Screenshot_20221122-000616-864x1536.png 864w, https:\/\/www.hoymercedes.com.ar\/principal\/wp-content\/uploads\/2022\/11\/Screenshot_20221122-000616.png 1080w\" sizes=\"auto, (max-width: 576px) 100vw, 576px\" \/><\/figure>\n\n\n\n<figure class=\"wp-block-image size-large\"><img loading=\"lazy\" decoding=\"async\" width=\"576\" height=\"1024\" data-attachment-id=\"155686\" data-permalink=\"https:\/\/www.hoymercedes.com.ar\/principal\/2022\/11\/22\/la-serie-canelones-se-graba-en-mercedes\/screenshot_20221122-000542\/#main\" data-orig-file=\"https:\/\/www.hoymercedes.com.ar\/principal\/wp-content\/uploads\/2022\/11\/Screenshot_20221122-000542.png\" data-orig-size=\"1080,1920\" data-comments-opened=\"0\" data-image-meta=\"{&quot;aperture&quot;:&quot;0&quot;,&quot;credit&quot;:&quot;&quot;,&quot;camera&quot;:&quot;&quot;,&quot;caption&quot;:&quot;&quot;,&quot;created_timestamp&quot;:&quot;0&quot;,&quot;copyright&quot;:&quot;&quot;,&quot;focal_length&quot;:&quot;0&quot;,&quot;iso&quot;:&quot;0&quot;,&quot;shutter_speed&quot;:&quot;0&quot;,&quot;title&quot;:&quot;&quot;,&quot;orientation&quot;:&quot;0&quot;}\" data-image-title=\"Screenshot_20221122-000542\" data-image-description=\"\" data-image-caption=\"\" data-large-file=\"https:\/\/www.hoymercedes.com.ar\/principal\/wp-content\/uploads\/2022\/11\/Screenshot_20221122-000542-576x1024.png\" data-id=\"155686\" src=\"https:\/\/www.hoymercedes.com.ar\/principal\/wp-content\/uploads\/2022\/11\/Screenshot_20221122-000542-576x1024.png\" alt=\"\" class=\"wp-image-155686\" srcset=\"https:\/\/www.hoymercedes.com.ar\/principal\/wp-content\/uploads\/2022\/11\/Screenshot_20221122-000542-576x1024.png 576w, https:\/\/www.hoymercedes.com.ar\/principal\/wp-content\/uploads\/2022\/11\/Screenshot_20221122-000542-349x620.png 349w, https:\/\/www.hoymercedes.com.ar\/principal\/wp-content\/uploads\/2022\/11\/Screenshot_20221122-000542-84x150.png 84w, https:\/\/www.hoymercedes.com.ar\/principal\/wp-content\/uploads\/2022\/11\/Screenshot_20221122-000542-864x1536.png 864w, https:\/\/www.hoymercedes.com.ar\/principal\/wp-content\/uploads\/2022\/11\/Screenshot_20221122-000542.png 1080w\" sizes=\"auto, (max-width: 576px) 100vw, 576px\" \/><\/figure>\n<\/figure>\n","protected":false},"excerpt":{"rendered":"<p>En la noche de este lunes comenz\u00f3 la serie de jornadas que el elenco de la serie \u00abCanelones\u00bb grabar\u00e1 en &#8230; <a title=\"La serie \u00abCanelones\u00bb se graba en Mercedes\" class=\"read-more\" href=\"https:\/\/www.hoymercedes.com.ar\/principal\/2022\/11\/22\/la-serie-canelones-se-graba-en-mercedes\/\" aria-label=\"Leer m\u00e1s sobre La serie \u00abCanelones\u00bb se graba en Mercedes\">Leer m\u00e1s<\/a><\/p>\n","protected":false},"author":1,"featured_media":155687,"comment_status":"closed","ping_status":"open","sticky":false,"template":"","format":"standard","meta":{"_monsterinsights_skip_tracking":false,"_monsterinsights_sitenote_active":false,"_monsterinsights_sitenote_note":"","_monsterinsights_sitenote_category":0,"jetpack_post_was_ever_published":false,"_jetpack_newsletter_access":"","_jetpack_dont_email_post_to_subs":false,"_jetpack_newsletter_tier_id":0,"_jetpack_memberships_contains_paywalled_content":false,"_jetpack_memberships_contains_paid_content":false,"footnotes":"","jetpack_publicize_message":"","jetpack_publicize_feature_enabled":true,"jetpack_social_post_already_shared":true,"jetpack_social_options":{"image_generator_settings":{"template":"highway","default_image_id":0,"font":"","enabled":false},"version":2},"_wpas_customize_per_network":false},"categories":[104],"tags":[7805],"class_list":["post-155685","post","type-post","status-publish","format-standard","has-post-thumbnail","hentry","category-cultura","tag-cultura","generate-columns","tablet-grid-50","mobile-grid-100","grid-parent","grid-50"],"jetpack_publicize_connections":[],"jetpack_featured_media_url":"https:\/\/www.hoymercedes.com.ar\/principal\/wp-content\/uploads\/2022\/11\/Screenshot_20221122-000616.png","wps_subtitle":"","jetpack_sharing_enabled":true,"_links":{"self":[{"href":"https:\/\/www.hoymercedes.com.ar\/principal\/wp-json\/wp\/v2\/posts\/155685","targetHints":{"allow":["GET"]}}],"collection":[{"href":"https:\/\/www.hoymercedes.com.ar\/principal\/wp-json\/wp\/v2\/posts"}],"about":[{"href":"https:\/\/www.hoymercedes.com.ar\/principal\/wp-json\/wp\/v2\/types\/post"}],"author":[{"embeddable":true,"href":"https:\/\/www.hoymercedes.com.ar\/principal\/wp-json\/wp\/v2\/users\/1"}],"replies":[{"embeddable":true,"href":"https:\/\/www.hoymercedes.com.ar\/principal\/wp-json\/wp\/v2\/comments?post=155685"}],"version-history":[{"count":0,"href":"https:\/\/www.hoymercedes.com.ar\/principal\/wp-json\/wp\/v2\/posts\/155685\/revisions"}],"wp:featuredmedia":[{"embeddable":true,"href":"https:\/\/www.hoymercedes.com.ar\/principal\/wp-json\/wp\/v2\/media\/155687"}],"wp:attachment":[{"href":"https:\/\/www.hoymercedes.com.ar\/principal\/wp-json\/wp\/v2\/media?parent=155685"}],"wp:term":[{"taxonomy":"category","embeddable":true,"href":"https:\/\/www.hoymercedes.com.ar\/principal\/wp-json\/wp\/v2\/categories?post=155685"},{"taxonomy":"post_tag","embeddable":true,"href":"https:\/\/www.hoymercedes.com.ar\/principal\/wp-json\/wp\/v2\/tags?post=155685"}],"curies":[{"name":"wp","href":"https:\/\/api.w.org\/{rel}","templated":true}]}}