{"id":155757,"date":"2022-11-23T17:16:17","date_gmt":"2022-11-23T20:16:17","guid":{"rendered":"https:\/\/www.hoymercedes.com.ar\/principal\/?p=155757"},"modified":"2022-11-23T19:50:31","modified_gmt":"2022-11-23T22:50:31","slug":"chiri-basilis-para-orsai-estos-proyectos-son-una-experiencia-de-aprendizaje-un-curso-intensivo-de-cine","status":"publish","type":"post","link":"https:\/\/www.hoymercedes.com.ar\/principal\/2022\/11\/23\/chiri-basilis-para-orsai-estos-proyectos-son-una-experiencia-de-aprendizaje-un-curso-intensivo-de-cine\/","title":{"rendered":"Chiri Basilis: \u201cPara Orsai, estos proyectos son una experiencia de aprendizaje, un curso intensivo de cine\u201d"},"content":{"rendered":"\n<p>Por TeCleArte &#8211; Orsai Audiovisual produce \u201cCanelones\u201d basada en un cuento de Hern\u00e1n Casciari con la adaptaci\u00f3n del Chiri Basilis que cuenta detalles de la producci\u00f3n y la historia que sucede en las calles de Mercedes. El elenco, que integran Ver\u00f3nica Llin\u00e1s, Dar\u00edo Barassi, Agust\u00edn \u201cRada\u201d Aristar\u00e1n  y C\u00e9sar Bord\u00f3n, estar\u00e1 filmando hasta el jueves en Mercedes. <\/p>\n\n\n<div class=\"wp-block-image\">\n<figure class=\"aligncenter size-full\"><img loading=\"lazy\" decoding=\"async\" width=\"800\" height=\"534\" data-attachment-id=\"155758\" data-permalink=\"https:\/\/www.hoymercedes.com.ar\/principal\/2022\/11\/23\/chiri-basilis-para-orsai-estos-proyectos-son-una-experiencia-de-aprendizaje-un-curso-intensivo-de-cine\/canelones-4\/#main\" data-orig-file=\"https:\/\/www.hoymercedes.com.ar\/principal\/wp-content\/uploads\/2022\/11\/canelones-4.jpeg\" data-orig-size=\"800,534\" data-comments-opened=\"0\" data-image-meta=\"{&quot;aperture&quot;:&quot;0&quot;,&quot;credit&quot;:&quot;&quot;,&quot;camera&quot;:&quot;&quot;,&quot;caption&quot;:&quot;&quot;,&quot;created_timestamp&quot;:&quot;1669218268&quot;,&quot;copyright&quot;:&quot;&quot;,&quot;focal_length&quot;:&quot;0&quot;,&quot;iso&quot;:&quot;0&quot;,&quot;shutter_speed&quot;:&quot;0&quot;,&quot;title&quot;:&quot;&quot;,&quot;orientation&quot;:&quot;1&quot;}\" data-image-title=\"canelones 4\" data-image-description=\"\" data-image-caption=\"\" data-large-file=\"https:\/\/www.hoymercedes.com.ar\/principal\/wp-content\/uploads\/2022\/11\/canelones-4.jpeg\" src=\"https:\/\/www.hoymercedes.com.ar\/principal\/wp-content\/uploads\/2022\/11\/canelones-4.jpeg\" alt=\"\" class=\"wp-image-155758\" srcset=\"https:\/\/www.hoymercedes.com.ar\/principal\/wp-content\/uploads\/2022\/11\/canelones-4.jpeg 800w, https:\/\/www.hoymercedes.com.ar\/principal\/wp-content\/uploads\/2022\/11\/canelones-4-630x421.jpeg 630w, https:\/\/www.hoymercedes.com.ar\/principal\/wp-content\/uploads\/2022\/11\/canelones-4-150x100.jpeg 150w\" sizes=\"auto, (max-width: 800px) 100vw, 800px\" \/><figcaption class=\"wp-element-caption\">Ver\u00f3nica Llinas representa a Chichita Casciari, mientras que Dar\u00edo Barassi interpreta a Hern\u00e1n Casciari, autor del cuento \u00abCanelones\u00bb<\/figcaption><\/figure>\n<\/div>\n\n\n<p>M\u00e1s de treinta a\u00f1os pasaron desde el falso documental que Hern\u00e1n Casciari y el Chiri Basilis hicieron en Mercedes. En donde un vecino era abducido por un plato volador y su \u201cviuda\u201d daba testimonio ante las c\u00e1maras de televisi\u00f3n de la ciudad.<\/p>\n\n\n\n<p>Pas\u00f3 el tiempo y los proyectos e ideas de los dos amigos fueron tomando otras formas. Con la tecnolog\u00eda y la distancia, nace el blog Orsai, donde Hern\u00e1n desde Espa\u00f1a escribe m\u00faltiples textos como una forma de comunicarse con amigos y familias. Diez a\u00f1os despu\u00e9s, el 28 de diciembre de 2011, sale el primer n\u00famero de la Revista Orsai, un medio sin publicidades con miles de subscriptores que reciben su edici\u00f3n impresa.<\/p>\n\n\n\n<p>Las ideas siguieron mutando, se actualizan y crecen d\u00eda a d\u00eda. Hace un tiempo, Chiri y Hern\u00e1n encabezan el proyecto denominado Comunidad Orsai y se crea la subdivisi\u00f3n de audiovisuales. As\u00ed empieza a darse forma a la pel\u00edcula basada en el libro de Pedro Mairal, \u201cLa Uruguaya\u201d que particip\u00f3 del Festival de Cine de Mar del Plata y seguir\u00e1 con el circuito de festivales hasta su estreno en el cine comercial y la distribuci\u00f3n por una pantalla de streaming.<\/p>\n\n\n<div class=\"wp-block-image\">\n<figure class=\"aligncenter size-full\"><img loading=\"lazy\" decoding=\"async\" width=\"800\" height=\"533\" data-attachment-id=\"155745\" data-permalink=\"https:\/\/www.hoymercedes.com.ar\/principal\/2022\/11\/23\/lanzan-encuesta-juventudes-con-voz-propia\/img_20221122_224107972\/#main\" data-orig-file=\"https:\/\/www.hoymercedes.com.ar\/principal\/wp-content\/uploads\/2022\/11\/IMG_20221122_224107972.jpg\" data-orig-size=\"800,533\" data-comments-opened=\"0\" data-image-meta=\"{&quot;aperture&quot;:&quot;0&quot;,&quot;credit&quot;:&quot;&quot;,&quot;camera&quot;:&quot;&quot;,&quot;caption&quot;:&quot;&quot;,&quot;created_timestamp&quot;:&quot;1669156869&quot;,&quot;copyright&quot;:&quot;&quot;,&quot;focal_length&quot;:&quot;0&quot;,&quot;iso&quot;:&quot;0&quot;,&quot;shutter_speed&quot;:&quot;0&quot;,&quot;title&quot;:&quot;&quot;,&quot;orientation&quot;:&quot;1&quot;}\" data-image-title=\"IMG_20221122_224107972\" data-image-description=\"\" data-image-caption=\"\" data-large-file=\"https:\/\/www.hoymercedes.com.ar\/principal\/wp-content\/uploads\/2022\/11\/IMG_20221122_224107972.jpg\" src=\"https:\/\/www.hoymercedes.com.ar\/principal\/wp-content\/uploads\/2022\/11\/IMG_20221122_224107972.jpg\" alt=\"\" class=\"wp-image-155745\" srcset=\"https:\/\/www.hoymercedes.com.ar\/principal\/wp-content\/uploads\/2022\/11\/IMG_20221122_224107972.jpg 800w, https:\/\/www.hoymercedes.com.ar\/principal\/wp-content\/uploads\/2022\/11\/IMG_20221122_224107972-630x420.jpg 630w, https:\/\/www.hoymercedes.com.ar\/principal\/wp-content\/uploads\/2022\/11\/IMG_20221122_224107972-150x100.jpg 150w, https:\/\/www.hoymercedes.com.ar\/principal\/wp-content\/uploads\/2022\/11\/IMG_20221122_224107972-700x465.jpg 700w\" sizes=\"auto, (max-width: 800px) 100vw, 800px\" \/><figcaption class=\"wp-element-caption\">Esperando para  grabar Agust\u00edn Aristar\u00e1n (representando al Chiri Basilis) y C\u00e9sar Bord\u00f3n (en el papel de Daniel). <\/figcaption><\/figure>\n<\/div>\n\n\n<p>La apuesta fue m\u00e1s grande. Se jugaron por adaptar uno de los cuentos de Casciari y armar la miniserie que por estos d\u00edas se graba en Mercedes. Basilis, adapta el texto para gui\u00f3n de audiovisual junto a Josefina Licitra y al autor del cuento original, pero se lanza a la \u201ccodirecci\u00f3n\u201d del proyecto acompa\u00f1ando a Ana Gussoni, quien fue asistente de direcci\u00f3n de la pel\u00edcula \u201cLa Uruguaya\u201d.<\/p>\n\n\n\n<p>\u201cLa idea de incursionar en el cine viene de arrastre. De aquellos a\u00f1os que hicimos los documentales en Mercedes. El mundo del cine era bastante inaccesible y m\u00e1s en esa \u00e9poca. Siempre qued\u00f3 pendiente. En Espa\u00f1a, presentamos algunos proyectos que quedaron en stand by y comenzamos el armado de la Revista Orsai. Y arranqu\u00e9 en el cine a trav\u00e9s del gui\u00f3n. La experiencia en Polka fue muy importante para agilizar la mano. Empezamos con la etapa de Orsai Audivisual con la idea de hacer una pel\u00edcula chiquita, barata, con direcci\u00f3n m\u00eda\u201d, cuenta El Chiri sobre el inicio de La Uruguaya.<\/p>\n\n\n\n<p>\u201cEsto de codirigir es una locura, para m\u00ed es un mundo nuevo. Desde afuera pensas que la tenes reclara, pero una vez adentro ves que no. Lo que hicismos fue rodearnos con profesionales, gente que sabe mucho y cualquier cagada que podamos mandarnos, se solucionan r\u00e1pido. Es lo que est\u00e1 pasando. Para nosotros, como Orsai, estos dos proyectos iniciales no deja de ser una experiencia de aprendizaje, es un curso intensivo de cine\u201d de aquello que no pudo hacer de adolescente porque eran muy caros. Ahora, junto a un equipo de producci\u00f3n que tiene m\u00e1s de 20 a\u00f1os de experiencia en cine.<\/p>\n\n\n<div class=\"wp-block-image\">\n<figure class=\"aligncenter size-full\"><img loading=\"lazy\" decoding=\"async\" width=\"800\" height=\"534\" data-attachment-id=\"155748\" data-permalink=\"https:\/\/www.hoymercedes.com.ar\/principal\/2022\/11\/23\/lanzan-encuesta-juventudes-con-voz-propia\/img_20221122_214833633\/#main\" data-orig-file=\"https:\/\/www.hoymercedes.com.ar\/principal\/wp-content\/uploads\/2022\/11\/IMG_20221122_214833633.jpg\" data-orig-size=\"800,534\" data-comments-opened=\"0\" data-image-meta=\"{&quot;aperture&quot;:&quot;0&quot;,&quot;credit&quot;:&quot;&quot;,&quot;camera&quot;:&quot;&quot;,&quot;caption&quot;:&quot;&quot;,&quot;created_timestamp&quot;:&quot;1669153716&quot;,&quot;copyright&quot;:&quot;&quot;,&quot;focal_length&quot;:&quot;0&quot;,&quot;iso&quot;:&quot;0&quot;,&quot;shutter_speed&quot;:&quot;0&quot;,&quot;title&quot;:&quot;&quot;,&quot;orientation&quot;:&quot;1&quot;}\" data-image-title=\"IMG_20221122_214833633\" data-image-description=\"\" data-image-caption=\"\" data-large-file=\"https:\/\/www.hoymercedes.com.ar\/principal\/wp-content\/uploads\/2022\/11\/IMG_20221122_214833633.jpg\" src=\"https:\/\/www.hoymercedes.com.ar\/principal\/wp-content\/uploads\/2022\/11\/IMG_20221122_214833633.jpg\" alt=\"\" class=\"wp-image-155748\" srcset=\"https:\/\/www.hoymercedes.com.ar\/principal\/wp-content\/uploads\/2022\/11\/IMG_20221122_214833633.jpg 800w, https:\/\/www.hoymercedes.com.ar\/principal\/wp-content\/uploads\/2022\/11\/IMG_20221122_214833633-630x421.jpg 630w, https:\/\/www.hoymercedes.com.ar\/principal\/wp-content\/uploads\/2022\/11\/IMG_20221122_214833633-150x100.jpg 150w\" sizes=\"auto, (max-width: 800px) 100vw, 800px\" \/><figcaption class=\"wp-element-caption\">Indicaciones de parte de los Directores Chiri Basilis y Ana Gussoni en la salida del teatro, donde se reproducir\u00e1 la lectura de cuentos de Casciari de 2015.  <\/figcaption><\/figure>\n<\/div>\n\n\n<p>Desde el lunes, elenco de \u201cCanelones\u201d est\u00e1 grabando en Mercedes. Hasta el jueves est\u00e1n haciendo el rodaje de diferentes escenas del gui\u00f3n adaptado. Unas de las primeras escenas fue en la calle 34 entre 19 y 25. Mientras que el martes y el mi\u00e9rcoles el Teatro Argentino Julio C. Gioscio fue el epicentro de las escenas. All\u00ed se reproduce la lectura de cuentos que Casciari hizo en Mercedes en octubre de 2015 en La Trocha. En tanto, el jueves, volver\u00e1n a las calles para grabar algunas escenas al aire libre.<\/p>\n\n\n\n<p>\u201cLa historia en s\u00ed transcurre en Mercedes. Pero la estamos repartiendo en distintas locaciones por una cuesti\u00f3n de log\u00edstica. Ac\u00e1 estamos haciendo el teatro y algunas calles con Barassi y Rada caminando por la ciudad como Hern\u00e1n y Chiri, esperando a irse. Lo que hace a interiores, que ser\u00eda la casa de los Casciari y la casa de Daniel, una est\u00e1 en Capital y la otra es la casa de Hurlingham donde grabamos la semana pasada\u201d, explic\u00f3 el Chiri Basilis sobre la producci\u00f3n que cuenta con m\u00e1s de 600 productores asociados de diferentes pa\u00edses.<\/p>\n\n\n\n<p>El elenco que encabezan Dar\u00edo Barassi (que interpreta a Hern\u00e1n Casciari, autor del cuento en el que est\u00e1 basado el gui\u00f3n de la serie), Agust\u00edn Aristar\u00e1n (interpretando a Chiri Basilis que adem\u00e1s forma parte del equipo de direcci\u00f3n de la serie), Ver\u00f3nica Llin\u00e1s (interpretando a Chichita Casciari) y C\u00e9sar Bord\u00f3n (Daniel, el malo de la serie) se hospedan en un campo en las afueras de Mercedes y vienen al centro en los horarios de grabaci\u00f3n, mientras la producci\u00f3n y direcci\u00f3n se hospeda en el hotel c\u00e9ntrico de la ciudad.<\/p>\n\n\n\n<p>Fotograf\u00edas: TeCleArte<\/p>\n\n\n\n<figure class=\"wp-block-gallery has-nested-images columns-default is-cropped wp-block-gallery-1 is-layout-flex wp-block-gallery-is-layout-flex\">\n<figure class=\"wp-block-image size-large\"><img loading=\"lazy\" decoding=\"async\" width=\"800\" height=\"533\" data-attachment-id=\"155759\" data-permalink=\"https:\/\/www.hoymercedes.com.ar\/principal\/2022\/11\/23\/chiri-basilis-para-orsai-estos-proyectos-son-una-experiencia-de-aprendizaje-un-curso-intensivo-de-cine\/canelones-3\/#main\" data-orig-file=\"https:\/\/www.hoymercedes.com.ar\/principal\/wp-content\/uploads\/2022\/11\/canelones-3.jpeg\" data-orig-size=\"800,533\" data-comments-opened=\"0\" data-image-meta=\"{&quot;aperture&quot;:&quot;0&quot;,&quot;credit&quot;:&quot;&quot;,&quot;camera&quot;:&quot;&quot;,&quot;caption&quot;:&quot;&quot;,&quot;created_timestamp&quot;:&quot;1669218262&quot;,&quot;copyright&quot;:&quot;&quot;,&quot;focal_length&quot;:&quot;0&quot;,&quot;iso&quot;:&quot;0&quot;,&quot;shutter_speed&quot;:&quot;0&quot;,&quot;title&quot;:&quot;&quot;,&quot;orientation&quot;:&quot;1&quot;}\" data-image-title=\"canelones 3\" data-image-description=\"\" data-image-caption=\"\" data-large-file=\"https:\/\/www.hoymercedes.com.ar\/principal\/wp-content\/uploads\/2022\/11\/canelones-3.jpeg\" data-id=\"155759\" src=\"https:\/\/www.hoymercedes.com.ar\/principal\/wp-content\/uploads\/2022\/11\/canelones-3.jpeg\" alt=\"\" class=\"wp-image-155759\" srcset=\"https:\/\/www.hoymercedes.com.ar\/principal\/wp-content\/uploads\/2022\/11\/canelones-3.jpeg 800w, https:\/\/www.hoymercedes.com.ar\/principal\/wp-content\/uploads\/2022\/11\/canelones-3-630x420.jpeg 630w, https:\/\/www.hoymercedes.com.ar\/principal\/wp-content\/uploads\/2022\/11\/canelones-3-150x100.jpeg 150w, https:\/\/www.hoymercedes.com.ar\/principal\/wp-content\/uploads\/2022\/11\/canelones-3-700x465.jpeg 700w\" sizes=\"auto, (max-width: 800px) 100vw, 800px\" \/><figcaption class=\"wp-element-caption\">Im\u00e1genes de la grabaci\u00f3n del martes<\/figcaption><\/figure>\n\n\n\n<figure class=\"wp-block-image size-large\"><img loading=\"lazy\" decoding=\"async\" width=\"800\" height=\"533\" data-attachment-id=\"155747\" data-permalink=\"https:\/\/www.hoymercedes.com.ar\/principal\/2022\/11\/23\/lanzan-encuesta-juventudes-con-voz-propia\/img_20221122_230329317\/#main\" data-orig-file=\"https:\/\/www.hoymercedes.com.ar\/principal\/wp-content\/uploads\/2022\/11\/IMG_20221122_230329317.jpg\" data-orig-size=\"800,533\" data-comments-opened=\"0\" data-image-meta=\"{&quot;aperture&quot;:&quot;0&quot;,&quot;credit&quot;:&quot;&quot;,&quot;camera&quot;:&quot;&quot;,&quot;caption&quot;:&quot;&quot;,&quot;created_timestamp&quot;:&quot;1669158211&quot;,&quot;copyright&quot;:&quot;&quot;,&quot;focal_length&quot;:&quot;0&quot;,&quot;iso&quot;:&quot;0&quot;,&quot;shutter_speed&quot;:&quot;0&quot;,&quot;title&quot;:&quot;&quot;,&quot;orientation&quot;:&quot;1&quot;}\" data-image-title=\"IMG_20221122_230329317\" data-image-description=\"\" data-image-caption=\"\" data-large-file=\"https:\/\/www.hoymercedes.com.ar\/principal\/wp-content\/uploads\/2022\/11\/IMG_20221122_230329317.jpg\" data-id=\"155747\" src=\"https:\/\/www.hoymercedes.com.ar\/principal\/wp-content\/uploads\/2022\/11\/IMG_20221122_230329317.jpg\" alt=\"\" class=\"wp-image-155747\" srcset=\"https:\/\/www.hoymercedes.com.ar\/principal\/wp-content\/uploads\/2022\/11\/IMG_20221122_230329317.jpg 800w, https:\/\/www.hoymercedes.com.ar\/principal\/wp-content\/uploads\/2022\/11\/IMG_20221122_230329317-630x420.jpg 630w, https:\/\/www.hoymercedes.com.ar\/principal\/wp-content\/uploads\/2022\/11\/IMG_20221122_230329317-150x100.jpg 150w, https:\/\/www.hoymercedes.com.ar\/principal\/wp-content\/uploads\/2022\/11\/IMG_20221122_230329317-700x465.jpg 700w\" sizes=\"auto, (max-width: 800px) 100vw, 800px\" \/><figcaption class=\"wp-element-caption\">Im\u00e1genes de la grabaci\u00f3n del martes<\/figcaption><\/figure>\n<\/figure>\n","protected":false},"excerpt":{"rendered":"<p>Orsai Audiovisual produce \u201cCanelones\u201d basada en un cuento de Hern\u00e1n Casciari con la adaptaci\u00f3n del Chiri Basilis que cuenta detalles de la producci\u00f3n y la historia que sucede en las calles de Mercedes. El elenco, que integran Dar\u00edo Barassi, Agust\u00edn \u201cRada\u201d Aristar\u00e1n, Ver\u00f3nica Llinas y C\u00e9sar Bord\u00f3n, estar\u00e1 filmando hasta el jueves hasta el jueves. <\/p>\n","protected":false},"author":1,"featured_media":155748,"comment_status":"closed","ping_status":"open","sticky":false,"template":"","format":"standard","meta":{"_monsterinsights_skip_tracking":false,"_monsterinsights_sitenote_active":false,"_monsterinsights_sitenote_note":"","_monsterinsights_sitenote_category":0,"jetpack_post_was_ever_published":false,"_jetpack_newsletter_access":"","_jetpack_dont_email_post_to_subs":false,"_jetpack_newsletter_tier_id":0,"_jetpack_memberships_contains_paywalled_content":false,"_jetpack_memberships_contains_paid_content":false,"footnotes":"","jetpack_publicize_message":"","jetpack_publicize_feature_enabled":true,"jetpack_social_post_already_shared":true,"jetpack_social_options":{"image_generator_settings":{"template":"highway","default_image_id":0,"font":"","enabled":false},"version":2},"_wpas_customize_per_network":false},"categories":[8],"tags":[18583,18584,5273,7805,14360,10],"class_list":["post-155757","post","type-post","status-publish","format-standard","has-post-thumbnail","hentry","category-sociedad","tag-canelones","tag-chiri-basilis","tag-cine","tag-cultura","tag-hernan-casciari-2","tag-mercedes","generate-columns","tablet-grid-50","mobile-grid-100","grid-parent","grid-50"],"jetpack_publicize_connections":[],"jetpack_featured_media_url":"https:\/\/www.hoymercedes.com.ar\/principal\/wp-content\/uploads\/2022\/11\/IMG_20221122_214833633.jpg","wps_subtitle":"","jetpack_sharing_enabled":true,"_links":{"self":[{"href":"https:\/\/www.hoymercedes.com.ar\/principal\/wp-json\/wp\/v2\/posts\/155757","targetHints":{"allow":["GET"]}}],"collection":[{"href":"https:\/\/www.hoymercedes.com.ar\/principal\/wp-json\/wp\/v2\/posts"}],"about":[{"href":"https:\/\/www.hoymercedes.com.ar\/principal\/wp-json\/wp\/v2\/types\/post"}],"author":[{"embeddable":true,"href":"https:\/\/www.hoymercedes.com.ar\/principal\/wp-json\/wp\/v2\/users\/1"}],"replies":[{"embeddable":true,"href":"https:\/\/www.hoymercedes.com.ar\/principal\/wp-json\/wp\/v2\/comments?post=155757"}],"version-history":[{"count":0,"href":"https:\/\/www.hoymercedes.com.ar\/principal\/wp-json\/wp\/v2\/posts\/155757\/revisions"}],"wp:featuredmedia":[{"embeddable":true,"href":"https:\/\/www.hoymercedes.com.ar\/principal\/wp-json\/wp\/v2\/media\/155748"}],"wp:attachment":[{"href":"https:\/\/www.hoymercedes.com.ar\/principal\/wp-json\/wp\/v2\/media?parent=155757"}],"wp:term":[{"taxonomy":"category","embeddable":true,"href":"https:\/\/www.hoymercedes.com.ar\/principal\/wp-json\/wp\/v2\/categories?post=155757"},{"taxonomy":"post_tag","embeddable":true,"href":"https:\/\/www.hoymercedes.com.ar\/principal\/wp-json\/wp\/v2\/tags?post=155757"}],"curies":[{"name":"wp","href":"https:\/\/api.w.org\/{rel}","templated":true}]}}