{"id":155772,"date":"2022-11-24T18:36:00","date_gmt":"2022-11-24T21:36:00","guid":{"rendered":"https:\/\/www.hoymercedes.com.ar\/principal\/?p=155772"},"modified":"2022-11-24T18:03:47","modified_gmt":"2022-11-24T21:03:47","slug":"he-nacido-para-verte-sonreir-una-puesta-maravillosa-y-poetica","status":"publish","type":"post","link":"https:\/\/www.hoymercedes.com.ar\/principal\/2022\/11\/24\/he-nacido-para-verte-sonreir-una-puesta-maravillosa-y-poetica\/","title":{"rendered":"\u00abHe nacido para verte sonre\u00edr\u00bb, una puesta maravillosa y po\u00e9tica"},"content":{"rendered":"\n<p>Por Susana\u00a0 Spano\u00a0\u00a0&#8211; <strong>Santiago Loza<\/strong> es un cineasta y dramaturgo argentino contempor\u00e1neo reconocido, no solo en nuestro pa\u00eds, sino en Latinoam\u00e9rica y Europa.\u00a0\u00a0<\/p>\n\n\n<div class=\"wp-block-image\">\n<figure class=\"aligncenter size-full\"><img loading=\"lazy\" decoding=\"async\" width=\"691\" height=\"460\" data-attachment-id=\"155773\" data-permalink=\"https:\/\/www.hoymercedes.com.ar\/principal\/2022\/11\/24\/he-nacido-para-verte-sonreir-una-puesta-maravillosa-y-poetica\/naiahuer-talia-1\/#main\" data-orig-file=\"https:\/\/www.hoymercedes.com.ar\/principal\/wp-content\/uploads\/2022\/11\/naiahuer-talia-1.jpeg\" data-orig-size=\"691,460\" data-comments-opened=\"0\" data-image-meta=\"{&quot;aperture&quot;:&quot;0&quot;,&quot;credit&quot;:&quot;&quot;,&quot;camera&quot;:&quot;&quot;,&quot;caption&quot;:&quot;&quot;,&quot;created_timestamp&quot;:&quot;1669308817&quot;,&quot;copyright&quot;:&quot;&quot;,&quot;focal_length&quot;:&quot;0&quot;,&quot;iso&quot;:&quot;0&quot;,&quot;shutter_speed&quot;:&quot;0&quot;,&quot;title&quot;:&quot;&quot;,&quot;orientation&quot;:&quot;1&quot;}\" data-image-title=\"naiahuer talia 1\" data-image-description=\"\" data-image-caption=\"\" data-large-file=\"https:\/\/www.hoymercedes.com.ar\/principal\/wp-content\/uploads\/2022\/11\/naiahuer-talia-1.jpeg\" src=\"https:\/\/www.hoymercedes.com.ar\/principal\/wp-content\/uploads\/2022\/11\/naiahuer-talia-1.jpeg\" alt=\"\" class=\"wp-image-155773\" srcset=\"https:\/\/www.hoymercedes.com.ar\/principal\/wp-content\/uploads\/2022\/11\/naiahuer-talia-1.jpeg 691w, https:\/\/www.hoymercedes.com.ar\/principal\/wp-content\/uploads\/2022\/11\/naiahuer-talia-1-630x419.jpeg 630w, https:\/\/www.hoymercedes.com.ar\/principal\/wp-content\/uploads\/2022\/11\/naiahuer-talia-1-150x100.jpeg 150w\" sizes=\"auto, (max-width: 691px) 100vw, 691px\" \/><\/figure>\n<\/div>\n\n\n<p>La caracter\u00edstica principal de su producci\u00f3n es indagar, sin concesiones, en sus personajes analiz\u00e1ndolos en sus m\u00e1s rec\u00f3nditos intersticios, para exponerlos ante el espectador.&nbsp;<\/p>\n\n\n\n<p>El 18 de noviembre, <strong>Jorge Naipauer<\/strong>, estren\u00f3 en el <strong>Teatro Tal\u00eda<\/strong>: <strong>\u201cHe Nacido para Verte Sonre\u00edr\u201d de Santiago Loza.<\/strong>&nbsp;<\/p>\n\n\n\n<p>La obra se inicia en la sala de una casa de clase media donde una madre y su hijo, aguardan la llegada del padre, con el que van a iniciar un viaje incierto.&nbsp;<\/p>\n\n\n\n<p>En las indicaciones esc\u00e9nicas que el autor proporciona, los personajes no tienen nombre \u2013 excepto la madre a quien designa: <strong>\u201cMiriam\u201d. <\/strong>Seg\u00fan los estudios antropon\u00edmicos se considera que el nombre <strong>Miriam <\/strong>es una variante del nombre hebreo <strong>Miriam<\/strong> y del \u00e1rabe <strong>Maryam<\/strong>, que significa <strong>\u201ceminente\u201d.&nbsp;<\/strong>&nbsp;<\/p>\n\n\n\n<p>El hecho de que los personajes carezcan de nombre, induce a pensar que<strong> Loza<\/strong> remite al arquetipo y, en el caso de la <strong>Madre,&nbsp;<\/strong> aunque posee uno, es el de <strong>\u201cMadre<\/strong>\u201d como un ser superior, elevado y prominente.&nbsp;<\/p>\n\n\n\n<p><strong>Miriam<\/strong> aborda un <strong><em>\u201cmon\u00f3logo\u201d<\/em><\/strong> en el que intenta llenar de palabras el silencio abismal en el que su hijo est\u00e1 inmerso. Su discurso comienza a guiar al espectador por la rutina diaria y, de manera subrepticia, despliega una interpelaci\u00f3n a su <strong><em>\u201cyo\u201d<\/em><\/strong> a qui\u00e9n est\u00e1n dirigidas sus palabras; esta t\u00e9cnica nos lleva a un momento esencial de la obra donde experimentamos la catarsis, el espejo y la identificaci\u00f3n con lo que est\u00e1 sucediendo en ese presente discursivo que tan bien maneja el autor.\u00a0<\/p>\n\n\n\n<p>A medida que el discurso de la Madre progresa, lo intelectual, lo reflexivo, lo l\u00f3gico desaparecen, manifest\u00e1ndose de un modo muy profundo, lo emocional y lo primitivamente humano. Ese lugar donde uno puede meterse adentro del otro para reconocer lo propio.&nbsp;<\/p>\n\n\n\n<p>As\u00ed, le dir\u00e1 a su hijo:\u00a0<br><strong>\u201c<em>A veces me sorprende tener un cuerpo.\u00a0<\/em><\/strong>\u00a0<br><strong><em>Y de que vos hayas salido de ese cuerpo\u201d(\u2026)<\/em><\/strong>\u00a0<\/p>\n\n\n\n<p>A partir de esa afirmaci\u00f3n, en la mujer se produce un ir y venir, donde el presente se mezcla con el pasado que interpela y, por momentos, la transforma en una criatura extraviada de s\u00ed misma, queriendo reencontrarse en el tr\u00e1nsito de ese recorrido.&nbsp;<\/p>\n\n\n\n<p>M\u00e1s tarde aparece el verdadero centro de la cuesti\u00f3n: el amor por el hijo con quien se siente una unidad:&nbsp;<\/p>\n\n\n\n<p><strong><em>(\u2026) \u201cUn hijo parte de una. Es un desprendimiento que una tiene del cuerpo. Algo que se form\u00f3 y sale. Y una mira esa cosa con asombro.<\/em><\/strong>\u00a0<br><strong><em>Me refiero a que te tuve tan adentro que te conozco mejor de lo que llegu\u00e9 a conocerme a m\u00ed misma\u201d<\/em><\/strong>\u00a0<\/p>\n\n\n<div class=\"wp-block-image\">\n<figure class=\"aligncenter size-full\"><img loading=\"lazy\" decoding=\"async\" width=\"800\" height=\"534\" data-attachment-id=\"155774\" data-permalink=\"https:\/\/www.hoymercedes.com.ar\/principal\/2022\/11\/24\/he-nacido-para-verte-sonreir-una-puesta-maravillosa-y-poetica\/naipahuer-talia-2\/#main\" data-orig-file=\"https:\/\/www.hoymercedes.com.ar\/principal\/wp-content\/uploads\/2022\/11\/naipahuer-talia-2.jpeg\" data-orig-size=\"800,534\" data-comments-opened=\"0\" data-image-meta=\"{&quot;aperture&quot;:&quot;0&quot;,&quot;credit&quot;:&quot;&quot;,&quot;camera&quot;:&quot;&quot;,&quot;caption&quot;:&quot;&quot;,&quot;created_timestamp&quot;:&quot;1669308834&quot;,&quot;copyright&quot;:&quot;&quot;,&quot;focal_length&quot;:&quot;0&quot;,&quot;iso&quot;:&quot;0&quot;,&quot;shutter_speed&quot;:&quot;0&quot;,&quot;title&quot;:&quot;&quot;,&quot;orientation&quot;:&quot;1&quot;}\" data-image-title=\"naipahuer talia 2\" data-image-description=\"\" data-image-caption=\"\" data-large-file=\"https:\/\/www.hoymercedes.com.ar\/principal\/wp-content\/uploads\/2022\/11\/naipahuer-talia-2.jpeg\" src=\"https:\/\/www.hoymercedes.com.ar\/principal\/wp-content\/uploads\/2022\/11\/naipahuer-talia-2.jpeg\" alt=\"\" class=\"wp-image-155774\" srcset=\"https:\/\/www.hoymercedes.com.ar\/principal\/wp-content\/uploads\/2022\/11\/naipahuer-talia-2.jpeg 800w, https:\/\/www.hoymercedes.com.ar\/principal\/wp-content\/uploads\/2022\/11\/naipahuer-talia-2-630x421.jpeg 630w, https:\/\/www.hoymercedes.com.ar\/principal\/wp-content\/uploads\/2022\/11\/naipahuer-talia-2-150x100.jpeg 150w\" sizes=\"auto, (max-width: 800px) 100vw, 800px\" \/><\/figure>\n<\/div>\n\n\n<p>Con esta afirmaci\u00f3n, aparece el deseo de la Madre y \u00e9ste no es algo que se pueda soportar o resultar indiferente para la otra parte.<strong><em> \u201cSiempre produce estragos\u201d, <\/em><\/strong>afirma <strong>Lacan.<\/strong> Su versi\u00f3n de la madre, es la de un ser esencialmente insaciable, omnipotente, bajo cuyas fauces se aloja el hijo.&nbsp;<\/p>\n\n\n\n<p><strong><em>(\u2026) \u201cVos saliste desde ah\u00ed dentro.\u00a0<\/em><\/strong>\u00a0<br><strong><em>\u00a0Por eso te manifestaste.\u00a0<\/em><\/strong>\u00a0<br><strong><em>Sos mi continuaci\u00f3n. Por eso te conozco tanto. Mejor de lo que nunca vas a llegar a conocerte\u201d (\u2026)<\/em><\/strong>\u00a0<\/p>\n\n\n\n<p>El final se aproxima y la Madre, parece volver a la realidad que la traspasa; esa voz contradictoria que la atraves\u00f3 como un torrente se aquieta, y sobreviene el final, donde al enfrentar al hijo, comprende que, aunque esa unidad no exista, aunque est\u00e9n quebrados, el deseo m\u00e1ximo de estos personajes, finalmente, es ser y&nbsp; poder reconocerse en el otro.&nbsp;<\/p>\n\n\n\n<p>Una obra narrada desde una sola voz, por momentos dulce e ingenua, por otros \u00e1spera, ardiente y avasallante, ejerce sobre el espectador una suerte de fascinaci\u00f3n fundada en el discurso de la Madre y el silencio proyectado hasta la categor\u00eda del grito en el hijo, exige de una puesta refinada y po\u00e9tica .&nbsp;<\/p>\n\n\n\n<p><strong>Jorge Naipauer<\/strong> es un director de excelencia y consigue crear un clima de irrealidad, donde los actores se mueven en una especie de <strong><em>\u201cdanza metaf\u00f3rica\u201d<\/em><\/strong> que tiene una din\u00e1mica dram\u00e1tica extraordinaria.&nbsp;<\/p>\n\n\n\n<p>Una referencia aparte merece el tratamiento que el director hace de la luz, al transformarla en un personaje m\u00e1s de la obra, creando un clima intimista y buc\u00f3lico, que hacia el final deja conmovido al espectador.&nbsp;<\/p>\n\n\n\n<p>Las actuaciones de <strong>Paula Celeri y Chipy Romero<\/strong> cumplen con las expectativas del texto. Destacamos la fluidez corporal de <strong>Romero<\/strong> y su expresividad manifiesta en cada una de sus intervenciones.&nbsp;<\/p>\n\n\n\n<p>Otro hallazgo de la puesta fue la incorporaci\u00f3n de la m\u00fasica de viol\u00edn, a cargo del <strong>Maestro Norberto Minces.<\/strong>&nbsp;<\/p>\n\n\n\n<p>En suma un espect\u00e1culo exquisito, que se despide este fin de semana y no hay que dejar de ver.&nbsp;<\/p>\n\n\n\n<p><strong>Reservas: 2324-641621\u00a0 \/\u00a0 2324-585300<\/strong>\u00a0<\/p>\n\n\n<div class=\"wp-block-image\">\n<figure class=\"aligncenter size-large\"><img loading=\"lazy\" decoding=\"async\" width=\"746\" height=\"1024\" data-attachment-id=\"155775\" data-permalink=\"https:\/\/www.hoymercedes.com.ar\/principal\/2022\/11\/24\/he-nacido-para-verte-sonreir-una-puesta-maravillosa-y-poetica\/funciones-teatro-naipauer\/#main\" data-orig-file=\"https:\/\/www.hoymercedes.com.ar\/principal\/wp-content\/uploads\/2022\/11\/funciones-teatro-naipauer-e1669320377301.jpeg\" data-orig-size=\"583,800\" data-comments-opened=\"0\" data-image-meta=\"{&quot;aperture&quot;:&quot;0&quot;,&quot;credit&quot;:&quot;&quot;,&quot;camera&quot;:&quot;&quot;,&quot;caption&quot;:&quot;&quot;,&quot;created_timestamp&quot;:&quot;0&quot;,&quot;copyright&quot;:&quot;&quot;,&quot;focal_length&quot;:&quot;0&quot;,&quot;iso&quot;:&quot;0&quot;,&quot;shutter_speed&quot;:&quot;0&quot;,&quot;title&quot;:&quot;&quot;,&quot;orientation&quot;:&quot;0&quot;}\" data-image-title=\"funciones teatro naipauer\" data-image-description=\"\" data-image-caption=\"\" data-large-file=\"https:\/\/www.hoymercedes.com.ar\/principal\/wp-content\/uploads\/2022\/11\/funciones-teatro-naipauer-746x1024.jpeg\" src=\"https:\/\/www.hoymercedes.com.ar\/principal\/wp-content\/uploads\/2022\/11\/funciones-teatro-naipauer-746x1024.jpeg\" alt=\"\" class=\"wp-image-155775\"\/><\/figure>\n<\/div>","protected":false},"excerpt":{"rendered":"<p>\u00abHe nacido para verte sonre\u00edr\u00bb vuelve a presentarse el viernes 25 y domingo 27 de noviembre en el Teatro Tal\u00eda. \u00abUna puesta maravillosa y po\u00e9tica\u00bb. Cr\u00edtica de Susana Spano. <\/p>\n","protected":false},"author":1,"featured_media":155774,"comment_status":"closed","ping_status":"open","sticky":false,"template":"","format":"standard","meta":{"_monsterinsights_skip_tracking":false,"_monsterinsights_sitenote_active":false,"_monsterinsights_sitenote_note":"","_monsterinsights_sitenote_category":0,"jetpack_post_was_ever_published":false,"_jetpack_newsletter_access":"","_jetpack_dont_email_post_to_subs":false,"_jetpack_newsletter_tier_id":0,"_jetpack_memberships_contains_paywalled_content":false,"_jetpack_memberships_contains_paid_content":false,"footnotes":"","jetpack_publicize_message":"","jetpack_publicize_feature_enabled":true,"jetpack_social_post_already_shared":true,"jetpack_social_options":{"image_generator_settings":{"template":"highway","default_image_id":0,"font":"","enabled":false},"version":2},"_wpas_customize_per_network":false},"categories":[104],"tags":[7805],"class_list":["post-155772","post","type-post","status-publish","format-standard","has-post-thumbnail","hentry","category-cultura","tag-cultura","generate-columns","tablet-grid-50","mobile-grid-100","grid-parent","grid-50"],"jetpack_publicize_connections":[],"jetpack_featured_media_url":"https:\/\/www.hoymercedes.com.ar\/principal\/wp-content\/uploads\/2022\/11\/naipahuer-talia-2.jpeg","wps_subtitle":"","jetpack_sharing_enabled":true,"_links":{"self":[{"href":"https:\/\/www.hoymercedes.com.ar\/principal\/wp-json\/wp\/v2\/posts\/155772","targetHints":{"allow":["GET"]}}],"collection":[{"href":"https:\/\/www.hoymercedes.com.ar\/principal\/wp-json\/wp\/v2\/posts"}],"about":[{"href":"https:\/\/www.hoymercedes.com.ar\/principal\/wp-json\/wp\/v2\/types\/post"}],"author":[{"embeddable":true,"href":"https:\/\/www.hoymercedes.com.ar\/principal\/wp-json\/wp\/v2\/users\/1"}],"replies":[{"embeddable":true,"href":"https:\/\/www.hoymercedes.com.ar\/principal\/wp-json\/wp\/v2\/comments?post=155772"}],"version-history":[{"count":0,"href":"https:\/\/www.hoymercedes.com.ar\/principal\/wp-json\/wp\/v2\/posts\/155772\/revisions"}],"wp:featuredmedia":[{"embeddable":true,"href":"https:\/\/www.hoymercedes.com.ar\/principal\/wp-json\/wp\/v2\/media\/155774"}],"wp:attachment":[{"href":"https:\/\/www.hoymercedes.com.ar\/principal\/wp-json\/wp\/v2\/media?parent=155772"}],"wp:term":[{"taxonomy":"category","embeddable":true,"href":"https:\/\/www.hoymercedes.com.ar\/principal\/wp-json\/wp\/v2\/categories?post=155772"},{"taxonomy":"post_tag","embeddable":true,"href":"https:\/\/www.hoymercedes.com.ar\/principal\/wp-json\/wp\/v2\/tags?post=155772"}],"curies":[{"name":"wp","href":"https:\/\/api.w.org\/{rel}","templated":true}]}}