{"id":155781,"date":"2022-11-24T13:26:00","date_gmt":"2022-11-24T16:26:00","guid":{"rendered":"https:\/\/www.hoymercedes.com.ar\/principal\/?p=155781"},"modified":"2022-11-24T17:33:32","modified_gmt":"2022-11-24T20:33:32","slug":"la-asamblea-de-mujeres-convoca-por-la-eliminacion-de-la-violencia-contra-las-mujeres","status":"publish","type":"post","link":"https:\/\/www.hoymercedes.com.ar\/principal\/2022\/11\/24\/la-asamblea-de-mujeres-convoca-por-la-eliminacion-de-la-violencia-contra-las-mujeres\/","title":{"rendered":"La Asamblea de Mujeres convoca por la Eliminaci\u00f3n de la Violencia contra las Mujeres"},"content":{"rendered":"\n<p>Por la AMM &#8211; El 25N es el D\u00eda Internacional de la Eliminaci\u00f3n de la Violencia contra las Mujeres.(este es el nombre oficial, creemos importante sumar a las DIVERSIDADES)<br>Sabemos que la violencia contra las mujeres y diversidades son de muchas formas y tipos. A lo largo de nuestra conformaci\u00f3n, nos han llegado numerosos casos sobre lo que consideramos Violencia Institucional, sin embargo, \u00bfpodr\u00edamos pensar en la Violencia Vicaria? Esta es una extensi\u00f3n de la Violencia de G\u00e9nero, que consiste en el arrebato del cuidado de nuestros hijes, con una justicia inoperante y patriarcal.<br>La Violencia Vicaria ya fue reconocida en Espa\u00f1a y M\u00e9xico, es una deuda que se reconozca esta figura en la Argentina.<br>Los Juzgados de Familia de nuestro pa\u00eds, en su mayor\u00eda, vulneran todos los derechos de las madres protectoras y de las ni\u00f1eces, lamentablemente, los Juzgados de Familia N\u00b01 y N\u00b0 2 de Mercedes, no son la excepci\u00f3n.<br>Tenemos testimonios de casos en los cuales las madres van recorriendo diferentes instituciones sin ning\u00fan tipo de repuesta por parte del Estado: madres que no pueden ver a sus hijes y ni\u00f1eces obligadas a revincularse con sus abusadores.<br>Desde la Asamblea sentimos la necesidad de visualizar esta problem\u00e1tica que vulnera derechos. Planteamos que desde quienes ejercen la Justicia dejen de emplear la violencia vicaria como m\u00e9todo de disciplinamiento para madres y abuelas que se animan a denunciar violencias. Es por ello que proponemos empezar hablar de esta problem\u00e1tica entre las diferentes instituciones, organizaciones sociales, partidos pol\u00edticos y la sociedad en su conjunto; comencemos a debatir estos temas para llegar a una soluci\u00f3n. Estaremos organizando plenarios para comenzar a ponerlo en la agenda pol\u00edtica, esperamos su compromiso con esta causa que se est\u00e1 atravesando en nuestra ciudad.<br>La idea es que juntes entre, las diferentes instituciones que abordan la problem\u00e1tica en g\u00e9nero, partidos pol\u00edticos, movimientos sociales y la comunidad en general, podamos pensar una forma para frenar este tipo de violencia.-<br>Tambi\u00e9n, en esta fecha no queremos dejar de denunciar la judicializaci\u00f3n de la emergencia obst\u00e9trica. En argentina hay m\u00e1s 1500 mujeres presas por no saber que estaban embarazadas.<br>Queremos resaltar el caso de Juana de Moreno, que esta presa hace 2 a\u00f1os, y su causa est\u00e1 en los tribunales de Mercedes.-<br>Por eso nos juntamos el d\u00eda 25 de noviembre a las 18 hs, en la Plaza San Martin, para visualizar esta problem\u00e1tica, como otras.<\/p>\n\n\n<div class=\"wp-block-image\">\n<figure class=\"aligncenter size-large is-resized\"><img decoding=\"async\" data-attachment-id=\"155782\" data-permalink=\"https:\/\/www.hoymercedes.com.ar\/principal\/2022\/11\/24\/la-asamblea-de-mujeres-convoca-por-la-eliminacion-de-la-violencia-contra-las-mujeres\/amm-25-n\/#main\" data-orig-file=\"https:\/\/www.hoymercedes.com.ar\/principal\/wp-content\/uploads\/2022\/11\/AMM-25-N-e1669321900295.jpeg\" data-orig-size=\"800,800\" data-comments-opened=\"0\" data-image-meta=\"{&quot;aperture&quot;:&quot;0&quot;,&quot;credit&quot;:&quot;&quot;,&quot;camera&quot;:&quot;&quot;,&quot;caption&quot;:&quot;&quot;,&quot;created_timestamp&quot;:&quot;0&quot;,&quot;copyright&quot;:&quot;&quot;,&quot;focal_length&quot;:&quot;0&quot;,&quot;iso&quot;:&quot;0&quot;,&quot;shutter_speed&quot;:&quot;0&quot;,&quot;title&quot;:&quot;&quot;,&quot;orientation&quot;:&quot;0&quot;}\" data-image-title=\"AMM 25 N\" data-image-description=\"\" data-image-caption=\"\" data-large-file=\"https:\/\/www.hoymercedes.com.ar\/principal\/wp-content\/uploads\/2022\/11\/AMM-25-N-1024x1024.jpeg\" src=\"https:\/\/www.hoymercedes.com.ar\/principal\/wp-content\/uploads\/2022\/11\/AMM-25-N-1024x1024.jpeg\" alt=\"\" class=\"wp-image-155782\" width=\"-243\" height=\"-243\"\/><\/figure>\n<\/div>","protected":false},"excerpt":{"rendered":"<p>La Asamblea de Mujeres Mercedinas convoca a la comunidad a participar del encuentro en el marco del D\u00eda de la Eliminaci\u00f3n de la Violencia contra las Mujeres. El encuentro es el 25 de noviembre, 18 horas, en la Plaza San Mart\u00edn. <\/p>\n","protected":false},"author":1,"featured_media":155782,"comment_status":"closed","ping_status":"open","sticky":false,"template":"","format":"standard","meta":{"_monsterinsights_skip_tracking":false,"_monsterinsights_sitenote_active":false,"_monsterinsights_sitenote_note":"","_monsterinsights_sitenote_category":0,"jetpack_post_was_ever_published":false,"_jetpack_newsletter_access":"","_jetpack_dont_email_post_to_subs":false,"_jetpack_newsletter_tier_id":0,"_jetpack_memberships_contains_paywalled_content":false,"_jetpack_memberships_contains_paid_content":false,"footnotes":"","jetpack_publicize_message":"","jetpack_publicize_feature_enabled":true,"jetpack_social_post_already_shared":true,"jetpack_social_options":{"image_generator_settings":{"template":"highway","default_image_id":0,"font":"","enabled":false},"version":2},"_wpas_customize_per_network":false},"categories":[8],"tags":[],"class_list":["post-155781","post","type-post","status-publish","format-standard","has-post-thumbnail","hentry","category-sociedad","generate-columns","tablet-grid-50","mobile-grid-100","grid-parent","grid-50"],"jetpack_publicize_connections":[],"jetpack_featured_media_url":"https:\/\/www.hoymercedes.com.ar\/principal\/wp-content\/uploads\/2022\/11\/AMM-25-N-e1669321900295.jpeg","wps_subtitle":"","jetpack_sharing_enabled":true,"_links":{"self":[{"href":"https:\/\/www.hoymercedes.com.ar\/principal\/wp-json\/wp\/v2\/posts\/155781","targetHints":{"allow":["GET"]}}],"collection":[{"href":"https:\/\/www.hoymercedes.com.ar\/principal\/wp-json\/wp\/v2\/posts"}],"about":[{"href":"https:\/\/www.hoymercedes.com.ar\/principal\/wp-json\/wp\/v2\/types\/post"}],"author":[{"embeddable":true,"href":"https:\/\/www.hoymercedes.com.ar\/principal\/wp-json\/wp\/v2\/users\/1"}],"replies":[{"embeddable":true,"href":"https:\/\/www.hoymercedes.com.ar\/principal\/wp-json\/wp\/v2\/comments?post=155781"}],"version-history":[{"count":0,"href":"https:\/\/www.hoymercedes.com.ar\/principal\/wp-json\/wp\/v2\/posts\/155781\/revisions"}],"wp:featuredmedia":[{"embeddable":true,"href":"https:\/\/www.hoymercedes.com.ar\/principal\/wp-json\/wp\/v2\/media\/155782"}],"wp:attachment":[{"href":"https:\/\/www.hoymercedes.com.ar\/principal\/wp-json\/wp\/v2\/media?parent=155781"}],"wp:term":[{"taxonomy":"category","embeddable":true,"href":"https:\/\/www.hoymercedes.com.ar\/principal\/wp-json\/wp\/v2\/categories?post=155781"},{"taxonomy":"post_tag","embeddable":true,"href":"https:\/\/www.hoymercedes.com.ar\/principal\/wp-json\/wp\/v2\/tags?post=155781"}],"curies":[{"name":"wp","href":"https:\/\/api.w.org\/{rel}","templated":true}]}}