{"id":155786,"date":"2022-11-24T19:30:00","date_gmt":"2022-11-24T22:30:00","guid":{"rendered":"https:\/\/www.hoymercedes.com.ar\/principal\/?p=155786"},"modified":"2022-11-25T07:54:14","modified_gmt":"2022-11-25T10:54:14","slug":"dejemos-de-enganarnos-el-aumento-de-temperatura-se-debe-al-cambio-climatico","status":"publish","type":"post","link":"https:\/\/www.hoymercedes.com.ar\/principal\/2022\/11\/24\/dejemos-de-enganarnos-el-aumento-de-temperatura-se-debe-al-cambio-climatico\/","title":{"rendered":"Dejemos de enga\u00f1arnos, el aumento de temperatura se debe al cambio clim\u00e1tico\u00a0"},"content":{"rendered":"\n<p>Por Cristi\u00e1n Frers &#8211; A estas alturas, ya resulta claro que el cambio clim\u00e1tico presenta riesgos ambientales m\u00e1s all\u00e1 de cualquier cosa que se haya visto en la era moderna.\u00a0<\/p>\n\n\n\n<p>El clima ejerce una enorme influencia en nuestras vidas. Determina la naturaleza de cada lugar y, al final, tambi\u00e9n influye en la cultura y medios de vida de todas las localidades y las regiones de nuestro planeta.&nbsp;<\/p>\n\n\n\n<p>No es una novedad que cambie, s\u00ed que lo haga tan r\u00e1pido. Sabemos que el clima es un sistema complejo y cambiante de circulaci\u00f3n del aire de la atm\u00f3sfera en permanente intercambio de energ\u00eda con el mar y la superficie terrestre, y tambi\u00e9n que en otras \u00e9pocas era muy diferente al actual.&nbsp;<\/p>\n\n\n\n<p>En el a\u00f1o 2022, las extremas olas de calor, las sequ\u00edas y las devastadoras inundaciones afectaron a millones de personas y ocasionaron p\u00e9rdidas valuadas en miles de millones de d\u00f3lares.&nbsp;<\/p>\n\n\n\n<p>El aumento de la temperatura podr\u00eda llegar a los 2,6 grados cent\u00edgrados hacia fines de siglo, e incluso podr\u00eda ser a\u00fan mayor, alcanzando los 2,8 grados cent\u00edgrados. Esto dejar\u00eda muy lejos el objetivo de evitar que la temperatura se incremente en promedio 1,5 grados cent\u00edgrados, con un l\u00edmite m\u00e1ximo de 2 grados cent\u00edgrados como establece el Acuerdo de Par\u00eds.&nbsp;<\/p>\n\n\n\n<p>Los signos vitales de la Tierra han alcanzado el c\u00f3digo rojo y la humanidad se enfrenta inequ\u00edvocamente una\u202femergencia clim\u00e1tica.&nbsp;<\/p>\n\n\n\n<p>Las emisiones globales de di\u00f3xido de carbono (CO\u2082),\u202fel principal gas de efecto invernadero, ligadas a los combustibles f\u00f3siles volver\u00e1n a marcar un m\u00e1ximo hist\u00f3rico este a\u00f1o, lo que aleja cada vez m\u00e1s el objetivo de que el calentamiento provocado por el ser humano\u202fsea lo menos catastr\u00f3fico posible.&nbsp;<\/p>\n\n\n\n<p>Los nuevos datos que ilustran la frecuencia cada vez mayor de los\u202feventos de calor extremo como la mayor prevalencia del virus del dengue transmitido por mosquitos y la creciente p\u00e9rdida global de la cubierta forestal debido a los incendios. Se se\u00f1ala que los niveles de di\u00f3xido de carbono en la atm\u00f3sfera han alcanzado las 418 partes por mill\u00f3n (0,04 %), los m\u00e1s altos registrados.&nbsp;<\/p>\n\n\n\n<p>Tengan en cuenta todas estas olas de calor, incendios, inundaciones y tormentas masivas, El espectro del cambio clim\u00e1tico est\u00e1 a la puerta y golpeara con fuerza.&nbsp;<\/p>\n\n\n\n<p>A medida que las temperaturas de la Tierra aumentan, la frecuencia o la magnitud de algunos tipos de desastres clim\u00e1ticos en realidad pueden estar aumentando. Se insta a todo profesional relacionado con el Medio Ambiente, Bi\u00f3logos o Climat\u00f3logos de todo el mundo a hablar sobre el cambio clim\u00e1tico.&nbsp;<\/p>\n\n\n\n<p>Como se puede observar por los aumentos repentinos anuales en los desastres clim\u00e1ticos, estamos en medio de una gran crisis clim\u00e1tica, y lo peor est\u00e1 por venir si seguimos haciendo las cosas como las hemos estado haciendo.&nbsp;<\/p>\n\n\n\n<p>A simple vista, que la marca t\u00e9rmica argentina suba un grado puede parecer insignificante. Pero las consecuencias, en verdad, no lo son como muestra el pasado reciente. En los \u00faltimos 150 a\u00f1os la temperatura promedio del planeta aument\u00f3 0.6\u00ba y 0.7\u00ba y los efectos no dejan de repercutir: glaciares en retroceso, derriti\u00e9ndose; el mar se calent\u00f3 al menos 0.6\u00ba y las lluvias cayeron en \u00e1reas hasta entonces inh\u00f3spitas. Sin ir muy lejos, tranqueras adentro de la Argentina, las mayores precipitaciones permitieron que la frontera agr\u00edcola avance 200 kil\u00f3metros hacia el oeste del pa\u00eds en una franja que va desde La Pampa hasta Santiago del Estero y que hasta la d\u00e9cada del 60 era considerada semi\u00e1rida.&nbsp;<\/p>\n\n\n\n<p>Esta zona que ahora es productiva, no parece tan claro que en las pr\u00f3ximas d\u00e9cadas siga teniendo las condiciones clim\u00e1ticas tan favorables, dado que el incremento de la temperatura no estar\u00e1 acompa\u00f1ado por una tendencia sostenida de precipitaciones&nbsp;<\/p>\n\n\n\n<p>El cambio clim\u00e1tico no es un problema independiente. Para evitar m\u00e1s sufrimiento humano, debemos proteger la naturaleza, eliminar la mayor\u00eda de las emisiones de combustibles f\u00f3siles y apoyar adaptaciones clim\u00e1ticas socialmente justas con un enfoque integral en todas las \u00e1reas.&nbsp;&nbsp;<\/p>\n\n\n\n<p>Si la Tierra est\u00e1 molesta, cada vez m\u00e1s enojada, es por culpa de todos. Cada vez le hacemos m\u00e1s da\u00f1o. Y cuando la culpa es de todos, no significa que ella no sea de nadie en particular. Es de cada uno, seg\u00fan su grado de responsabilidad.&nbsp;<\/p>\n\n\n\n<p>Todos somos responsables de los cambios que ya hemos provocado en la Tierra, y de los que vendr\u00e1n. Pero en nuestras manos, est\u00e1 el que las pr\u00f3ximas generaciones reciban, como m\u00ednimo, el mismo planeta que las generaciones actuales heredaron de sus padres.&nbsp;<\/p>\n\n\n\n<p>*Cristi\u00e1n Frers \u2013 T\u00e9cnico Superior en Gesti\u00f3n Ambiental y T\u00e9cnico Superior en Comunicaci\u00f3n Social (Periodista).\u00a0<\/p>\n","protected":false},"excerpt":{"rendered":"<p>Por Cristi\u00e1n Frers &#8211; A estas alturas, ya resulta claro que el cambio clim\u00e1tico presenta riesgos ambientales m\u00e1s all\u00e1 de cualquier cosa que se haya visto en la era moderna.\u00a0<\/p>\n","protected":false},"author":1,"featured_media":143935,"comment_status":"closed","ping_status":"open","sticky":false,"template":"","format":"standard","meta":{"_monsterinsights_skip_tracking":false,"_monsterinsights_sitenote_active":false,"_monsterinsights_sitenote_note":"","_monsterinsights_sitenote_category":0,"jetpack_post_was_ever_published":false,"_jetpack_newsletter_access":"","_jetpack_dont_email_post_to_subs":false,"_jetpack_newsletter_tier_id":0,"_jetpack_memberships_contains_paywalled_content":false,"_jetpack_memberships_contains_paid_content":false,"footnotes":"","jetpack_publicize_message":"","jetpack_publicize_feature_enabled":true,"jetpack_social_post_already_shared":true,"jetpack_social_options":{"image_generator_settings":{"template":"highway","default_image_id":0,"font":"","enabled":false},"version":2},"_wpas_customize_per_network":false},"categories":[1],"tags":[13876,43,8748],"class_list":["post-155786","post","type-post","status-publish","format-standard","has-post-thumbnail","hentry","category-opinion","tag-cambio-climatico","tag-medio-ambiente","tag-opinion","generate-columns","tablet-grid-50","mobile-grid-100","grid-parent","grid-50"],"jetpack_publicize_connections":[],"jetpack_featured_media_url":"https:\/\/www.hoymercedes.com.ar\/principal\/wp-content\/uploads\/2022\/02\/ambiente-cambio-climatico.jpg","wps_subtitle":"Nota de opini\u00f3n","jetpack_sharing_enabled":true,"_links":{"self":[{"href":"https:\/\/www.hoymercedes.com.ar\/principal\/wp-json\/wp\/v2\/posts\/155786","targetHints":{"allow":["GET"]}}],"collection":[{"href":"https:\/\/www.hoymercedes.com.ar\/principal\/wp-json\/wp\/v2\/posts"}],"about":[{"href":"https:\/\/www.hoymercedes.com.ar\/principal\/wp-json\/wp\/v2\/types\/post"}],"author":[{"embeddable":true,"href":"https:\/\/www.hoymercedes.com.ar\/principal\/wp-json\/wp\/v2\/users\/1"}],"replies":[{"embeddable":true,"href":"https:\/\/www.hoymercedes.com.ar\/principal\/wp-json\/wp\/v2\/comments?post=155786"}],"version-history":[{"count":0,"href":"https:\/\/www.hoymercedes.com.ar\/principal\/wp-json\/wp\/v2\/posts\/155786\/revisions"}],"wp:featuredmedia":[{"embeddable":true,"href":"https:\/\/www.hoymercedes.com.ar\/principal\/wp-json\/wp\/v2\/media\/143935"}],"wp:attachment":[{"href":"https:\/\/www.hoymercedes.com.ar\/principal\/wp-json\/wp\/v2\/media?parent=155786"}],"wp:term":[{"taxonomy":"category","embeddable":true,"href":"https:\/\/www.hoymercedes.com.ar\/principal\/wp-json\/wp\/v2\/categories?post=155786"},{"taxonomy":"post_tag","embeddable":true,"href":"https:\/\/www.hoymercedes.com.ar\/principal\/wp-json\/wp\/v2\/tags?post=155786"}],"curies":[{"name":"wp","href":"https:\/\/api.w.org\/{rel}","templated":true}]}}