{"id":155791,"date":"2022-11-25T07:27:00","date_gmt":"2022-11-25T10:27:00","guid":{"rendered":"https:\/\/www.hoymercedes.com.ar\/principal\/?p=155791"},"modified":"2022-11-25T07:53:42","modified_gmt":"2022-11-25T10:53:42","slug":"municipio-organiza-segunda-fiesta-del-orgullo","status":"publish","type":"post","link":"https:\/\/www.hoymercedes.com.ar\/principal\/2022\/11\/25\/municipio-organiza-segunda-fiesta-del-orgullo\/","title":{"rendered":"Municipio organiza segunda fiesta del orgullo"},"content":{"rendered":"\n<p>Por Prensa Municipal &#8211; El pr\u00f3ximo 26 de noviembre se llevar\u00e1 adelante la Segunda Fiesta del Orgullo en Mercedes. La fiesta ser\u00e1 en e C.C. La Trocha y comenzar\u00e1 a partir de las 20:30, con la conducci\u00f3n de Nicole Castro y Vanesa Strauch. Previamente se realizar\u00e1 la <a href=\"https:\/\/www.hoymercedes.com.ar\/principal\/2022\/11\/17\/realizaran-la-primera-marcha-del-orgullo-en-mercedes\/\" data-type=\"post\" data-id=\"155454\">primera marcha del colectivo LGTBIQ+<\/a> que lo que busca es remarcar y reivindicar las banderas de la diversidad, la libertad y de la igualdad.<\/p>\n\n\n<div class=\"wp-block-image\">\n<figure class=\"aligncenter size-full\"><img loading=\"lazy\" decoding=\"async\" width=\"901\" height=\"901\" data-attachment-id=\"155823\" data-permalink=\"https:\/\/www.hoymercedes.com.ar\/principal\/2022\/11\/25\/municipio-organiza-segunda-fiesta-del-orgullo\/fiesta-orgullo\/#main\" data-orig-file=\"https:\/\/www.hoymercedes.com.ar\/principal\/wp-content\/uploads\/2022\/11\/fiesta-orgullo.jpg\" data-orig-size=\"901,901\" data-comments-opened=\"0\" data-image-meta=\"{&quot;aperture&quot;:&quot;0&quot;,&quot;credit&quot;:&quot;&quot;,&quot;camera&quot;:&quot;&quot;,&quot;caption&quot;:&quot;&quot;,&quot;created_timestamp&quot;:&quot;0&quot;,&quot;copyright&quot;:&quot;&quot;,&quot;focal_length&quot;:&quot;0&quot;,&quot;iso&quot;:&quot;0&quot;,&quot;shutter_speed&quot;:&quot;0&quot;,&quot;title&quot;:&quot;&quot;,&quot;orientation&quot;:&quot;0&quot;}\" data-image-title=\"fiesta orgullo\" data-image-description=\"\" data-image-caption=\"\" data-large-file=\"https:\/\/www.hoymercedes.com.ar\/principal\/wp-content\/uploads\/2022\/11\/fiesta-orgullo.jpg\" src=\"https:\/\/www.hoymercedes.com.ar\/principal\/wp-content\/uploads\/2022\/11\/fiesta-orgullo.jpg\" alt=\"\" class=\"wp-image-155823\" srcset=\"https:\/\/www.hoymercedes.com.ar\/principal\/wp-content\/uploads\/2022\/11\/fiesta-orgullo.jpg 901w, https:\/\/www.hoymercedes.com.ar\/principal\/wp-content\/uploads\/2022\/11\/fiesta-orgullo-620x620.jpg 620w, https:\/\/www.hoymercedes.com.ar\/principal\/wp-content\/uploads\/2022\/11\/fiesta-orgullo-150x150.jpg 150w\" sizes=\"auto, (max-width: 901px) 100vw, 901px\" \/><\/figure>\n<\/div>\n\n\n<p>Desde la direcci\u00f3n de Pol\u00edticas de G\u00e9neros y Diversidades municipal se viene desarrollando un gran trabajo, donde tambi\u00e9n, en esta oportunidad, se suma e impulsa estas propuestas. La Lic. Guadalupe Gonz\u00e1lez, directora del \u00e1rea, cont\u00f3 \u201cesta fiesta hace eco de lo que viene sucediendo a nivel nacional, donde el colectivo LGTBIQ+ de nuestra ciudad est\u00e1 organizando esta marcha, donde, adem\u00e1s, estar\u00e1 la fiesta que realizaremos en la Trocha con un mont\u00f3n de actividades art\u00edsticas\u201d y agreg\u00f3 \u201cel mes de noviembre es un mes que se celebra el orgullo, por lo que vamos a estar con una propuesta art\u00edstica super interesante, por lo que vamos a estar desde las 20:30 en C.C. La Trocha disfrutando de un mont\u00f3n de actividades, m\u00fasica en vivo, bailes\u201d.<\/p>\n\n\n\n<p>\u201cEsta fiesta da el cierre a una serie de eventos que fuimos haciendo durante el a\u00f1o, llenos de mucha emoci\u00f3n y disfrute\u201d se\u00f1al\u00f3 Gonz\u00e1lez.<\/p>\n\n\n\n<p>En cuanto a la marcha, la directora de Pol\u00edticas de G\u00e9neros y Diversidades apunt\u00f3 \u201cestamos muy contentos que pueda desarrollarse esta marcha, esta es la primera en nuestra ciudad, y eso habla que un colectivo se est\u00e1 organizado para poder visibilizarse y luchar por sus derechos\u201d. &nbsp;&nbsp;<\/p>\n\n\n\n<p>Algunas de las actividades que se podr\u00e1n disfrutar:<br>-Malambo Fantas\u00eda \u201cPasi\u00f3n Gaucha\u201d, Gauche Disidente \u201cLegon Queen\u201d, DJ SET CutClan + Drag<br>-Rap Maga Arce, Banda en Vivo \u201cPara Luego es Tarde\u201d, Vientos de Metal Conurbalkan<br>-Poes\u00eda Ambientada con; Lu Lascano, Alejandra, Sol Abelleira, Rechina, Nerina Coronel, Enzo Vivas.<br>Y cierra la reconocida banda de m\u00fasica tropical: Sudor Marika<\/p>\n","protected":false},"excerpt":{"rendered":"<p>El pr\u00f3ximo 26 de noviembre se llevar\u00e1 adelante la Segunda Fiesta del Orgullo en Mercedes. La fiesta ser\u00e1 en e C.C. La Trocha y comenzar\u00e1 a partir de las 20:30, con la conducci\u00f3n de Nicole Castro y Vanesa Strauch<\/p>\n","protected":false},"author":1,"featured_media":155823,"comment_status":"closed","ping_status":"open","sticky":false,"template":"","format":"standard","meta":{"_monsterinsights_skip_tracking":false,"_monsterinsights_sitenote_active":false,"_monsterinsights_sitenote_note":"","_monsterinsights_sitenote_category":0,"jetpack_post_was_ever_published":false,"_jetpack_newsletter_access":"","_jetpack_dont_email_post_to_subs":false,"_jetpack_newsletter_tier_id":0,"_jetpack_memberships_contains_paywalled_content":false,"_jetpack_memberships_contains_paid_content":false,"footnotes":"","jetpack_publicize_message":"","jetpack_publicize_feature_enabled":true,"jetpack_social_post_already_shared":true,"jetpack_social_options":{"image_generator_settings":{"template":"highway","default_image_id":0,"font":"","enabled":false},"version":2},"_wpas_customize_per_network":false},"categories":[8],"tags":[],"class_list":["post-155791","post","type-post","status-publish","format-standard","has-post-thumbnail","hentry","category-sociedad","generate-columns","tablet-grid-50","mobile-grid-100","grid-parent","grid-50"],"jetpack_publicize_connections":[],"jetpack_featured_media_url":"https:\/\/www.hoymercedes.com.ar\/principal\/wp-content\/uploads\/2022\/11\/fiesta-orgullo.jpg","wps_subtitle":"Para este s\u00e1bado","jetpack_sharing_enabled":true,"_links":{"self":[{"href":"https:\/\/www.hoymercedes.com.ar\/principal\/wp-json\/wp\/v2\/posts\/155791","targetHints":{"allow":["GET"]}}],"collection":[{"href":"https:\/\/www.hoymercedes.com.ar\/principal\/wp-json\/wp\/v2\/posts"}],"about":[{"href":"https:\/\/www.hoymercedes.com.ar\/principal\/wp-json\/wp\/v2\/types\/post"}],"author":[{"embeddable":true,"href":"https:\/\/www.hoymercedes.com.ar\/principal\/wp-json\/wp\/v2\/users\/1"}],"replies":[{"embeddable":true,"href":"https:\/\/www.hoymercedes.com.ar\/principal\/wp-json\/wp\/v2\/comments?post=155791"}],"version-history":[{"count":0,"href":"https:\/\/www.hoymercedes.com.ar\/principal\/wp-json\/wp\/v2\/posts\/155791\/revisions"}],"wp:featuredmedia":[{"embeddable":true,"href":"https:\/\/www.hoymercedes.com.ar\/principal\/wp-json\/wp\/v2\/media\/155823"}],"wp:attachment":[{"href":"https:\/\/www.hoymercedes.com.ar\/principal\/wp-json\/wp\/v2\/media?parent=155791"}],"wp:term":[{"taxonomy":"category","embeddable":true,"href":"https:\/\/www.hoymercedes.com.ar\/principal\/wp-json\/wp\/v2\/categories?post=155791"},{"taxonomy":"post_tag","embeddable":true,"href":"https:\/\/www.hoymercedes.com.ar\/principal\/wp-json\/wp\/v2\/tags?post=155791"}],"curies":[{"name":"wp","href":"https:\/\/api.w.org\/{rel}","templated":true}]}}