{"id":155793,"date":"2022-11-24T22:56:58","date_gmt":"2022-11-25T01:56:58","guid":{"rendered":"https:\/\/www.hoymercedes.com.ar\/principal\/?p=155793"},"modified":"2022-11-25T07:19:05","modified_gmt":"2022-11-25T10:19:05","slug":"investigacion-mercedina-con-allanamientos-en-conurbano-esclarece-robos","status":"publish","type":"post","link":"https:\/\/www.hoymercedes.com.ar\/principal\/2022\/11\/24\/investigacion-mercedina-con-allanamientos-en-conurbano-esclarece-robos\/","title":{"rendered":"Investigaci\u00f3n mercedina con allanamientos en conurbano esclarece robos"},"content":{"rendered":"\n<figure class=\"wp-block-image size-large\"><img loading=\"lazy\" decoding=\"async\" width=\"1024\" height=\"981\" data-attachment-id=\"155794\" data-permalink=\"https:\/\/www.hoymercedes.com.ar\/principal\/2022\/11\/24\/investigacion-mercedina-con-allanamientos-en-conurbano-esclarece-robos\/allanamientobanfield\/#main\" data-orig-file=\"https:\/\/www.hoymercedes.com.ar\/principal\/wp-content\/uploads\/2022\/11\/AllanamientoBanfield.jpeg\" data-orig-size=\"1048,1004\" data-comments-opened=\"0\" data-image-meta=\"{&quot;aperture&quot;:&quot;0&quot;,&quot;credit&quot;:&quot;&quot;,&quot;camera&quot;:&quot;&quot;,&quot;caption&quot;:&quot;&quot;,&quot;created_timestamp&quot;:&quot;0&quot;,&quot;copyright&quot;:&quot;&quot;,&quot;focal_length&quot;:&quot;0&quot;,&quot;iso&quot;:&quot;0&quot;,&quot;shutter_speed&quot;:&quot;0&quot;,&quot;title&quot;:&quot;&quot;,&quot;orientation&quot;:&quot;0&quot;}\" data-image-title=\"AllanamientoBanfield\" data-image-description=\"\" data-image-caption=\"\" data-large-file=\"https:\/\/www.hoymercedes.com.ar\/principal\/wp-content\/uploads\/2022\/11\/AllanamientoBanfield-1024x981.jpeg\" src=\"https:\/\/www.hoymercedes.com.ar\/principal\/wp-content\/uploads\/2022\/11\/AllanamientoBanfield-1024x981.jpeg\" alt=\"\" class=\"wp-image-155794\" srcset=\"https:\/\/www.hoymercedes.com.ar\/principal\/wp-content\/uploads\/2022\/11\/AllanamientoBanfield-1024x981.jpeg 1024w, https:\/\/www.hoymercedes.com.ar\/principal\/wp-content\/uploads\/2022\/11\/AllanamientoBanfield-630x604.jpeg 630w, https:\/\/www.hoymercedes.com.ar\/principal\/wp-content\/uploads\/2022\/11\/AllanamientoBanfield-150x144.jpeg 150w, https:\/\/www.hoymercedes.com.ar\/principal\/wp-content\/uploads\/2022\/11\/AllanamientoBanfield.jpeg 1048w\" sizes=\"auto, (max-width: 1024px) 100vw, 1024px\" \/><\/figure>\n\n\n\n<p>Tras una amplia investigaci\u00f3n que requiri\u00f3 m\u00faltiples diligencias se logr\u00f3 esclarecer varios hechos delictivos en Mercedes y la zona con allanamientos en Banfield, Bernal y Lan\u00fas. Actu\u00f3 la Polic\u00eda Comunal y la justicia de Mercedes. Se recuperaron elementos de valor y probatorios sumamente valiosos para la causa.<\/p>\n\n\n\n<p>Con im\u00e1genes del Centro de Monitoreo, testimonios y una fina ilaci\u00f3n de hechos este mi\u00e9rcoles se produjo la serie de allanamientos en el conurbano bonaerense dando respuesta a la ciudadan\u00eda y resolviendo casos.<\/p>\n\n\n\n<p>La fiscal\u00eda de delitos complejos de Mercedes intervino junto a la Polic\u00eda Comunal.<\/p>\n\n\n\n<figure class=\"wp-block-image size-large\"><img loading=\"lazy\" decoding=\"async\" width=\"1024\" height=\"747\" data-attachment-id=\"155795\" data-permalink=\"https:\/\/www.hoymercedes.com.ar\/principal\/2022\/11\/24\/investigacion-mercedina-con-allanamientos-en-conurbano-esclarece-robos\/allanamientosconurbano\/#main\" data-orig-file=\"https:\/\/www.hoymercedes.com.ar\/principal\/wp-content\/uploads\/2022\/11\/AllanamientosConurbano.jpeg\" data-orig-size=\"1462,1066\" data-comments-opened=\"0\" data-image-meta=\"{&quot;aperture&quot;:&quot;0&quot;,&quot;credit&quot;:&quot;&quot;,&quot;camera&quot;:&quot;&quot;,&quot;caption&quot;:&quot;&quot;,&quot;created_timestamp&quot;:&quot;0&quot;,&quot;copyright&quot;:&quot;&quot;,&quot;focal_length&quot;:&quot;0&quot;,&quot;iso&quot;:&quot;0&quot;,&quot;shutter_speed&quot;:&quot;0&quot;,&quot;title&quot;:&quot;&quot;,&quot;orientation&quot;:&quot;0&quot;}\" data-image-title=\"AllanamientosConurbano\" data-image-description=\"\" data-image-caption=\"\" data-large-file=\"https:\/\/www.hoymercedes.com.ar\/principal\/wp-content\/uploads\/2022\/11\/AllanamientosConurbano-1024x747.jpeg\" src=\"https:\/\/www.hoymercedes.com.ar\/principal\/wp-content\/uploads\/2022\/11\/AllanamientosConurbano-1024x747.jpeg\" alt=\"\" class=\"wp-image-155795\" srcset=\"https:\/\/www.hoymercedes.com.ar\/principal\/wp-content\/uploads\/2022\/11\/AllanamientosConurbano-1024x747.jpeg 1024w, https:\/\/www.hoymercedes.com.ar\/principal\/wp-content\/uploads\/2022\/11\/AllanamientosConurbano-630x459.jpeg 630w, https:\/\/www.hoymercedes.com.ar\/principal\/wp-content\/uploads\/2022\/11\/AllanamientosConurbano-150x109.jpeg 150w, https:\/\/www.hoymercedes.com.ar\/principal\/wp-content\/uploads\/2022\/11\/AllanamientosConurbano.jpeg 1462w\" sizes=\"auto, (max-width: 1024px) 100vw, 1024px\" \/><\/figure>\n\n\n\n<p>Se imputan varios acontecimientos delictivos en Mercedes y Giles, principalmente, a los ahora detenidos.<\/p>\n\n\n\n<p>Una vez m\u00e1s, como viene sucediendo en las \u00faltimas semanas, los delincuentes terminan cayendo ante las investigaciones. La semana pasada con allanamientos en Luj\u00e1n y ahora en la zona sur del conurbano, recuperando alhajas, relojes, termos Stanley importados, d\u00f3lares, entre otros objetos de valor que son parte de la instrucci\u00f3n judicial iniciada que lleg\u00f3 a la detenci\u00f3n y puesta tras las rejas de los imputados, siendo mayores de edad, de 67, 28&nbsp; y 43 a\u00f1os de edad, todos masculinos.<\/p>\n","protected":false},"excerpt":{"rendered":"<p>Tras una amplia investigaci\u00f3n que requiri\u00f3 m\u00faltiples diligencias se logr\u00f3 esclarecer varios hechos delictivos en Mercedes y la zona con &#8230; <a title=\"Investigaci\u00f3n mercedina con allanamientos en conurbano esclarece robos\" class=\"read-more\" href=\"https:\/\/www.hoymercedes.com.ar\/principal\/2022\/11\/24\/investigacion-mercedina-con-allanamientos-en-conurbano-esclarece-robos\/\" aria-label=\"Leer m\u00e1s sobre Investigaci\u00f3n mercedina con allanamientos en conurbano esclarece robos\">Leer m\u00e1s<\/a><\/p>\n","protected":false},"author":1,"featured_media":155795,"comment_status":"closed","ping_status":"open","sticky":false,"template":"","format":"standard","meta":{"_monsterinsights_skip_tracking":false,"_monsterinsights_sitenote_active":false,"_monsterinsights_sitenote_note":"","_monsterinsights_sitenote_category":0,"jetpack_post_was_ever_published":false,"_jetpack_newsletter_access":"","_jetpack_dont_email_post_to_subs":false,"_jetpack_newsletter_tier_id":0,"_jetpack_memberships_contains_paywalled_content":false,"_jetpack_memberships_contains_paid_content":false,"footnotes":"","jetpack_publicize_message":"","jetpack_publicize_feature_enabled":true,"jetpack_social_post_already_shared":true,"jetpack_social_options":{"image_generator_settings":{"template":"highway","default_image_id":0,"font":"","enabled":false},"version":2},"_wpas_customize_per_network":false},"categories":[85],"tags":[18586,18585,16116,5766],"class_list":["post-155793","post","type-post","status-publish","format-standard","has-post-thumbnail","hentry","category-policial","tag-allanamientos-banfield","tag-esclarecimiento-de-robos-mercedes","tag-gonzalo-anselmo","tag-policia-comunal","generate-columns","tablet-grid-50","mobile-grid-100","grid-parent","grid-50"],"jetpack_publicize_connections":[],"jetpack_featured_media_url":"https:\/\/www.hoymercedes.com.ar\/principal\/wp-content\/uploads\/2022\/11\/AllanamientosConurbano.jpeg","wps_subtitle":"Caso resuelto","jetpack_sharing_enabled":true,"_links":{"self":[{"href":"https:\/\/www.hoymercedes.com.ar\/principal\/wp-json\/wp\/v2\/posts\/155793","targetHints":{"allow":["GET"]}}],"collection":[{"href":"https:\/\/www.hoymercedes.com.ar\/principal\/wp-json\/wp\/v2\/posts"}],"about":[{"href":"https:\/\/www.hoymercedes.com.ar\/principal\/wp-json\/wp\/v2\/types\/post"}],"author":[{"embeddable":true,"href":"https:\/\/www.hoymercedes.com.ar\/principal\/wp-json\/wp\/v2\/users\/1"}],"replies":[{"embeddable":true,"href":"https:\/\/www.hoymercedes.com.ar\/principal\/wp-json\/wp\/v2\/comments?post=155793"}],"version-history":[{"count":0,"href":"https:\/\/www.hoymercedes.com.ar\/principal\/wp-json\/wp\/v2\/posts\/155793\/revisions"}],"wp:featuredmedia":[{"embeddable":true,"href":"https:\/\/www.hoymercedes.com.ar\/principal\/wp-json\/wp\/v2\/media\/155795"}],"wp:attachment":[{"href":"https:\/\/www.hoymercedes.com.ar\/principal\/wp-json\/wp\/v2\/media?parent=155793"}],"wp:term":[{"taxonomy":"category","embeddable":true,"href":"https:\/\/www.hoymercedes.com.ar\/principal\/wp-json\/wp\/v2\/categories?post=155793"},{"taxonomy":"post_tag","embeddable":true,"href":"https:\/\/www.hoymercedes.com.ar\/principal\/wp-json\/wp\/v2\/tags?post=155793"}],"curies":[{"name":"wp","href":"https:\/\/api.w.org\/{rel}","templated":true}]}}