{"id":155798,"date":"2022-11-25T09:00:00","date_gmt":"2022-11-25T12:00:00","guid":{"rendered":"https:\/\/www.hoymercedes.com.ar\/principal\/?p=155798"},"modified":"2022-11-25T07:18:50","modified_gmt":"2022-11-25T10:18:50","slug":"lujan-violento-golpe-comando-en-barrio-cerrado-mientras-se-producia-incendio","status":"publish","type":"post","link":"https:\/\/www.hoymercedes.com.ar\/principal\/2022\/11\/25\/lujan-violento-golpe-comando-en-barrio-cerrado-mientras-se-producia-incendio\/","title":{"rendered":"Luj\u00e1n: violento golpe comando en barrio cerrado mientras se produc\u00eda incendio"},"content":{"rendered":"\n<p>Mientras se produc\u00eda un voraz incendio entre J\u00e1uregui y Luj\u00e1n se produjo un golpe comando en el barrio cerrado La Concepci\u00f3n. Los delincuentes aprovecharon, se sospecha, la ocasi\u00f3n para ingresar al predio y cometer el robo.<\/p>\n\n\n\n<p>Se robaron una camioneta y todo indica que pudieron salir por el ingreso principal.<\/p>\n\n\n\n<p>Seg\u00fan se supo actuaron con violencia. Ataron y encerraron a las personas que encontraron en el lugar y golpearon a un hombre. Tras la huida de las delincuentes se pudo desatar el mencionado hombre y dar\u00e1 aviso a la polic\u00eda.<\/p>\n\n\n\n<p>Dicen que los habitantes no se enteraron por el sistema de seguridad interno, sino por un delivery que ten\u00eda la novedad.<\/p>\n","protected":false},"excerpt":{"rendered":"<p>Mientras se produc\u00eda un voraz incendio entre J\u00e1uregui y Luj\u00e1n se produjo un golpe comando en el barrio cerrado La &#8230; <a title=\"Luj\u00e1n: violento golpe comando en barrio cerrado mientras se produc\u00eda incendio\" class=\"read-more\" href=\"https:\/\/www.hoymercedes.com.ar\/principal\/2022\/11\/25\/lujan-violento-golpe-comando-en-barrio-cerrado-mientras-se-producia-incendio\/\" aria-label=\"Leer m\u00e1s sobre Luj\u00e1n: violento golpe comando en barrio cerrado mientras se produc\u00eda incendio\">Leer m\u00e1s<\/a><\/p>\n","protected":false},"author":1,"featured_media":125642,"comment_status":"closed","ping_status":"open","sticky":false,"template":"","format":"standard","meta":{"_monsterinsights_skip_tracking":false,"_monsterinsights_sitenote_active":false,"_monsterinsights_sitenote_note":"","_monsterinsights_sitenote_category":0,"jetpack_post_was_ever_published":false,"_jetpack_newsletter_access":"","_jetpack_dont_email_post_to_subs":false,"_jetpack_newsletter_tier_id":0,"_jetpack_memberships_contains_paywalled_content":false,"_jetpack_memberships_contains_paid_content":false,"footnotes":"","jetpack_publicize_message":"","jetpack_publicize_feature_enabled":true,"jetpack_social_post_already_shared":true,"jetpack_social_options":{"image_generator_settings":{"template":"highway","default_image_id":0,"font":"","enabled":false},"version":2},"_wpas_customize_per_network":false},"categories":[85],"tags":[6738],"class_list":["post-155798","post","type-post","status-publish","format-standard","has-post-thumbnail","hentry","category-policial","tag-robos-en-lujan","generate-columns","tablet-grid-50","mobile-grid-100","grid-parent","grid-50"],"jetpack_publicize_connections":[],"jetpack_featured_media_url":"https:\/\/www.hoymercedes.com.ar\/principal\/wp-content\/uploads\/2021\/03\/02-movil-policia.jpg","wps_subtitle":"Robo comando","jetpack_sharing_enabled":true,"_links":{"self":[{"href":"https:\/\/www.hoymercedes.com.ar\/principal\/wp-json\/wp\/v2\/posts\/155798","targetHints":{"allow":["GET"]}}],"collection":[{"href":"https:\/\/www.hoymercedes.com.ar\/principal\/wp-json\/wp\/v2\/posts"}],"about":[{"href":"https:\/\/www.hoymercedes.com.ar\/principal\/wp-json\/wp\/v2\/types\/post"}],"author":[{"embeddable":true,"href":"https:\/\/www.hoymercedes.com.ar\/principal\/wp-json\/wp\/v2\/users\/1"}],"replies":[{"embeddable":true,"href":"https:\/\/www.hoymercedes.com.ar\/principal\/wp-json\/wp\/v2\/comments?post=155798"}],"version-history":[{"count":0,"href":"https:\/\/www.hoymercedes.com.ar\/principal\/wp-json\/wp\/v2\/posts\/155798\/revisions"}],"wp:featuredmedia":[{"embeddable":true,"href":"https:\/\/www.hoymercedes.com.ar\/principal\/wp-json\/wp\/v2\/media\/125642"}],"wp:attachment":[{"href":"https:\/\/www.hoymercedes.com.ar\/principal\/wp-json\/wp\/v2\/media?parent=155798"}],"wp:term":[{"taxonomy":"category","embeddable":true,"href":"https:\/\/www.hoymercedes.com.ar\/principal\/wp-json\/wp\/v2\/categories?post=155798"},{"taxonomy":"post_tag","embeddable":true,"href":"https:\/\/www.hoymercedes.com.ar\/principal\/wp-json\/wp\/v2\/tags?post=155798"}],"curies":[{"name":"wp","href":"https:\/\/api.w.org\/{rel}","templated":true}]}}