{"id":155836,"date":"2022-11-25T18:37:21","date_gmt":"2022-11-25T21:37:21","guid":{"rendered":"https:\/\/www.hoymercedes.com.ar\/principal\/?p=155836"},"modified":"2022-11-25T18:41:30","modified_gmt":"2022-11-25T21:41:30","slug":"detenidos-por-robos-en-mercedes-y-san-andres-de-giles","status":"publish","type":"post","link":"https:\/\/www.hoymercedes.com.ar\/principal\/2022\/11\/25\/detenidos-por-robos-en-mercedes-y-san-andres-de-giles\/","title":{"rendered":"Detenidos por robos en Mercedes y San Andr\u00e9s de Giles"},"content":{"rendered":"\n<p>En la jornada del mi\u00e9rcoles 23 se logr\u00f3 la detenci\u00f3n de un sujeto integrante de una banda que comet\u00eda delitos contra la propiedad, bajo la modalidad conocida como \u201cescruche\u201d en las localidades de Mercedes y San Andr\u00e9s de Giles.<\/p>\n\n\n\n<p>De acuerdo a lo que pudo conocerse, los hechos ocurrieron en los meses de septiembre y octubre. En este marco tom\u00f3 intervenci\u00f3n la Unidad Funcional de Instrucci\u00f3n N.\u00ba 1 (Delitos Complejos), con colaboraci\u00f3n, en sus inicios, de la Ayudant\u00eda de Autores Ignorados del Departamento Judicial Mercedes, que imparti\u00f3 las directivas del caso y solicit\u00f3 &#8211; una vez reunidos una serie de elementos probatorios &#8211; orden de allanamiento en cuatro domicilios y detenci\u00f3n para con dos personas por ante el Juzgado de Garant\u00edas N\u00b0 2. <\/p>\n\n\n\n<p>La misma fue concedida y efectivizada en la jornada de este mi\u00e9rcoles 23 en las localidades de Bernal, Banfield y Monte Chingolo, partido de Lan\u00fas (B) por parte del Grupo GAD Avellaneda, GAD Lan\u00fas GTO Mercedes, Polic\u00eda Comunal Mercedes, Destacamento Gowland, Comando de Patrulla Rural Mercedes y Comisar\u00eda Comunal San Andr\u00e9s de Giles en compa\u00f1\u00eda de agentes judiciales.<\/p>\n\n\n\n<p>En los distintos objetivos se logr\u00f3 secuestrar: termos de reconocida marca, tel\u00e9fonos celulares, prendas de vestir, alhajas y dinero en efectivo, entre otros, correspondientes con los denunciados como sustra\u00eddos; y se logr\u00f3 la detenci\u00f3n de uno de los sujetos.<\/p>\n\n\n\n<p>Seg\u00fan se supo, esta persona que fue detenida estar\u00eda vinculada a un grupo de malvivientes que cometieron al menos dos hechos en este Departamento Judicial. Por un lado, el s\u00e1bado 3 de septiembre del corriente en horas de la noche, un grupo de personas (entre ellos el ahora detenido) ingres\u00f3 ejerciendo violencia sobre la reja de una de aberturas de una vivienda de calles 41 y 36 de la localidad de Mercedes, en momentos en que su moradora no se encontraban. Tras revisar el lugar se hicieron de dinero en efectivo, electrodom\u00e9sticos, alhajas y prendas de vestir, entre otros elementos de valor. Posteriormente se retiraron del lugar.<\/p>\n\n\n\n<p>En tanto, el jueves 20 de octubre del corriente, en horas del mediod\u00eda, al menos dos sujetos ingresaron ejerciendo violencia sobre las aberturas de una vivienda de calle 25 de Mayo de San Andr\u00e9s de Giles, mientras sus due\u00f1os no se encontraban en el lugar. Tras forzar la cerradura de una de las puertas y cristales de una ventana interna, revisaron el lugar, se llevaron dinero en efectivo y alhajas. Del lugar se retiraron en un veh\u00edculo marca Ford Ecosport, cuyo paso qued\u00f3 registrado en las c\u00e1maras de seguridad.<\/p>\n\n\n\n<p>El imputado (de 28 a\u00f1os, oriundo de Lan\u00fas, con antecedentes por delitos contra la propiedad y que hab\u00eda recuperado la libertad pocos d\u00edas antes del il\u00edcito ocurrido en Mercedes) compareci\u00f3 ante el agente fiscal en el marco de la audiencia de declaraci\u00f3n en los t\u00e9rminos del art. 308 del C\u00f3digo Procesal Penal en la jornada de este jueves 24. Fue por los delitos de \u201cRobo agravado por su comisi\u00f3n en lugar poblado y en banda, con efracci\u00f3n y escalamiento\u201d y \u201cRobo agravado por su comisi\u00f3n con efracci\u00f3n\u201d e hizo uso de su derecho de negarse a declarar.<\/p>\n\n\n\n<p>Contin\u00faan las tareas investigativas tendientes a dar con el resto de los integrantes de esta banda.<\/p>\n\n\n\n<p>Fuente: Ministerio P\u00fablico Fiscal &#8211; Depto. Judicial Mercedes<\/p>\n","protected":false},"excerpt":{"rendered":"<p>En la jornada del mi\u00e9rcoles 23 se logr\u00f3 la detenci\u00f3n de un sujeto integrante de una banda que comet\u00eda delitos contra la propiedad, bajo la modalidad conocida como \u201cescruche\u201d en las localidades de Mercedes y San Andr\u00e9s de Giles.<\/p>\n","protected":false},"author":1,"featured_media":125642,"comment_status":"closed","ping_status":"open","sticky":false,"template":"","format":"standard","meta":{"_monsterinsights_skip_tracking":false,"_monsterinsights_sitenote_active":false,"_monsterinsights_sitenote_note":"","_monsterinsights_sitenote_category":0,"jetpack_post_was_ever_published":false,"_jetpack_newsletter_access":"","_jetpack_dont_email_post_to_subs":false,"_jetpack_newsletter_tier_id":0,"_jetpack_memberships_contains_paywalled_content":false,"_jetpack_memberships_contains_paid_content":false,"footnotes":"","jetpack_publicize_message":"","jetpack_publicize_feature_enabled":true,"jetpack_social_post_already_shared":true,"jetpack_social_options":{"image_generator_settings":{"template":"highway","default_image_id":0,"font":"","enabled":false},"version":2},"_wpas_customize_per_network":false},"categories":[8],"tags":[],"class_list":["post-155836","post","type-post","status-publish","format-standard","has-post-thumbnail","hentry","category-sociedad","generate-columns","tablet-grid-50","mobile-grid-100","grid-parent","grid-50"],"jetpack_publicize_connections":[],"jetpack_featured_media_url":"https:\/\/www.hoymercedes.com.ar\/principal\/wp-content\/uploads\/2021\/03\/02-movil-policia.jpg","wps_subtitle":"","jetpack_sharing_enabled":true,"_links":{"self":[{"href":"https:\/\/www.hoymercedes.com.ar\/principal\/wp-json\/wp\/v2\/posts\/155836","targetHints":{"allow":["GET"]}}],"collection":[{"href":"https:\/\/www.hoymercedes.com.ar\/principal\/wp-json\/wp\/v2\/posts"}],"about":[{"href":"https:\/\/www.hoymercedes.com.ar\/principal\/wp-json\/wp\/v2\/types\/post"}],"author":[{"embeddable":true,"href":"https:\/\/www.hoymercedes.com.ar\/principal\/wp-json\/wp\/v2\/users\/1"}],"replies":[{"embeddable":true,"href":"https:\/\/www.hoymercedes.com.ar\/principal\/wp-json\/wp\/v2\/comments?post=155836"}],"version-history":[{"count":0,"href":"https:\/\/www.hoymercedes.com.ar\/principal\/wp-json\/wp\/v2\/posts\/155836\/revisions"}],"wp:featuredmedia":[{"embeddable":true,"href":"https:\/\/www.hoymercedes.com.ar\/principal\/wp-json\/wp\/v2\/media\/125642"}],"wp:attachment":[{"href":"https:\/\/www.hoymercedes.com.ar\/principal\/wp-json\/wp\/v2\/media?parent=155836"}],"wp:term":[{"taxonomy":"category","embeddable":true,"href":"https:\/\/www.hoymercedes.com.ar\/principal\/wp-json\/wp\/v2\/categories?post=155836"},{"taxonomy":"post_tag","embeddable":true,"href":"https:\/\/www.hoymercedes.com.ar\/principal\/wp-json\/wp\/v2\/tags?post=155836"}],"curies":[{"name":"wp","href":"https:\/\/api.w.org\/{rel}","templated":true}]}}