{"id":155849,"date":"2022-11-26T09:57:01","date_gmt":"2022-11-26T12:57:01","guid":{"rendered":"https:\/\/www.hoymercedes.com.ar\/principal\/?p=155849"},"modified":"2022-11-26T09:57:34","modified_gmt":"2022-11-26T12:57:34","slug":"corte-de-luz-este-domingo-para-conectar-un-centro-de-transformacion","status":"publish","type":"post","link":"https:\/\/www.hoymercedes.com.ar\/principal\/2022\/11\/26\/corte-de-luz-este-domingo-para-conectar-un-centro-de-transformacion\/","title":{"rendered":"Corte de luz este domingo para conectar un centro de transformaci\u00f3n"},"content":{"rendered":"\n<p>La Empresa de Energ\u00eda El\u00e9ctrica EDEN informa que conectar\u00e1 un Centro de Transformaci\u00f3n, por un pedido realizado por la Municipalidad, y con el objetivo de realizar un nuevo pozo de agua corriente.\u00a0<\/p>\n\n\n\n<p>Para poder realizar estas tareas y como medida de seguridad, es necesario interrumpir el servicio mientras se trabaja en la red el\u00e9ctrica.<\/p>\n\n\n\n<p>Los trabajos se realizar\u00e1n: el d\u00eda domingo 27 de noviembre; de 6 a 9 hs.; en avenida 40 hasta 34 Bis, desde la calle 119 hasta Ruta 41, y Parque Industrial.\u00a0<\/p>\n\n\n\n<p>En caso de presentarse condiciones clim\u00e1ticas adversas, las actividades ser\u00e1n reprogramadas.<\/p>\n","protected":false},"excerpt":{"rendered":"<p>La Empresa de Energ\u00eda El\u00e9ctrica EDEN informa que conectar\u00e1 un Centro de Transformaci\u00f3n, por un pedido realizado por la Municipalidad, y con el objetivo de realizar un nuevo pozo de agua corriente.\u00a0<\/p>\n","protected":false},"author":1,"featured_media":135770,"comment_status":"closed","ping_status":"open","sticky":false,"template":"","format":"standard","meta":{"_monsterinsights_skip_tracking":false,"_monsterinsights_sitenote_active":false,"_monsterinsights_sitenote_note":"","_monsterinsights_sitenote_category":0,"jetpack_post_was_ever_published":false,"_jetpack_newsletter_access":"","_jetpack_dont_email_post_to_subs":false,"_jetpack_newsletter_tier_id":0,"_jetpack_memberships_contains_paywalled_content":false,"_jetpack_memberships_contains_paid_content":false,"footnotes":"","jetpack_publicize_message":"","jetpack_publicize_feature_enabled":true,"jetpack_social_post_already_shared":true,"jetpack_social_options":{"image_generator_settings":{"template":"highway","default_image_id":0,"font":"","enabled":false},"version":2},"_wpas_customize_per_network":false},"categories":[8],"tags":[],"class_list":["post-155849","post","type-post","status-publish","format-standard","has-post-thumbnail","hentry","category-sociedad","generate-columns","tablet-grid-50","mobile-grid-100","grid-parent","grid-50"],"jetpack_publicize_connections":[],"jetpack_featured_media_url":"https:\/\/www.hoymercedes.com.ar\/principal\/wp-content\/uploads\/2021\/08\/EDEN-logoconclaim.jpg","wps_subtitle":"","jetpack_sharing_enabled":true,"_links":{"self":[{"href":"https:\/\/www.hoymercedes.com.ar\/principal\/wp-json\/wp\/v2\/posts\/155849","targetHints":{"allow":["GET"]}}],"collection":[{"href":"https:\/\/www.hoymercedes.com.ar\/principal\/wp-json\/wp\/v2\/posts"}],"about":[{"href":"https:\/\/www.hoymercedes.com.ar\/principal\/wp-json\/wp\/v2\/types\/post"}],"author":[{"embeddable":true,"href":"https:\/\/www.hoymercedes.com.ar\/principal\/wp-json\/wp\/v2\/users\/1"}],"replies":[{"embeddable":true,"href":"https:\/\/www.hoymercedes.com.ar\/principal\/wp-json\/wp\/v2\/comments?post=155849"}],"version-history":[{"count":0,"href":"https:\/\/www.hoymercedes.com.ar\/principal\/wp-json\/wp\/v2\/posts\/155849\/revisions"}],"wp:featuredmedia":[{"embeddable":true,"href":"https:\/\/www.hoymercedes.com.ar\/principal\/wp-json\/wp\/v2\/media\/135770"}],"wp:attachment":[{"href":"https:\/\/www.hoymercedes.com.ar\/principal\/wp-json\/wp\/v2\/media?parent=155849"}],"wp:term":[{"taxonomy":"category","embeddable":true,"href":"https:\/\/www.hoymercedes.com.ar\/principal\/wp-json\/wp\/v2\/categories?post=155849"},{"taxonomy":"post_tag","embeddable":true,"href":"https:\/\/www.hoymercedes.com.ar\/principal\/wp-json\/wp\/v2\/tags?post=155849"}],"curies":[{"name":"wp","href":"https:\/\/api.w.org\/{rel}","templated":true}]}}