{"id":15585,"date":"2012-08-28T01:44:46","date_gmt":"2012-08-28T01:44:46","guid":{"rendered":"http:\/\/www.hoymercedes.com.ar\/principal\/?p=15585"},"modified":"2012-08-28T01:45:28","modified_gmt":"2012-08-28T01:45:28","slug":"promociona-fiesta-del-salame-en-tomas-jofre","status":"publish","type":"post","link":"https:\/\/www.hoymercedes.com.ar\/principal\/2012\/08\/28\/promociona-fiesta-del-salame-en-tomas-jofre\/","title":{"rendered":"Promociona Fiesta del Salame en Tom\u00e1s Jofr\u00e9"},"content":{"rendered":"<p><a href=\"https:\/\/www.hoymercedes.com.ar\/principal\/wp-content\/uploads\/2012\/08\/Fs2012.jpg\"><img loading=\"lazy\" decoding=\"async\" data-attachment-id=\"15587\" data-permalink=\"https:\/\/www.hoymercedes.com.ar\/principal\/2012\/08\/28\/promociona-fiesta-del-salame-en-tomas-jofre\/fs2012\/#main\" data-orig-file=\"https:\/\/www.hoymercedes.com.ar\/principal\/wp-content\/uploads\/2012\/08\/Fs2012.jpg\" data-orig-size=\"460,321\" data-comments-opened=\"1\" data-image-meta=\"{&quot;aperture&quot;:&quot;0&quot;,&quot;credit&quot;:&quot;&quot;,&quot;camera&quot;:&quot;&quot;,&quot;caption&quot;:&quot;&quot;,&quot;created_timestamp&quot;:&quot;0&quot;,&quot;copyright&quot;:&quot;&quot;,&quot;focal_length&quot;:&quot;0&quot;,&quot;iso&quot;:&quot;0&quot;,&quot;shutter_speed&quot;:&quot;0&quot;,&quot;title&quot;:&quot;&quot;}\" data-image-title=\"Fs2012\" data-image-description=\"\" data-image-caption=\"\" data-large-file=\"https:\/\/www.hoymercedes.com.ar\/principal\/wp-content\/uploads\/2012\/08\/Fs2012.jpg\" class=\"aligncenter size-full wp-image-15587\" title=\"Fs2012\" src=\"https:\/\/www.hoymercedes.com.ar\/principal\/wp-content\/uploads\/2012\/08\/Fs2012.jpg\" alt=\"\" width=\"460\" height=\"321\" \/><\/a><\/p>\n<p>Durante el pasado fin de semana se llev\u00f3 adelante uno de los acontecimientos que desde la Direcci\u00f3n de Turismo empezaron a realizarse en torno a la Fiesta del Salame y es la promoci\u00f3n de la misma en el \u00e1mbito de Tom\u00e1s Jofr\u00e9, polo tur\u00edstico y gastron\u00f3mico de nuestra ciudad.<\/p>\n<p>Otra de las medidas es el pre lanzamiento en la plaza San Mart\u00edn donde se llevar\u00e1 a cabo un encuentro con m\u00fasica, artesanos, productores, entre otras sorpresas.<\/p>\n<p>La organizaci\u00f3n, encabezada por Carlos Selva, cuenta con la participaci\u00f3n de diversas \u00e1reas del municipio, con productores de salame, artesanos y toda la poblaci\u00f3n que pone lo mejor de s\u00ed cada nueva fiesta.<\/p>\n<p>Este s\u00e1bado ser\u00e1, entonces, la pre fiesta desde el mediod\u00eda.<\/p>\n","protected":false},"excerpt":{"rendered":"<p>Durante el pasado fin de semana se llev\u00f3 adelante uno de los acontecimientos que desde la Direcci\u00f3n de Turismo empezaron &#8230; <a title=\"Promociona Fiesta del Salame en Tom\u00e1s Jofr\u00e9\" class=\"read-more\" href=\"https:\/\/www.hoymercedes.com.ar\/principal\/2012\/08\/28\/promociona-fiesta-del-salame-en-tomas-jofre\/\" aria-label=\"Leer m\u00e1s sobre Promociona Fiesta del Salame en Tom\u00e1s Jofr\u00e9\">Leer m\u00e1s<\/a><\/p>\n","protected":false},"author":1,"featured_media":0,"comment_status":"open","ping_status":"open","sticky":false,"template":"","format":"standard","meta":{"_monsterinsights_skip_tracking":false,"_monsterinsights_sitenote_active":false,"_monsterinsights_sitenote_note":"","_monsterinsights_sitenote_category":0,"jetpack_post_was_ever_published":false,"_jetpack_newsletter_access":"","_jetpack_dont_email_post_to_subs":false,"_jetpack_newsletter_tier_id":0,"_jetpack_memberships_contains_paywalled_content":false,"_jetpack_memberships_contains_paid_content":false,"footnotes":"","jetpack_publicize_message":"","jetpack_publicize_feature_enabled":true,"jetpack_social_post_already_shared":false,"jetpack_social_options":{"image_generator_settings":{"template":"highway","default_image_id":0,"font":"","enabled":false},"version":2},"_wpas_customize_per_network":false},"categories":[30],"tags":[1110],"class_list":["post-15585","post","type-post","status-publish","format-standard","hentry","category-municipio","tag-fiesta-del-salame","generate-columns","tablet-grid-50","mobile-grid-100","grid-parent","grid-50"],"jetpack_publicize_connections":[],"jetpack_featured_media_url":"","wps_subtitle":"","jetpack_sharing_enabled":true,"_links":{"self":[{"href":"https:\/\/www.hoymercedes.com.ar\/principal\/wp-json\/wp\/v2\/posts\/15585","targetHints":{"allow":["GET"]}}],"collection":[{"href":"https:\/\/www.hoymercedes.com.ar\/principal\/wp-json\/wp\/v2\/posts"}],"about":[{"href":"https:\/\/www.hoymercedes.com.ar\/principal\/wp-json\/wp\/v2\/types\/post"}],"author":[{"embeddable":true,"href":"https:\/\/www.hoymercedes.com.ar\/principal\/wp-json\/wp\/v2\/users\/1"}],"replies":[{"embeddable":true,"href":"https:\/\/www.hoymercedes.com.ar\/principal\/wp-json\/wp\/v2\/comments?post=15585"}],"version-history":[{"count":0,"href":"https:\/\/www.hoymercedes.com.ar\/principal\/wp-json\/wp\/v2\/posts\/15585\/revisions"}],"wp:attachment":[{"href":"https:\/\/www.hoymercedes.com.ar\/principal\/wp-json\/wp\/v2\/media?parent=15585"}],"wp:term":[{"taxonomy":"category","embeddable":true,"href":"https:\/\/www.hoymercedes.com.ar\/principal\/wp-json\/wp\/v2\/categories?post=15585"},{"taxonomy":"post_tag","embeddable":true,"href":"https:\/\/www.hoymercedes.com.ar\/principal\/wp-json\/wp\/v2\/tags?post=15585"}],"curies":[{"name":"wp","href":"https:\/\/api.w.org\/{rel}","templated":true}]}}