{"id":155872,"date":"2022-11-26T21:17:35","date_gmt":"2022-11-27T00:17:35","guid":{"rendered":"https:\/\/www.hoymercedes.com.ar\/principal\/?p=155872"},"modified":"2022-11-27T08:43:07","modified_gmt":"2022-11-27T11:43:07","slug":"lalcec-realizo-jornada-de-concientizacion-por-el-cuidado-de-la-salud","status":"publish","type":"post","link":"https:\/\/www.hoymercedes.com.ar\/principal\/2022\/11\/26\/lalcec-realizo-jornada-de-concientizacion-por-el-cuidado-de-la-salud\/","title":{"rendered":"LALCEC realiz\u00f3 jornada de concientizaci\u00f3n por el cuidado de la salud"},"content":{"rendered":"\n<figure class=\"wp-block-image size-large\"><img loading=\"lazy\" decoding=\"async\" width=\"1024\" height=\"469\" data-attachment-id=\"155873\" data-permalink=\"https:\/\/www.hoymercedes.com.ar\/principal\/2022\/11\/26\/lalcec-realizo-jornada-de-concientizacion-por-el-cuidado-de-la-salud\/dsc_0161\/#main\" data-orig-file=\"https:\/\/www.hoymercedes.com.ar\/principal\/wp-content\/uploads\/2022\/11\/DSC_0161.jpg\" data-orig-size=\"1343,615\" data-comments-opened=\"0\" data-image-meta=\"{&quot;aperture&quot;:&quot;0&quot;,&quot;credit&quot;:&quot;&quot;,&quot;camera&quot;:&quot;&quot;,&quot;caption&quot;:&quot;&quot;,&quot;created_timestamp&quot;:&quot;0&quot;,&quot;copyright&quot;:&quot;&quot;,&quot;focal_length&quot;:&quot;0&quot;,&quot;iso&quot;:&quot;0&quot;,&quot;shutter_speed&quot;:&quot;0&quot;,&quot;title&quot;:&quot;&quot;,&quot;orientation&quot;:&quot;0&quot;}\" data-image-title=\"DSC_0161\" data-image-description=\"\" data-image-caption=\"\" data-large-file=\"https:\/\/www.hoymercedes.com.ar\/principal\/wp-content\/uploads\/2022\/11\/DSC_0161-1024x469.jpg\" src=\"https:\/\/www.hoymercedes.com.ar\/principal\/wp-content\/uploads\/2022\/11\/DSC_0161-1024x469.jpg\" alt=\"\" class=\"wp-image-155873\" srcset=\"https:\/\/www.hoymercedes.com.ar\/principal\/wp-content\/uploads\/2022\/11\/DSC_0161-1024x469.jpg 1024w, https:\/\/www.hoymercedes.com.ar\/principal\/wp-content\/uploads\/2022\/11\/DSC_0161-630x288.jpg 630w, https:\/\/www.hoymercedes.com.ar\/principal\/wp-content\/uploads\/2022\/11\/DSC_0161-150x69.jpg 150w, https:\/\/www.hoymercedes.com.ar\/principal\/wp-content\/uploads\/2022\/11\/DSC_0161.jpg 1343w\" sizes=\"auto, (max-width: 1024px) 100vw, 1024px\" \/><\/figure>\n\n\n\n<p>En Plaza San Mart\u00edn <strong>LALCEC Filial Mercedes<\/strong> realiz\u00f3 una importante intervenci\u00f3n deportiva y art\u00edstica por la toma de consciencia de la prevenci\u00f3n y acci\u00f3n sanitaria. Fue frente a la Iglesia Catedral y convoc\u00f3 a mujeres de distintas edades con un mismo objetivo.<\/p>\n\n\n\n<p>Es habitual las intervenciones sociales de LALCEC. En esta ocasi\u00f3n llegaron al casco hist\u00f3rico de la ciudad con esta iniciativa que conjug\u00f3 promoci\u00f3n, informaci\u00f3n, una clase de zumba. Cont\u00f3 con el acompa\u00f1amiento de la Municipalidad y especialmente de las vecinas de Mercedes.<\/p>\n","protected":false},"excerpt":{"rendered":"<p>En Plaza San Mart\u00edn LALCEC Filial Mercedes realiz\u00f3 una importante intervenci\u00f3n deportiva y art\u00edstica por la toma de consciencia de &#8230; <a title=\"LALCEC realiz\u00f3 jornada de concientizaci\u00f3n por el cuidado de la salud\" class=\"read-more\" href=\"https:\/\/www.hoymercedes.com.ar\/principal\/2022\/11\/26\/lalcec-realizo-jornada-de-concientizacion-por-el-cuidado-de-la-salud\/\" aria-label=\"Leer m\u00e1s sobre LALCEC realiz\u00f3 jornada de concientizaci\u00f3n por el cuidado de la salud\">Leer m\u00e1s<\/a><\/p>\n","protected":false},"author":1,"featured_media":155873,"comment_status":"closed","ping_status":"open","sticky":false,"template":"","format":"standard","meta":{"_monsterinsights_skip_tracking":false,"_monsterinsights_sitenote_active":false,"_monsterinsights_sitenote_note":"","_monsterinsights_sitenote_category":0,"jetpack_post_was_ever_published":false,"_jetpack_newsletter_access":"","_jetpack_dont_email_post_to_subs":false,"_jetpack_newsletter_tier_id":0,"_jetpack_memberships_contains_paywalled_content":false,"_jetpack_memberships_contains_paid_content":false,"footnotes":"","jetpack_publicize_message":"","jetpack_publicize_feature_enabled":true,"jetpack_social_post_already_shared":true,"jetpack_social_options":{"image_generator_settings":{"template":"highway","default_image_id":0,"font":"","enabled":false},"version":2},"_wpas_customize_per_network":false},"categories":[8],"tags":[108],"class_list":["post-155872","post","type-post","status-publish","format-standard","has-post-thumbnail","hentry","category-sociedad","tag-lalcec","generate-columns","tablet-grid-50","mobile-grid-100","grid-parent","grid-50"],"jetpack_publicize_connections":[],"jetpack_featured_media_url":"https:\/\/www.hoymercedes.com.ar\/principal\/wp-content\/uploads\/2022\/11\/DSC_0161.jpg","wps_subtitle":"Roles institucionales","jetpack_sharing_enabled":true,"_links":{"self":[{"href":"https:\/\/www.hoymercedes.com.ar\/principal\/wp-json\/wp\/v2\/posts\/155872","targetHints":{"allow":["GET"]}}],"collection":[{"href":"https:\/\/www.hoymercedes.com.ar\/principal\/wp-json\/wp\/v2\/posts"}],"about":[{"href":"https:\/\/www.hoymercedes.com.ar\/principal\/wp-json\/wp\/v2\/types\/post"}],"author":[{"embeddable":true,"href":"https:\/\/www.hoymercedes.com.ar\/principal\/wp-json\/wp\/v2\/users\/1"}],"replies":[{"embeddable":true,"href":"https:\/\/www.hoymercedes.com.ar\/principal\/wp-json\/wp\/v2\/comments?post=155872"}],"version-history":[{"count":0,"href":"https:\/\/www.hoymercedes.com.ar\/principal\/wp-json\/wp\/v2\/posts\/155872\/revisions"}],"wp:featuredmedia":[{"embeddable":true,"href":"https:\/\/www.hoymercedes.com.ar\/principal\/wp-json\/wp\/v2\/media\/155873"}],"wp:attachment":[{"href":"https:\/\/www.hoymercedes.com.ar\/principal\/wp-json\/wp\/v2\/media?parent=155872"}],"wp:term":[{"taxonomy":"category","embeddable":true,"href":"https:\/\/www.hoymercedes.com.ar\/principal\/wp-json\/wp\/v2\/categories?post=155872"},{"taxonomy":"post_tag","embeddable":true,"href":"https:\/\/www.hoymercedes.com.ar\/principal\/wp-json\/wp\/v2\/tags?post=155872"}],"curies":[{"name":"wp","href":"https:\/\/api.w.org\/{rel}","templated":true}]}}