{"id":155898,"date":"2022-11-28T07:53:00","date_gmt":"2022-11-28T10:53:00","guid":{"rendered":"https:\/\/www.hoymercedes.com.ar\/principal\/?p=155898"},"modified":"2022-11-28T09:05:13","modified_gmt":"2022-11-28T12:05:13","slug":"la-fiesta-del-orgullo-fue-un-gran-exito","status":"publish","type":"post","link":"https:\/\/www.hoymercedes.com.ar\/principal\/2022\/11\/28\/la-fiesta-del-orgullo-fue-un-gran-exito\/","title":{"rendered":"La Fiesta del Orgullo fue un gran \u00e9xito \u00a0"},"content":{"rendered":"\n<figure class=\"wp-block-image size-full is-resized\"><img loading=\"lazy\" decoding=\"async\" data-attachment-id=\"155899\" data-permalink=\"https:\/\/www.hoymercedes.com.ar\/principal\/2022\/11\/28\/la-fiesta-del-orgullo-fue-un-gran-exito\/1m5a4220\/#main\" data-orig-file=\"https:\/\/www.hoymercedes.com.ar\/principal\/wp-content\/uploads\/2022\/11\/1M5A4220.jpg\" data-orig-size=\"922,615\" data-comments-opened=\"0\" data-image-meta=\"{&quot;aperture&quot;:&quot;0&quot;,&quot;credit&quot;:&quot;&quot;,&quot;camera&quot;:&quot;&quot;,&quot;caption&quot;:&quot;&quot;,&quot;created_timestamp&quot;:&quot;0&quot;,&quot;copyright&quot;:&quot;&quot;,&quot;focal_length&quot;:&quot;0&quot;,&quot;iso&quot;:&quot;0&quot;,&quot;shutter_speed&quot;:&quot;0&quot;,&quot;title&quot;:&quot;&quot;,&quot;orientation&quot;:&quot;0&quot;}\" data-image-title=\"1M5A4220\" data-image-description=\"\" data-image-caption=\"\" data-large-file=\"https:\/\/www.hoymercedes.com.ar\/principal\/wp-content\/uploads\/2022\/11\/1M5A4220.jpg\" src=\"https:\/\/www.hoymercedes.com.ar\/principal\/wp-content\/uploads\/2022\/11\/1M5A4220.jpg\" alt=\"\" class=\"wp-image-155899\" width=\"958\" height=\"639\" srcset=\"https:\/\/www.hoymercedes.com.ar\/principal\/wp-content\/uploads\/2022\/11\/1M5A4220.jpg 922w, https:\/\/www.hoymercedes.com.ar\/principal\/wp-content\/uploads\/2022\/11\/1M5A4220-630x420.jpg 630w, https:\/\/www.hoymercedes.com.ar\/principal\/wp-content\/uploads\/2022\/11\/1M5A4220-150x100.jpg 150w\" sizes=\"auto, (max-width: 958px) 100vw, 958px\" \/><\/figure>\n\n\n\n<p>La segunda fiesta del orgullo se realiz\u00f3 al finalizar la primera marcha concretada en nuestra ciudad. Cont\u00f3 con el apoyo de la Direcci\u00f3n de G\u00e9nero y Diversidades y el impulso del colectivo Lgbtiq+. La Trocha fue el punto de encuentro en la noche del s\u00e1bado que convoc\u00f3 a cientos de asistentes. Hubo expo, m\u00fasica en vivo, mucho color y alegr\u00eda.&nbsp;<\/p>\n\n\n\n<p>\u201cEsta fiesta dio cierre a una serie de eventos que fuimos haciendo durante el a\u00f1o, llenos de mucha emoci\u00f3n y disfrute\u201d se\u00f1al\u00f3 Guadalupe Gonz\u00e1lez, directora de la direcci\u00f3n de pol\u00edticas de g\u00e9nero y diversidades de la Municipalidad. &nbsp;<\/p>\n\n\n\n<p>En el escenario principal se pudo disfrutar de Malambo Fantas\u00eda \u201cPasi\u00f3n Gaucha\u201d, Gauche Disidente \u201cLegon Queen\u201d, DJ SET CutClan + Drag, Rap Maga Arce, Banda en Vivo \u201cPara Luego es Tarde\u201d, Vientos de Metal Conurbalkan, Poes\u00eda Ambientada con; Lu Lascano, Alejandra, Sol Abelleira, Rechina, Nerina Coronel, Enzo Vivas, y cierra la reconocida banda de m\u00fasica tropical Sudor Marika.\u00a0<\/p>\n\n\n\n<figure class=\"wp-block-image size-full is-resized\"><img loading=\"lazy\" decoding=\"async\" data-attachment-id=\"155900\" data-permalink=\"https:\/\/www.hoymercedes.com.ar\/principal\/2022\/11\/28\/la-fiesta-del-orgullo-fue-un-gran-exito\/1m5a4437\/#main\" data-orig-file=\"https:\/\/www.hoymercedes.com.ar\/principal\/wp-content\/uploads\/2022\/11\/1M5A4437.jpg\" data-orig-size=\"922,615\" data-comments-opened=\"0\" data-image-meta=\"{&quot;aperture&quot;:&quot;0&quot;,&quot;credit&quot;:&quot;&quot;,&quot;camera&quot;:&quot;&quot;,&quot;caption&quot;:&quot;&quot;,&quot;created_timestamp&quot;:&quot;0&quot;,&quot;copyright&quot;:&quot;&quot;,&quot;focal_length&quot;:&quot;0&quot;,&quot;iso&quot;:&quot;0&quot;,&quot;shutter_speed&quot;:&quot;0&quot;,&quot;title&quot;:&quot;&quot;,&quot;orientation&quot;:&quot;0&quot;}\" data-image-title=\"1M5A4437\" data-image-description=\"\" data-image-caption=\"\" data-large-file=\"https:\/\/www.hoymercedes.com.ar\/principal\/wp-content\/uploads\/2022\/11\/1M5A4437.jpg\" src=\"https:\/\/www.hoymercedes.com.ar\/principal\/wp-content\/uploads\/2022\/11\/1M5A4437.jpg\" alt=\"\" class=\"wp-image-155900\" width=\"957\" height=\"638\" srcset=\"https:\/\/www.hoymercedes.com.ar\/principal\/wp-content\/uploads\/2022\/11\/1M5A4437.jpg 922w, https:\/\/www.hoymercedes.com.ar\/principal\/wp-content\/uploads\/2022\/11\/1M5A4437-630x420.jpg 630w, https:\/\/www.hoymercedes.com.ar\/principal\/wp-content\/uploads\/2022\/11\/1M5A4437-150x100.jpg 150w\" sizes=\"auto, (max-width: 957px) 100vw, 957px\" \/><\/figure>\n\n\n\n<p>Clara Zunino, secretaria de gobierno, expres\u00f3 que \u201ces una alegr\u00eda ver esta fiesta con tanta asistencia. Queremos agradecerles a todas y todos por venir y ser parte de esta actividad en un d\u00eda hist\u00f3rico\u201d, sostuvo la funcionaria entre otros conceptos siendo tambi\u00e9n receptora del agradecimiento de muchos de los presentes por ser parte constante del acompa\u00f1amiento al Colectivo.\u00a0<\/p>\n\n\n\n<figure class=\"wp-block-image size-full is-resized\"><img loading=\"lazy\" decoding=\"async\" data-attachment-id=\"155901\" data-permalink=\"https:\/\/www.hoymercedes.com.ar\/principal\/2022\/11\/28\/la-fiesta-del-orgullo-fue-un-gran-exito\/1m5a4964\/#main\" data-orig-file=\"https:\/\/www.hoymercedes.com.ar\/principal\/wp-content\/uploads\/2022\/11\/1M5A4964.jpg\" data-orig-size=\"922,615\" data-comments-opened=\"0\" data-image-meta=\"{&quot;aperture&quot;:&quot;0&quot;,&quot;credit&quot;:&quot;&quot;,&quot;camera&quot;:&quot;&quot;,&quot;caption&quot;:&quot;&quot;,&quot;created_timestamp&quot;:&quot;0&quot;,&quot;copyright&quot;:&quot;&quot;,&quot;focal_length&quot;:&quot;0&quot;,&quot;iso&quot;:&quot;0&quot;,&quot;shutter_speed&quot;:&quot;0&quot;,&quot;title&quot;:&quot;&quot;,&quot;orientation&quot;:&quot;0&quot;}\" data-image-title=\"1M5A4964\" data-image-description=\"\" data-image-caption=\"\" data-large-file=\"https:\/\/www.hoymercedes.com.ar\/principal\/wp-content\/uploads\/2022\/11\/1M5A4964.jpg\" src=\"https:\/\/www.hoymercedes.com.ar\/principal\/wp-content\/uploads\/2022\/11\/1M5A4964.jpg\" alt=\"\" class=\"wp-image-155901\" width=\"960\" height=\"640\" srcset=\"https:\/\/www.hoymercedes.com.ar\/principal\/wp-content\/uploads\/2022\/11\/1M5A4964.jpg 922w, https:\/\/www.hoymercedes.com.ar\/principal\/wp-content\/uploads\/2022\/11\/1M5A4964-630x420.jpg 630w, https:\/\/www.hoymercedes.com.ar\/principal\/wp-content\/uploads\/2022\/11\/1M5A4964-150x100.jpg 150w\" sizes=\"auto, (max-width: 960px) 100vw, 960px\" \/><\/figure>\n\n\n\n<p>La jornada cont\u00f3 con la primera marcha del orgullo realizada en el casco hist\u00f3rico de la ciudad. Luego se dirigieron al Complejo Cultural La Trocha donde la velada fue excepcional, destacaron. \u00a0<\/p>\n\n\n\n<figure class=\"wp-block-image size-full is-resized\"><img loading=\"lazy\" decoding=\"async\" data-attachment-id=\"155902\" data-permalink=\"https:\/\/www.hoymercedes.com.ar\/principal\/2022\/11\/28\/la-fiesta-del-orgullo-fue-un-gran-exito\/1m5a4464\/#main\" data-orig-file=\"https:\/\/www.hoymercedes.com.ar\/principal\/wp-content\/uploads\/2022\/11\/1M5A4464.jpg\" data-orig-size=\"922,615\" data-comments-opened=\"0\" data-image-meta=\"{&quot;aperture&quot;:&quot;0&quot;,&quot;credit&quot;:&quot;&quot;,&quot;camera&quot;:&quot;&quot;,&quot;caption&quot;:&quot;&quot;,&quot;created_timestamp&quot;:&quot;0&quot;,&quot;copyright&quot;:&quot;&quot;,&quot;focal_length&quot;:&quot;0&quot;,&quot;iso&quot;:&quot;0&quot;,&quot;shutter_speed&quot;:&quot;0&quot;,&quot;title&quot;:&quot;&quot;,&quot;orientation&quot;:&quot;0&quot;}\" data-image-title=\"1M5A4464\" data-image-description=\"\" data-image-caption=\"\" data-large-file=\"https:\/\/www.hoymercedes.com.ar\/principal\/wp-content\/uploads\/2022\/11\/1M5A4464.jpg\" src=\"https:\/\/www.hoymercedes.com.ar\/principal\/wp-content\/uploads\/2022\/11\/1M5A4464.jpg\" alt=\"\" class=\"wp-image-155902\" width=\"961\" height=\"641\" srcset=\"https:\/\/www.hoymercedes.com.ar\/principal\/wp-content\/uploads\/2022\/11\/1M5A4464.jpg 922w, https:\/\/www.hoymercedes.com.ar\/principal\/wp-content\/uploads\/2022\/11\/1M5A4464-630x420.jpg 630w, https:\/\/www.hoymercedes.com.ar\/principal\/wp-content\/uploads\/2022\/11\/1M5A4464-150x100.jpg 150w\" sizes=\"auto, (max-width: 961px) 100vw, 961px\" \/><\/figure>\n","protected":false},"excerpt":{"rendered":"<p>La segunda fiesta del orgullo se realiz\u00f3 al finalizar la primera marcha concretada en nuestra ciudad. Cont\u00f3 con el apoyo &#8230; <a title=\"La Fiesta del Orgullo fue un gran \u00e9xito \u00a0\" class=\"read-more\" href=\"https:\/\/www.hoymercedes.com.ar\/principal\/2022\/11\/28\/la-fiesta-del-orgullo-fue-un-gran-exito\/\" aria-label=\"Leer m\u00e1s sobre La Fiesta del Orgullo fue un gran \u00e9xito \u00a0\">Leer m\u00e1s<\/a><\/p>\n","protected":false},"author":1,"featured_media":155899,"comment_status":"closed","ping_status":"open","sticky":false,"template":"","format":"standard","meta":{"_monsterinsights_skip_tracking":false,"_monsterinsights_sitenote_active":false,"_monsterinsights_sitenote_note":"","_monsterinsights_sitenote_category":0,"jetpack_post_was_ever_published":false,"_jetpack_newsletter_access":"","_jetpack_dont_email_post_to_subs":false,"_jetpack_newsletter_tier_id":0,"_jetpack_memberships_contains_paywalled_content":false,"_jetpack_memberships_contains_paid_content":false,"footnotes":"","jetpack_publicize_message":"","jetpack_publicize_feature_enabled":true,"jetpack_social_post_already_shared":true,"jetpack_social_options":{"image_generator_settings":{"template":"highway","default_image_id":0,"font":"","enabled":false},"version":2},"_wpas_customize_per_network":false},"categories":[8],"tags":[11910,18594,18280,18595],"class_list":["post-155898","post","type-post","status-publish","format-standard","has-post-thumbnail","hentry","category-sociedad","tag-clara-zunino","tag-fiesta-del-orgullo","tag-guadalupe-gonzalez","tag-marcha-dle-orgullo","generate-columns","tablet-grid-50","mobile-grid-100","grid-parent","grid-50"],"jetpack_publicize_connections":[],"jetpack_featured_media_url":"https:\/\/www.hoymercedes.com.ar\/principal\/wp-content\/uploads\/2022\/11\/1M5A4220.jpg","wps_subtitle":"Derechos, inclusi\u00f3n y sociedad m\u00e1s justa","jetpack_sharing_enabled":true,"_links":{"self":[{"href":"https:\/\/www.hoymercedes.com.ar\/principal\/wp-json\/wp\/v2\/posts\/155898","targetHints":{"allow":["GET"]}}],"collection":[{"href":"https:\/\/www.hoymercedes.com.ar\/principal\/wp-json\/wp\/v2\/posts"}],"about":[{"href":"https:\/\/www.hoymercedes.com.ar\/principal\/wp-json\/wp\/v2\/types\/post"}],"author":[{"embeddable":true,"href":"https:\/\/www.hoymercedes.com.ar\/principal\/wp-json\/wp\/v2\/users\/1"}],"replies":[{"embeddable":true,"href":"https:\/\/www.hoymercedes.com.ar\/principal\/wp-json\/wp\/v2\/comments?post=155898"}],"version-history":[{"count":0,"href":"https:\/\/www.hoymercedes.com.ar\/principal\/wp-json\/wp\/v2\/posts\/155898\/revisions"}],"wp:featuredmedia":[{"embeddable":true,"href":"https:\/\/www.hoymercedes.com.ar\/principal\/wp-json\/wp\/v2\/media\/155899"}],"wp:attachment":[{"href":"https:\/\/www.hoymercedes.com.ar\/principal\/wp-json\/wp\/v2\/media?parent=155898"}],"wp:term":[{"taxonomy":"category","embeddable":true,"href":"https:\/\/www.hoymercedes.com.ar\/principal\/wp-json\/wp\/v2\/categories?post=155898"},{"taxonomy":"post_tag","embeddable":true,"href":"https:\/\/www.hoymercedes.com.ar\/principal\/wp-json\/wp\/v2\/tags?post=155898"}],"curies":[{"name":"wp","href":"https:\/\/api.w.org\/{rel}","templated":true}]}}