{"id":155960,"date":"2022-11-29T09:35:00","date_gmt":"2022-11-29T12:35:00","guid":{"rendered":"https:\/\/www.hoymercedes.com.ar\/principal\/?p=155960"},"modified":"2022-11-29T12:42:27","modified_gmt":"2022-11-29T15:42:27","slug":"se-realizo-el-festival-mascotero-en-mercedes","status":"publish","type":"post","link":"https:\/\/www.hoymercedes.com.ar\/principal\/2022\/11\/29\/se-realizo-el-festival-mascotero-en-mercedes\/","title":{"rendered":"Se realiz\u00f3 el festival mascotero en Mercedes"},"content":{"rendered":"\n<p>En la tarde del domingo se realiz\u00f3 un encuentro entre familias y mascotas. En La Trocha, estuvo presente el Dr. Romero quien brind\u00f3 una charla a los presentes sobre cuidado animal. Hubo exposici\u00f3n, pets shop, vacunaci\u00f3n, prevenci\u00f3n y controles. <\/p>\n\n\n<div class=\"wp-block-image\">\n<figure class=\"aligncenter size-full\"><img loading=\"lazy\" decoding=\"async\" width=\"800\" height=\"533\" data-attachment-id=\"155961\" data-permalink=\"https:\/\/www.hoymercedes.com.ar\/principal\/2022\/11\/29\/se-realizo-el-festival-mascotero-en-mercedes\/dsc05450\/#main\" data-orig-file=\"https:\/\/www.hoymercedes.com.ar\/principal\/wp-content\/uploads\/2022\/11\/DSC05450.jpg\" data-orig-size=\"800,533\" data-comments-opened=\"0\" data-image-meta=\"{&quot;aperture&quot;:&quot;0&quot;,&quot;credit&quot;:&quot;&quot;,&quot;camera&quot;:&quot;&quot;,&quot;caption&quot;:&quot;&quot;,&quot;created_timestamp&quot;:&quot;0&quot;,&quot;copyright&quot;:&quot;&quot;,&quot;focal_length&quot;:&quot;0&quot;,&quot;iso&quot;:&quot;0&quot;,&quot;shutter_speed&quot;:&quot;0&quot;,&quot;title&quot;:&quot;&quot;,&quot;orientation&quot;:&quot;0&quot;}\" data-image-title=\"DSC05450\" data-image-description=\"\" data-image-caption=\"\" data-large-file=\"https:\/\/www.hoymercedes.com.ar\/principal\/wp-content\/uploads\/2022\/11\/DSC05450.jpg\" src=\"https:\/\/www.hoymercedes.com.ar\/principal\/wp-content\/uploads\/2022\/11\/DSC05450.jpg\" alt=\"\" class=\"wp-image-155961\" srcset=\"https:\/\/www.hoymercedes.com.ar\/principal\/wp-content\/uploads\/2022\/11\/DSC05450.jpg 800w, https:\/\/www.hoymercedes.com.ar\/principal\/wp-content\/uploads\/2022\/11\/DSC05450-630x420.jpg 630w, https:\/\/www.hoymercedes.com.ar\/principal\/wp-content\/uploads\/2022\/11\/DSC05450-150x100.jpg 150w, https:\/\/www.hoymercedes.com.ar\/principal\/wp-content\/uploads\/2022\/11\/DSC05450-700x465.jpg 700w\" sizes=\"auto, (max-width: 800px) 100vw, 800px\" \/><\/figure>\n<\/div>\n\n\n<p>\u201cFue una fiesta hermosa. Nos llena de alegr\u00eda el compromiso de las y los vecinos, como as\u00ed tambi\u00e9n de todo el personal de zoonosis que cada d\u00eda dan lo mejor de s\u00ed por la protecci\u00f3n y cuidado animal\u201d, dijo el secretario de salud, Dr. N\u00e9stor Pisapia. \u00a0<\/p>\n\n\n\n<p>La actividad fue en la tarde de este domingo en La Trocha, contando con una nutrida asistencia aprovechando la frondosa arboleda del lugar, el aire libre y as\u00ed vivir una jornada de encuentro, capacitaci\u00f3n y entretenimiento. &nbsp;<\/p>\n\n\n\n<p>\u201cEstamos muy felices por esta propuesta que fue un \u00e9xito. Queremos agradecer al Dr. Romero que una vez m\u00e1s nos visita y nos brinda una capacitaci\u00f3n con toda su experiencia y sabidur\u00eda en un tema que nos es siempre muy importante: el cuidado animal\u201d, dijo el Dr. N\u00e9stor Pisapia, secretario de salud. &nbsp;<\/p>\n\n\n\n<p>El profesional tambi\u00e9n destaco \u201cel apoyo, acompa\u00f1amiento y compromiso de las distintas organizaciones proteccionistas de la ciudad. Sin ellas y ellos esto no ser\u00eda posible. Estamos muy agradecidos por el trabajo que realizan. Como siempre dice nuestro intendente Ustarroz el privado solo no puede, el Estado solo tampoco, por eso es clave trabajar unidos en los temas que nos interesan como sociedad\u201d, manifest\u00f3 Pisapia sin olvidar de agradecer \u201ca la empresa MARS que siempre nos acompa\u00f1a e impulsa este tipo de acciones, proveyendo de alimentos, pero tambi\u00e9n de personas comprometidas y dedicadas\u201d, sostuvo. &nbsp;<\/p>\n\n\n\n<p>Por su parte, el Dr. Romero manifest\u00f3 \u201cante todo quiero saludar y agradecer al intendente Ustarroz y a todos los que trabajaron para que esto sea posible\u201d<\/p>\n\n\n\n<p>El mismo cont\u00f3 con diferentes actividades y propuestas, entre ellas, estuvo el Dr. Romero haciendo charlas sobre tenencia responsable, puesto de castraci\u00f3n y vacunaci\u00f3n antirr\u00e1bica, peluquer\u00eda canina, jornada de adopci\u00f3n, desfile canino, etc. Todo organizado con diferentes organizaciones proteccionistas de Mercedes, la Secretar\u00eda de Salud y el \u00e1rea de Veterinaria y zoonosis.&nbsp;<\/p>\n","protected":false},"excerpt":{"rendered":"<p>En la tarde del domingo se realiz\u00f3 un encuentro entre familias y mascotas. En La Trocha, estuvo presente el Dr. Romero quien brind\u00f3 una charla a los presentes sobre cuidado animal<\/p>\n","protected":false},"author":1,"featured_media":155961,"comment_status":"closed","ping_status":"open","sticky":false,"template":"","format":"standard","meta":{"_monsterinsights_skip_tracking":false,"_monsterinsights_sitenote_active":false,"_monsterinsights_sitenote_note":"","_monsterinsights_sitenote_category":0,"jetpack_post_was_ever_published":false,"_jetpack_newsletter_access":"","_jetpack_dont_email_post_to_subs":false,"_jetpack_newsletter_tier_id":0,"_jetpack_memberships_contains_paywalled_content":false,"_jetpack_memberships_contains_paid_content":false,"footnotes":"","jetpack_publicize_message":"","jetpack_publicize_feature_enabled":true,"jetpack_social_post_already_shared":true,"jetpack_social_options":{"image_generator_settings":{"template":"highway","default_image_id":0,"font":"","enabled":false},"version":2},"_wpas_customize_per_network":false},"categories":[8],"tags":[],"class_list":["post-155960","post","type-post","status-publish","format-standard","has-post-thumbnail","hentry","category-sociedad","generate-columns","tablet-grid-50","mobile-grid-100","grid-parent","grid-50"],"jetpack_publicize_connections":[],"jetpack_featured_media_url":"https:\/\/www.hoymercedes.com.ar\/principal\/wp-content\/uploads\/2022\/11\/DSC05450.jpg","wps_subtitle":"","jetpack_sharing_enabled":true,"_links":{"self":[{"href":"https:\/\/www.hoymercedes.com.ar\/principal\/wp-json\/wp\/v2\/posts\/155960","targetHints":{"allow":["GET"]}}],"collection":[{"href":"https:\/\/www.hoymercedes.com.ar\/principal\/wp-json\/wp\/v2\/posts"}],"about":[{"href":"https:\/\/www.hoymercedes.com.ar\/principal\/wp-json\/wp\/v2\/types\/post"}],"author":[{"embeddable":true,"href":"https:\/\/www.hoymercedes.com.ar\/principal\/wp-json\/wp\/v2\/users\/1"}],"replies":[{"embeddable":true,"href":"https:\/\/www.hoymercedes.com.ar\/principal\/wp-json\/wp\/v2\/comments?post=155960"}],"version-history":[{"count":0,"href":"https:\/\/www.hoymercedes.com.ar\/principal\/wp-json\/wp\/v2\/posts\/155960\/revisions"}],"wp:featuredmedia":[{"embeddable":true,"href":"https:\/\/www.hoymercedes.com.ar\/principal\/wp-json\/wp\/v2\/media\/155961"}],"wp:attachment":[{"href":"https:\/\/www.hoymercedes.com.ar\/principal\/wp-json\/wp\/v2\/media?parent=155960"}],"wp:term":[{"taxonomy":"category","embeddable":true,"href":"https:\/\/www.hoymercedes.com.ar\/principal\/wp-json\/wp\/v2\/categories?post=155960"},{"taxonomy":"post_tag","embeddable":true,"href":"https:\/\/www.hoymercedes.com.ar\/principal\/wp-json\/wp\/v2\/tags?post=155960"}],"curies":[{"name":"wp","href":"https:\/\/api.w.org\/{rel}","templated":true}]}}