{"id":155969,"date":"2022-11-29T14:02:00","date_gmt":"2022-11-29T17:02:00","guid":{"rendered":"https:\/\/www.hoymercedes.com.ar\/principal\/?p=155969"},"modified":"2022-11-29T13:39:21","modified_gmt":"2022-11-29T16:39:21","slug":"haran-testeos-rapidos-de-vih-y-sifilis-el-1-de-diciembre","status":"publish","type":"post","link":"https:\/\/www.hoymercedes.com.ar\/principal\/2022\/11\/29\/haran-testeos-rapidos-de-vih-y-sifilis-el-1-de-diciembre\/","title":{"rendered":"Har\u00e1n testeos r\u00e1pidos de VIH y s\u00edfilis el 1\u00b0 de diciembre"},"content":{"rendered":"\n<p>Desde la Secretar\u00eda de Salud del Municipio de Mercedes, en el marco del D\u00eda Mundial del Sida, anunciaron que el pr\u00f3ximo jueves 1\u00b0 de diciembre, de 9 a 12 horas realizar\u00e1n testeos r\u00e1pidos de VIH y s\u00edfilis en la plaza San Mart\u00edn.<\/p>\n\n\n\n<p>El secretario de salud, N\u00e9stor Pisapia se\u00f1al\u00f3 \u201cen este d\u00eda \u2013primero de diciembre- programamos una jornada de testeos r\u00e1pidos en la plaza San Mart\u00edn, donde m\u00e1s all\u00e1 de los testeos, queremos concientizar a la gente sobre la importancia de los cuidados que significa la prevenci\u00f3n y el diagn\u00f3stico temprano de las diferentes enfermedades\u201d. <\/p>\n\n\n\n<p>\u00abEs importante que la gente tome conciencia que el HIV, pr\u00e1cticamente, ha dejado de ser una enfermedad mortal, donde han evolucionado tanto los tratamientos que la han transformado en una enfermedad cr\u00f3nica, tratable en la cual los pacientes pueden estar medicados y pueden desarrollar su vida normalmente\u201d, agreg\u00f3.<\/p>\n\n\n\n<p>\u201cEstos test son de car\u00e1cter confidencial, existe un protocolo posterior dependiendo del resultado de la muestra, pero todo es confidencial y gratuito\u201d se\u00f1al\u00f3 el Dr. Pisapia.<\/p>\n\n\n\n<p>En este sentido, el Secretario de Salud destac\u00f3 \u201cque desde el Estado se pueda incentivar este tipo de an\u00e1lisis y cuidados para las personas\u201d e indic\u00f3 \u201ces muy importante el cuidado previo a una relaci\u00f3n, a trav\u00e9s de los preservativos, que tambi\u00e9n son gratuitos y est\u00e1n en todas las salitas o retirarlos en el hospital, siendo, adem\u00e1s, uno de los m\u00e9todos anticonceptivos con mayor efectividad\u201d.<\/p>\n\n\n\n<p>En este sentido, destac\u00f3 \u201cm\u00e1s all\u00e1 de los m\u00e9todos anticonceptivos para la prevenci\u00f3n de los embarazos est\u00e1 bueno saber que el preservativo tiene ese plus, donde es un m\u00e9todo de barrera para las enfermedades y los embarazos\u201d.\u00a0<\/p>\n\n\n\n<p>Fuente: Prensa Municipal\u00a0\u00a0<\/p>\n","protected":false},"excerpt":{"rendered":"<p>Desde la Secretar\u00eda de Salud del Municipio de Mercedes, en el marco del D\u00eda Mundial del Sida, anunciaron que el pr\u00f3ximo jueves 1\u00b0 de diciembre, de 9 a 12 horas realizar\u00e1n testeos r\u00e1pidos de VIH y s\u00edfilis en la plaza San Mart\u00edn.<\/p>\n","protected":false},"author":1,"featured_media":155970,"comment_status":"closed","ping_status":"open","sticky":false,"template":"","format":"standard","meta":{"_monsterinsights_skip_tracking":false,"_monsterinsights_sitenote_active":false,"_monsterinsights_sitenote_note":"","_monsterinsights_sitenote_category":0,"jetpack_post_was_ever_published":false,"_jetpack_newsletter_access":"","_jetpack_dont_email_post_to_subs":false,"_jetpack_newsletter_tier_id":0,"_jetpack_memberships_contains_paywalled_content":false,"_jetpack_memberships_contains_paid_content":false,"footnotes":"","jetpack_publicize_message":"","jetpack_publicize_feature_enabled":true,"jetpack_social_post_already_shared":true,"jetpack_social_options":{"image_generator_settings":{"template":"highway","default_image_id":0,"font":"","enabled":false},"version":2},"_wpas_customize_per_network":false},"categories":[30],"tags":[13268,12173,244,134,18601,16744],"class_list":["post-155969","post","type-post","status-publish","format-standard","has-post-thumbnail","hentry","category-municipio","tag-controles","tag-hiv","tag-municipio-2","tag-salud","tag-sifilis-2","tag-vih","generate-columns","tablet-grid-50","mobile-grid-100","grid-parent","grid-50"],"jetpack_publicize_connections":[],"jetpack_featured_media_url":"https:\/\/www.hoymercedes.com.ar\/principal\/wp-content\/uploads\/2022\/11\/dia-lucha-sida.jpg","wps_subtitle":"","jetpack_sharing_enabled":true,"_links":{"self":[{"href":"https:\/\/www.hoymercedes.com.ar\/principal\/wp-json\/wp\/v2\/posts\/155969","targetHints":{"allow":["GET"]}}],"collection":[{"href":"https:\/\/www.hoymercedes.com.ar\/principal\/wp-json\/wp\/v2\/posts"}],"about":[{"href":"https:\/\/www.hoymercedes.com.ar\/principal\/wp-json\/wp\/v2\/types\/post"}],"author":[{"embeddable":true,"href":"https:\/\/www.hoymercedes.com.ar\/principal\/wp-json\/wp\/v2\/users\/1"}],"replies":[{"embeddable":true,"href":"https:\/\/www.hoymercedes.com.ar\/principal\/wp-json\/wp\/v2\/comments?post=155969"}],"version-history":[{"count":0,"href":"https:\/\/www.hoymercedes.com.ar\/principal\/wp-json\/wp\/v2\/posts\/155969\/revisions"}],"wp:featuredmedia":[{"embeddable":true,"href":"https:\/\/www.hoymercedes.com.ar\/principal\/wp-json\/wp\/v2\/media\/155970"}],"wp:attachment":[{"href":"https:\/\/www.hoymercedes.com.ar\/principal\/wp-json\/wp\/v2\/media?parent=155969"}],"wp:term":[{"taxonomy":"category","embeddable":true,"href":"https:\/\/www.hoymercedes.com.ar\/principal\/wp-json\/wp\/v2\/categories?post=155969"},{"taxonomy":"post_tag","embeddable":true,"href":"https:\/\/www.hoymercedes.com.ar\/principal\/wp-json\/wp\/v2\/tags?post=155969"}],"curies":[{"name":"wp","href":"https:\/\/api.w.org\/{rel}","templated":true}]}}