{"id":155979,"date":"2022-11-29T17:40:01","date_gmt":"2022-11-29T20:40:01","guid":{"rendered":"https:\/\/www.hoymercedes.com.ar\/principal\/?p=155979"},"modified":"2022-11-29T17:40:26","modified_gmt":"2022-11-29T20:40:26","slug":"eden-informa","status":"publish","type":"post","link":"https:\/\/www.hoymercedes.com.ar\/principal\/2022\/11\/29\/eden-informa\/","title":{"rendered":"EDEN informa"},"content":{"rendered":"\n<p>EDEN informa que, debido a inconvenientes en el sistema de alta tensi\u00f3n de la empresa transportista TRANSBA, generados por las altas temperaturas y el consecuente incremento del consumo se decide realizar distintos cortes programados para evitar fallas en los Transformadores e interrupciones m\u00e1s complejas en el suministro del servicio el\u00e9ctrico.<\/p>\n\n\n\n<p>Vale aclarar que ya se hicieron las gestiones necesarias ante la Secretar\u00eda de Energ\u00eda de la Naci\u00f3n, la cual autoriz\u00f3 la instalaci\u00f3n de Generaci\u00f3n Distribuida por 4 MVA para aliviar el NODO. Dichos equipos se instalar\u00e1n en el Parque Industrial de Mercedes y se estar\u00e1 concretando en los pr\u00f3ximos d\u00edas.<\/p>\n\n\n\n<p>Como es habitual en estos casos, EDEN, a trav\u00e9s de su Centro Operativo, mantiene contacto permanente con la empresa transportista TRANSBA a fin de ponerse a disposici\u00f3n y contribuir para solucionar los inconvenientes ocasionados y que pueda restablecerse el servicio lo antes posible.<\/p>\n\n\n\n<p>Ante cualquier consulta o reclamo, los usuarios pueden contactarse al WhatsApp: 3364 52-6944 wa.me\/543364526944 o 0800-999-3336 para realizar reclamos t\u00e9cnicos las 24 hs todos los d\u00edas, App EDEN M\u00f3vil, Sucursal Virtual: https:\/\/sucursalvirtual.edensa.com.ar\/<\/p>\n","protected":false},"excerpt":{"rendered":"<p>EDEN informa que, debido a inconvenientes en el sistema de alta tensi\u00f3n de la empresa transportista TRANSBA, generados por las &#8230; <a title=\"EDEN informa\" class=\"read-more\" href=\"https:\/\/www.hoymercedes.com.ar\/principal\/2022\/11\/29\/eden-informa\/\" aria-label=\"Leer m\u00e1s sobre EDEN informa\">Leer m\u00e1s<\/a><\/p>\n","protected":false},"author":1,"featured_media":155980,"comment_status":"closed","ping_status":"open","sticky":false,"template":"","format":"standard","meta":{"_monsterinsights_skip_tracking":false,"_monsterinsights_sitenote_active":false,"_monsterinsights_sitenote_note":"","_monsterinsights_sitenote_category":0,"jetpack_post_was_ever_published":false,"_jetpack_newsletter_access":"","_jetpack_dont_email_post_to_subs":false,"_jetpack_newsletter_tier_id":0,"_jetpack_memberships_contains_paywalled_content":false,"_jetpack_memberships_contains_paid_content":false,"footnotes":"","jetpack_publicize_message":"","jetpack_publicize_feature_enabled":true,"jetpack_social_post_already_shared":true,"jetpack_social_options":{"image_generator_settings":{"template":"highway","default_image_id":0,"font":"","enabled":false},"version":2},"_wpas_customize_per_network":false},"categories":[8],"tags":[],"class_list":["post-155979","post","type-post","status-publish","format-standard","has-post-thumbnail","hentry","category-sociedad","generate-columns","tablet-grid-50","mobile-grid-100","grid-parent","grid-50"],"jetpack_publicize_connections":[],"jetpack_featured_media_url":"https:\/\/www.hoymercedes.com.ar\/principal\/wp-content\/uploads\/2022\/11\/EDEN-Informa.jpg","wps_subtitle":"","jetpack_sharing_enabled":true,"_links":{"self":[{"href":"https:\/\/www.hoymercedes.com.ar\/principal\/wp-json\/wp\/v2\/posts\/155979","targetHints":{"allow":["GET"]}}],"collection":[{"href":"https:\/\/www.hoymercedes.com.ar\/principal\/wp-json\/wp\/v2\/posts"}],"about":[{"href":"https:\/\/www.hoymercedes.com.ar\/principal\/wp-json\/wp\/v2\/types\/post"}],"author":[{"embeddable":true,"href":"https:\/\/www.hoymercedes.com.ar\/principal\/wp-json\/wp\/v2\/users\/1"}],"replies":[{"embeddable":true,"href":"https:\/\/www.hoymercedes.com.ar\/principal\/wp-json\/wp\/v2\/comments?post=155979"}],"version-history":[{"count":0,"href":"https:\/\/www.hoymercedes.com.ar\/principal\/wp-json\/wp\/v2\/posts\/155979\/revisions"}],"wp:featuredmedia":[{"embeddable":true,"href":"https:\/\/www.hoymercedes.com.ar\/principal\/wp-json\/wp\/v2\/media\/155980"}],"wp:attachment":[{"href":"https:\/\/www.hoymercedes.com.ar\/principal\/wp-json\/wp\/v2\/media?parent=155979"}],"wp:term":[{"taxonomy":"category","embeddable":true,"href":"https:\/\/www.hoymercedes.com.ar\/principal\/wp-json\/wp\/v2\/categories?post=155979"},{"taxonomy":"post_tag","embeddable":true,"href":"https:\/\/www.hoymercedes.com.ar\/principal\/wp-json\/wp\/v2\/tags?post=155979"}],"curies":[{"name":"wp","href":"https:\/\/api.w.org\/{rel}","templated":true}]}}