{"id":15598,"date":"2012-08-28T03:05:24","date_gmt":"2012-08-28T03:05:24","guid":{"rendered":"http:\/\/www.hoymercedes.com.ar\/principal\/?p=15598"},"modified":"2012-08-28T03:05:37","modified_gmt":"2012-08-28T03:05:37","slug":"paso-a-hacienda-propuesta-de-union-pro-vetada-por-el-ejecutivo","status":"publish","type":"post","link":"https:\/\/www.hoymercedes.com.ar\/principal\/2012\/08\/28\/paso-a-hacienda-propuesta-de-union-pro-vetada-por-el-ejecutivo\/","title":{"rendered":"Pas\u00f3 a Hacienda propuesta de Uni\u00f3n Pro vetada por el Ejecutivo"},"content":{"rendered":"<p>La sesi\u00f3n del Concejo Deliberante de este lunes dej\u00f3 varios temas para analizar, uno de ellos es el pase a la Comisi\u00f3n de Hacienda del proyecto de Uni\u00f3n Pro de utilizar parte del denominado \u00abfondo sojero\u00bb para la construcci\u00f3n de viviendas en la ciudad. \u00a0El tema hab\u00eda sido aprobado en la sesi\u00f3n anterior y en la realizada la noche del lunes arrib\u00f3 nuevamente con el veto del intendente Selva a partir de una justificaci\u00f3n puramente t\u00e9cnica donde se agarraba de normas y reglamentos para mantener el fondo bajo su \u00f3rbita.<\/p>\n<p>El Concejo, luego de la locuci\u00f3n y defensa del Concejal Benitez lo pas\u00f3 a la Comisi\u00f3n de Hacienda para que sea revisado buscando no quede simplemente ah\u00ed. Desde el oficialismo alegaron que ya est\u00e1 disponible para obras de todo tipo, desde casas a lo que sea necesario para la comuna.<\/p>\n<p>El debate se cerr\u00f3 con el pase a comisi\u00f3n.<\/p>\n<p>Otro asunto que di\u00f3 para el cruce de opini\u00f3n fue un informe que el oficialismo quer\u00eda enviar directamente a archivo relacionado a Seguridad. Desde diversos bloques, especialmente el Frente Mercedino, se buscaba no fuese as\u00ed y sea girado a la Comisi\u00f3n de Seguridad por lo menos para tomar conocimiento. El informe no est\u00e1 completo para ser tratado sobre tablas ante lo cual lo que ped\u00edan era un m\u00ednimo de lectura sobre el mismo. Luego de un intercambios entre los ediles, especialmente entre L\u00f3pez y Pr\u00edncipi se logr\u00f3 por unanimidad fuese girado a la Comisi\u00f3n de Seguridad<\/p>\n","protected":false},"excerpt":{"rendered":"<p>La sesi\u00f3n del Concejo Deliberante de este lunes dej\u00f3 varios temas para analizar, uno de ellos es el pase a &#8230; <a title=\"Pas\u00f3 a Hacienda propuesta de Uni\u00f3n Pro vetada por el Ejecutivo\" class=\"read-more\" href=\"https:\/\/www.hoymercedes.com.ar\/principal\/2012\/08\/28\/paso-a-hacienda-propuesta-de-union-pro-vetada-por-el-ejecutivo\/\" aria-label=\"Leer m\u00e1s sobre Pas\u00f3 a Hacienda propuesta de Uni\u00f3n Pro vetada por el Ejecutivo\">Leer m\u00e1s<\/a><\/p>\n","protected":false},"author":1,"featured_media":0,"comment_status":"open","ping_status":"open","sticky":false,"template":"","format":"standard","meta":{"_monsterinsights_skip_tracking":false,"_monsterinsights_sitenote_active":false,"_monsterinsights_sitenote_note":"","_monsterinsights_sitenote_category":0,"jetpack_post_was_ever_published":false,"_jetpack_newsletter_access":"","_jetpack_dont_email_post_to_subs":false,"_jetpack_newsletter_tier_id":0,"_jetpack_memberships_contains_paywalled_content":false,"_jetpack_memberships_contains_paid_content":false,"footnotes":"","jetpack_publicize_message":"","jetpack_publicize_feature_enabled":true,"jetpack_social_post_already_shared":false,"jetpack_social_options":{"image_generator_settings":{"template":"highway","default_image_id":0,"font":"","enabled":false},"version":2},"_wpas_customize_per_network":false},"categories":[5],"tags":[469,45,132,18,364],"class_list":["post-15598","post","type-post","status-publish","format-standard","hentry","category-politica","tag-benitez","tag-concejo-deliberante-mercedes","tag-principi","tag-selva","tag-union-pro","generate-columns","tablet-grid-50","mobile-grid-100","grid-parent","grid-50"],"jetpack_publicize_connections":[],"jetpack_featured_media_url":"","wps_subtitle":"","jetpack_sharing_enabled":true,"_links":{"self":[{"href":"https:\/\/www.hoymercedes.com.ar\/principal\/wp-json\/wp\/v2\/posts\/15598","targetHints":{"allow":["GET"]}}],"collection":[{"href":"https:\/\/www.hoymercedes.com.ar\/principal\/wp-json\/wp\/v2\/posts"}],"about":[{"href":"https:\/\/www.hoymercedes.com.ar\/principal\/wp-json\/wp\/v2\/types\/post"}],"author":[{"embeddable":true,"href":"https:\/\/www.hoymercedes.com.ar\/principal\/wp-json\/wp\/v2\/users\/1"}],"replies":[{"embeddable":true,"href":"https:\/\/www.hoymercedes.com.ar\/principal\/wp-json\/wp\/v2\/comments?post=15598"}],"version-history":[{"count":0,"href":"https:\/\/www.hoymercedes.com.ar\/principal\/wp-json\/wp\/v2\/posts\/15598\/revisions"}],"wp:attachment":[{"href":"https:\/\/www.hoymercedes.com.ar\/principal\/wp-json\/wp\/v2\/media?parent=15598"}],"wp:term":[{"taxonomy":"category","embeddable":true,"href":"https:\/\/www.hoymercedes.com.ar\/principal\/wp-json\/wp\/v2\/categories?post=15598"},{"taxonomy":"post_tag","embeddable":true,"href":"https:\/\/www.hoymercedes.com.ar\/principal\/wp-json\/wp\/v2\/tags?post=15598"}],"curies":[{"name":"wp","href":"https:\/\/api.w.org\/{rel}","templated":true}]}}