{"id":155985,"date":"2022-11-30T09:43:00","date_gmt":"2022-11-30T12:43:00","guid":{"rendered":"https:\/\/www.hoymercedes.com.ar\/principal\/?p=155985"},"modified":"2022-11-30T18:10:39","modified_gmt":"2022-11-30T21:10:39","slug":"pro-arte-mercedes-cierra-su-ciclo-2022-con-la-orquesta-tipica-sans-souci","status":"publish","type":"post","link":"https:\/\/www.hoymercedes.com.ar\/principal\/2022\/11\/30\/pro-arte-mercedes-cierra-su-ciclo-2022-con-la-orquesta-tipica-sans-souci\/","title":{"rendered":"Pro Arte Mercedes cierra su ciclo 2022 con la Orquesta T\u00edpica Sans Souci"},"content":{"rendered":"\n<p>El s\u00e1bado 3 de diciembre,&nbsp; a las 20:00,&nbsp; Pro Arte Mercedes \u2013 Centro de Egresados del Colegio Nacional Florentino Ameghino \u2013 finaliza su exitosa temporada 2022 con la presentaci\u00f3n de la destacada Orquesta T\u00edpica Sans Souci&nbsp;<\/p>\n\n\n\n<p><strong>La Orquesta <\/strong>fue creada en 1998 con el objetivo de rescatar, para el p\u00fablico actual, el estilo musical de las orquestas t\u00edpicas de <strong>Miguel Cal\u00f3<\/strong> y <strong>Osmar Maderna<\/strong>, que tuvieron un estilo \u00fanico en la \u00e9poca dorada del Tango.&nbsp;<\/p>\n\n\n\n<p>El conjunto se ha presentado de manera ininterrumpida en diversos escenarios de Argentina y participo, en varias oportunidades, en el \u201c<strong>Festival Mundial de Tango Buenos Aires\u201d<\/strong> y en el programa <strong>\u201cVerano de Emociones\u201d,<\/strong> actuando peri\u00f3dicamente en diversas milongas y escenarios argentinos.&nbsp;<\/p>\n\n\n\n<p><strong>&nbsp;La Orquesta T\u00edpica Sans Souci<\/strong> realiz\u00f3 giras por Paraguay, Brasil y Europa, participando del <strong>Primer Festival Internacional de Tango de<\/strong> <strong>Lisboa, Portugal.<\/strong> Se present\u00f3 con gran \u00e9xito en el&nbsp; <strong>\u201cInternational Tango Summit Los Angeles 2018<\/strong>\u201d, EEUU.&nbsp;<\/p>\n\n\n\n<p>En 2020 grab\u00f3 su tercer \u00e1lbum llamado<strong> \u201cPorte\u00f1\u00edsimo\u201d <\/strong>con las voces de <strong>Chino Laborde, Emiliano Castignola y C\u00e9sar Peduzzi.<\/strong>&nbsp;<\/p>\n\n\n\n<p><strong>En la actualidad la orquesta est\u00e1 integrada por:<\/strong>\u00a0<br>Violines: Paula Garc\u00eda Presas, Amanda Burgos, Carolina Rodr\u00edguez, Soledad Grigera.\u00a0<br>Contrabajo: Mariano Bened\u00e9\u00a0<br>Bandoneones: Oscar Yemha, Yuki Okumura, Ignacio Mart\u00ednez Lallis\u00a0\u00a0<br>Piano: Leonardo Fern\u00e1ndez\u00a0<br>Cantor: Emiliano Castignola\u00a0<\/p>\n\n\n\n<p>El pr\u00f3ximo s\u00e1bado 3 de diciembre, a partir de las 20:00 <strong>La Orquesta<\/strong> <strong>T\u00edpica Sans Souci,<\/strong> interpretar\u00e1: Saludos\u00a0 de Domingo Federico;\u00a0Garras de Troilo\/Contursi; Tierra querida de Julio de Caro; Si yo pudiera comprender de Cal\u00f3\/Rubens; Don Juan de Ernesto Ponzio Cuatro compases de Bruni\/Rubens; Ah\u00ed va el dulce de Canaro; Porte\u00f1isimo de Miguel Cal\u00f3; Luna de Plata de Osmar Maderna; Para Osmar Maderna de Miguel Cal\u00f3; Trenzas de Pontier\/Exp\u00f3sito Chiqu\u00e9 de Brignolo; Lluvia de Abril de Francini\/Centeya; Fantas\u00eda en tiempo de tango de Monti\/Maderna y Remolino de Stamponi\/Castillo.\u00a0<\/p>\n\n\n\n<p>Al concierto del 3 de diciembre, cada socio podr\u00e1 concurrir acompa\u00f1ado por un invitado, sin cargo.&nbsp;&nbsp;<\/p>\n\n\n\n<p>La entrada para no socios tiene un valor de 1000$ y para los alumnos de la Secundaria \u201cFlorentino Ameghino\u201d, Conservatorio y Orquesta Escuela de la Ciudad de Mercedes, ser\u00e1 gratuita.&nbsp;<\/p>\n\n\n<div class=\"wp-block-image\">\n<figure class=\"aligncenter size-full\"><img loading=\"lazy\" decoding=\"async\" width=\"497\" height=\"800\" data-attachment-id=\"155986\" data-permalink=\"https:\/\/www.hoymercedes.com.ar\/principal\/2022\/11\/30\/pro-arte-mercedes-cierra-su-ciclo-2022-con-la-orquesta-tipica-sans-souci\/whatsapp-image-2022-11-30-at-08-22-29\/#main\" data-orig-file=\"https:\/\/www.hoymercedes.com.ar\/principal\/wp-content\/uploads\/2022\/11\/WhatsApp-Image-2022-11-30-at-08.22.29.jpeg\" data-orig-size=\"497,800\" data-comments-opened=\"0\" data-image-meta=\"{&quot;aperture&quot;:&quot;0&quot;,&quot;credit&quot;:&quot;&quot;,&quot;camera&quot;:&quot;&quot;,&quot;caption&quot;:&quot;&quot;,&quot;created_timestamp&quot;:&quot;1669797123&quot;,&quot;copyright&quot;:&quot;&quot;,&quot;focal_length&quot;:&quot;0&quot;,&quot;iso&quot;:&quot;0&quot;,&quot;shutter_speed&quot;:&quot;0&quot;,&quot;title&quot;:&quot;&quot;,&quot;orientation&quot;:&quot;1&quot;}\" data-image-title=\"WhatsApp Image 2022-11-30 at 08.22.29\" data-image-description=\"\" data-image-caption=\"\" data-large-file=\"https:\/\/www.hoymercedes.com.ar\/principal\/wp-content\/uploads\/2022\/11\/WhatsApp-Image-2022-11-30-at-08.22.29.jpeg\" src=\"https:\/\/www.hoymercedes.com.ar\/principal\/wp-content\/uploads\/2022\/11\/WhatsApp-Image-2022-11-30-at-08.22.29.jpeg\" alt=\"\" class=\"wp-image-155986\" srcset=\"https:\/\/www.hoymercedes.com.ar\/principal\/wp-content\/uploads\/2022\/11\/WhatsApp-Image-2022-11-30-at-08.22.29.jpeg 497w, https:\/\/www.hoymercedes.com.ar\/principal\/wp-content\/uploads\/2022\/11\/WhatsApp-Image-2022-11-30-at-08.22.29-385x620.jpeg 385w, https:\/\/www.hoymercedes.com.ar\/principal\/wp-content\/uploads\/2022\/11\/WhatsApp-Image-2022-11-30-at-08.22.29-93x150.jpeg 93w\" sizes=\"auto, (max-width: 497px) 100vw, 497px\" \/><\/figure>\n<\/div>","protected":false},"excerpt":{"rendered":"<p>El s\u00e1bado 3 de diciembre,\u00a0 a las 20:00,\u00a0 Pro Arte Mercedes \u2013 Centro de Egresados del Colegio Nacional Florentino Ameghino \u2013 finaliza su exitosa temporada 2022 con la presentaci\u00f3n de la destacada Orquesta T\u00edpica Sans Souci\u00a0<\/p>\n","protected":false},"author":1,"featured_media":155987,"comment_status":"closed","ping_status":"open","sticky":false,"template":"","format":"standard","meta":{"_monsterinsights_skip_tracking":false,"_monsterinsights_sitenote_active":false,"_monsterinsights_sitenote_note":"","_monsterinsights_sitenote_category":0,"jetpack_post_was_ever_published":false,"_jetpack_newsletter_access":"","_jetpack_dont_email_post_to_subs":false,"_jetpack_newsletter_tier_id":0,"_jetpack_memberships_contains_paywalled_content":false,"_jetpack_memberships_contains_paid_content":false,"footnotes":"","jetpack_publicize_message":"","jetpack_publicize_feature_enabled":true,"jetpack_social_post_already_shared":true,"jetpack_social_options":{"image_generator_settings":{"template":"highway","default_image_id":0,"font":"","enabled":false},"version":2},"_wpas_customize_per_network":false},"categories":[104],"tags":[7805],"class_list":["post-155985","post","type-post","status-publish","format-standard","has-post-thumbnail","hentry","category-cultura","tag-cultura","generate-columns","tablet-grid-50","mobile-grid-100","grid-parent","grid-50"],"jetpack_publicize_connections":[],"jetpack_featured_media_url":"https:\/\/www.hoymercedes.com.ar\/principal\/wp-content\/uploads\/2022\/11\/WhatsApp-Image-2022-11-30-at-08.22.36.jpeg","wps_subtitle":"","jetpack_sharing_enabled":true,"_links":{"self":[{"href":"https:\/\/www.hoymercedes.com.ar\/principal\/wp-json\/wp\/v2\/posts\/155985","targetHints":{"allow":["GET"]}}],"collection":[{"href":"https:\/\/www.hoymercedes.com.ar\/principal\/wp-json\/wp\/v2\/posts"}],"about":[{"href":"https:\/\/www.hoymercedes.com.ar\/principal\/wp-json\/wp\/v2\/types\/post"}],"author":[{"embeddable":true,"href":"https:\/\/www.hoymercedes.com.ar\/principal\/wp-json\/wp\/v2\/users\/1"}],"replies":[{"embeddable":true,"href":"https:\/\/www.hoymercedes.com.ar\/principal\/wp-json\/wp\/v2\/comments?post=155985"}],"version-history":[{"count":0,"href":"https:\/\/www.hoymercedes.com.ar\/principal\/wp-json\/wp\/v2\/posts\/155985\/revisions"}],"wp:featuredmedia":[{"embeddable":true,"href":"https:\/\/www.hoymercedes.com.ar\/principal\/wp-json\/wp\/v2\/media\/155987"}],"wp:attachment":[{"href":"https:\/\/www.hoymercedes.com.ar\/principal\/wp-json\/wp\/v2\/media?parent=155985"}],"wp:term":[{"taxonomy":"category","embeddable":true,"href":"https:\/\/www.hoymercedes.com.ar\/principal\/wp-json\/wp\/v2\/categories?post=155985"},{"taxonomy":"post_tag","embeddable":true,"href":"https:\/\/www.hoymercedes.com.ar\/principal\/wp-json\/wp\/v2\/tags?post=155985"}],"curies":[{"name":"wp","href":"https:\/\/api.w.org\/{rel}","templated":true}]}}