{"id":1560,"date":"2011-01-08T17:18:48","date_gmt":"2011-01-08T17:18:48","guid":{"rendered":"http:\/\/www.hoymercedes.com.ar\/principal\/?p=1560"},"modified":"2011-01-11T05:19:26","modified_gmt":"2011-01-11T05:19:26","slug":"hospital-recibio-incubadora-de-ultima-generacion","status":"publish","type":"post","link":"https:\/\/www.hoymercedes.com.ar\/principal\/2011\/01\/08\/hospital-recibio-incubadora-de-ultima-generacion\/","title":{"rendered":"Hospital recibi\u00f3 incubadora de \u00faltima generaci\u00f3n"},"content":{"rendered":"<figure id=\"attachment_1562\" aria-describedby=\"caption-attachment-1562\" style=\"width: 290px\" class=\"wp-caption alignleft\"><a href=\"https:\/\/www.hoymercedes.com.ar\/principal\/wp-content\/uploads\/2011\/01\/incubadoradubarry.jpg\"><img loading=\"lazy\" decoding=\"async\" data-attachment-id=\"1562\" data-permalink=\"https:\/\/www.hoymercedes.com.ar\/principal\/2011\/01\/08\/hospital-recibio-incubadora-de-ultima-generacion\/incubadoradubarry\/#main\" data-orig-file=\"https:\/\/www.hoymercedes.com.ar\/principal\/wp-content\/uploads\/2011\/01\/incubadoradubarry.jpg\" data-orig-size=\"300,225\" data-comments-opened=\"1\" data-image-meta=\"{&quot;aperture&quot;:&quot;2.8&quot;,&quot;credit&quot;:&quot;&quot;,&quot;camera&quot;:&quot;COOLPIX L10&quot;,&quot;caption&quot;:&quot;&quot;,&quot;created_timestamp&quot;:&quot;1294209482&quot;,&quot;copyright&quot;:&quot;Copyright 2006&quot;,&quot;focal_length&quot;:&quot;6.2&quot;,&quot;iso&quot;:&quot;64&quot;,&quot;shutter_speed&quot;:&quot;0.033333333333333&quot;,&quot;title&quot;:&quot;&quot;}\" data-image-title=\"incubadoradubarry\" data-image-description=\"\" data-image-caption=\"\" data-large-file=\"https:\/\/www.hoymercedes.com.ar\/principal\/wp-content\/uploads\/2011\/01\/incubadoradubarry.jpg\" class=\"size-full wp-image-1562\" title=\"incubadoradubarry\" src=\"https:\/\/www.hoymercedes.com.ar\/principal\/wp-content\/uploads\/2011\/01\/incubadoradubarry.jpg\" alt=\"\" width=\"300\" height=\"225\" \/><\/a><figcaption id=\"caption-attachment-1562\" class=\"wp-caption-text\">Nueva incubadora<\/figcaption><\/figure>\n<p style=\"text-align: justify;\">El doctor Rodolfo Principi confirm\u00f3 que en las \u00faltimas horas se hab\u00eda recibido en nuestra ciudad una incubadora de \u00faltima generaci\u00f3n aportada por el Ministerio de Salud de la Provincia de Buenos Aires que fue inmediatamente asignada al Servicio de Pediatr\u00eda especialmente al \u00e1rea de neonatolog\u00eda<\/p>\n<p style=\"text-align: justify;\">El Dr. Rodolfo Principi sostuvo \u201chemos tenido la suerte de poder\u00a0 concretar una nueva incorporaci\u00f3n en materia de aparatolog\u00eda de ultima generaci\u00f3n con la llegada desde el Ministerio de Salud de la Provincia de una nueva incubadora.<\/p>\n<p style=\"text-align: justify;\">De esta manera continuamos con el programa que elaboramos destinado a bajar la mortalidad infantil en el Partido de Mercedes, principalmente en lo que concierne a equipamiento y aumento de personal.<\/p>\n<p style=\"text-align: justify;\">As\u00ed durante los \u00faltimos meses del a\u00f1o pasado fuimos incorporando elementos muy importantes y ahora llegamos a esta incubadora aportada por el Ministerio luego de una gesti\u00f3n que realizamos ante el propio Ministro de Salud Dr. Alejandro Colia. Es como lo manifest\u00e9 anteriormente un equipo de \u00faltima generaci\u00f3n que nos va a permitir hacer tareas especiales en neonatolog\u00eda con pacientes que sufran alg\u00fan problema al nacer o deban permanecer internados despu\u00e9s del nacimiento a lo largo de un tiempo prolongado incluso por tener que esperar el momento de una posible derivaci\u00f3n a otro centro asistencial de mayor complejidad.<\/p>\n<p style=\"text-align: justify;\">\n<p style=\"text-align: justify;\">De esta manera seguimos dando los pasos necesarios para que el Servicio de Pediatr\u00eda pueda crecer cada d\u00eda un poco m\u00e1s y en tal sentido ya les puedo adelantar que a partir de febrero se va a incorporar otra pediatra, se trata de una doctora que vendr\u00e1 desde la Capital Federal sum\u00e1ndose a lo que ya comenz\u00f3 a realizarlos d\u00edas s\u00e1bados la Doctora Magad\u00e1n y estamos esperando dos m\u00e1s para poder completar la guardia pedi\u00e1trica en el hospital\u201d.<\/p>\n<p style=\"text-align: justify;\">M\u00e1s adelante Principi sostuvo \u201cpara este 2011 tenemos\u00a0 como prioridad principalmente al mejoramiento integral de los consultorios de guardia y al mismo tiempo completar todo lo relacionado al servicio pedi\u00e1trico, pretendemos contar con siete m\u00e9dicos dedicados exclusivamente a dicha especialidad, tener como siempre hemos pretendido una buena atenci\u00f3n para los d\u00edas s\u00e1bados, algo que ya hemos casi logrado con la participaci\u00f3n de las doctoras Peralta y Magad\u00e1n as\u00ed que en personal sinceramente espero que desde el hospital se llegue a brindar el servicio adecuado en materia de atenci\u00f3n pedi\u00e1trica y en lo posible neonatolog\u00eda\u201d<\/p>\n","protected":false},"excerpt":{"rendered":"<p>El doctor Rodolfo Principi confirm\u00f3 que en las \u00faltimas horas se hab\u00eda recibido en nuestra ciudad una incubadora de \u00faltima &#8230; <a title=\"Hospital recibi\u00f3 incubadora de \u00faltima generaci\u00f3n\" class=\"read-more\" href=\"https:\/\/www.hoymercedes.com.ar\/principal\/2011\/01\/08\/hospital-recibio-incubadora-de-ultima-generacion\/\" aria-label=\"Leer m\u00e1s sobre Hospital recibi\u00f3 incubadora de \u00faltima generaci\u00f3n\">Leer m\u00e1s<\/a><\/p>\n","protected":false},"author":1,"featured_media":0,"comment_status":"open","ping_status":"open","sticky":false,"template":"","format":"standard","meta":{"_monsterinsights_skip_tracking":false,"_monsterinsights_sitenote_active":false,"_monsterinsights_sitenote_note":"","_monsterinsights_sitenote_category":0,"jetpack_post_was_ever_published":false,"_jetpack_newsletter_access":"","_jetpack_dont_email_post_to_subs":false,"_jetpack_newsletter_tier_id":0,"_jetpack_memberships_contains_paywalled_content":false,"_jetpack_memberships_contains_paid_content":false,"footnotes":"","jetpack_publicize_message":"","jetpack_publicize_feature_enabled":true,"jetpack_social_post_already_shared":false,"jetpack_social_options":{"image_generator_settings":{"template":"highway","default_image_id":0,"font":"","enabled":false},"version":2},"_wpas_customize_per_network":false},"categories":[1],"tags":[356],"class_list":["post-1560","post","type-post","status-publish","format-standard","hentry","category-opinion","tag-incubadora-hospital-mercedes","generate-columns","tablet-grid-50","mobile-grid-100","grid-parent","grid-50"],"jetpack_publicize_connections":[],"jetpack_featured_media_url":"","wps_subtitle":"","jetpack_sharing_enabled":true,"_links":{"self":[{"href":"https:\/\/www.hoymercedes.com.ar\/principal\/wp-json\/wp\/v2\/posts\/1560","targetHints":{"allow":["GET"]}}],"collection":[{"href":"https:\/\/www.hoymercedes.com.ar\/principal\/wp-json\/wp\/v2\/posts"}],"about":[{"href":"https:\/\/www.hoymercedes.com.ar\/principal\/wp-json\/wp\/v2\/types\/post"}],"author":[{"embeddable":true,"href":"https:\/\/www.hoymercedes.com.ar\/principal\/wp-json\/wp\/v2\/users\/1"}],"replies":[{"embeddable":true,"href":"https:\/\/www.hoymercedes.com.ar\/principal\/wp-json\/wp\/v2\/comments?post=1560"}],"version-history":[{"count":0,"href":"https:\/\/www.hoymercedes.com.ar\/principal\/wp-json\/wp\/v2\/posts\/1560\/revisions"}],"wp:attachment":[{"href":"https:\/\/www.hoymercedes.com.ar\/principal\/wp-json\/wp\/v2\/media?parent=1560"}],"wp:term":[{"taxonomy":"category","embeddable":true,"href":"https:\/\/www.hoymercedes.com.ar\/principal\/wp-json\/wp\/v2\/categories?post=1560"},{"taxonomy":"post_tag","embeddable":true,"href":"https:\/\/www.hoymercedes.com.ar\/principal\/wp-json\/wp\/v2\/tags?post=1560"}],"curies":[{"name":"wp","href":"https:\/\/api.w.org\/{rel}","templated":true}]}}