{"id":156009,"date":"2022-11-30T15:18:22","date_gmt":"2022-11-30T18:18:22","guid":{"rendered":"https:\/\/www.hoymercedes.com.ar\/principal\/?p=156009"},"modified":"2022-11-30T15:21:34","modified_gmt":"2022-11-30T18:21:34","slug":"esclarecen-hechos-delictivos-en-mercedes","status":"publish","type":"post","link":"https:\/\/www.hoymercedes.com.ar\/principal\/2022\/11\/30\/esclarecen-hechos-delictivos-en-mercedes\/","title":{"rendered":"Esclarecen hechos delictivos en Mercedes"},"content":{"rendered":"\n<p>Durante el \u00faltimo tiempo se identificaron en la localidad de Mercedes cuatro problem\u00e1ticas que preocupaban a la comunidad: los robos bajo la modalidad de \u201centraderas\u201d, los atracos a comercios bajo la modalidad de \u201cmecheras\u201d, robos bajo la modalidad de \u201cescruches\u201d y la sustracci\u00f3n de motoveh\u00edculos de parte de \u201cmotochorros\u201d armados. Todos ellos, hechos cometidos en la ciudad por parte de personas que proven\u00edan de otras localidades y que &#8211; tras la investigaci\u00f3n judicial y policial &#8211; fueron desactivados a la fecha.\u00a0<\/p>\n\n\n\n<p>Desde el Ministerio P\u00fablico Fiscal Departamental Mercedes se destac\u00f3 la labor de los agentes judiciales encargados de la intervenci\u00f3n e investigaci\u00f3n de los diferentes hechos con colaboraci\u00f3n de personal de Polic\u00eda Comunal Mercedes y del Centro de Monitoreo Municipal de la Secretar\u00eda de Seguridad de la Municipalidad de Mercedes en la identificaci\u00f3n y desactivaci\u00f3n de las bandas que comet\u00edan estos hechos en la ciudad.&nbsp;<\/p>\n\n\n\n<p>\u2022 <strong>Escruches<\/strong>&nbsp;<\/p>\n\n\n\n<p>Con la detenci\u00f3n del \u00faltimo mi\u00e9rcoles 23 de un sujeto integrante de una banda que comet\u00eda delitos contra la propiedad, bajo la modalidad conocida como \u201cescruche\u201d en las localidades de Mercedes y San Andr\u00e9s de Giles; y otras medidas en camino procesal, se logr\u00f3 desarticular una de las bandas for\u00e1neas que comet\u00eda este tipo de hechos en la localidad como el ocurrido el pasado s\u00e1bado 3 de septiembre en calles 41 y 36 de la localidad de Mercedes. El detenido es oriundo de Lan\u00fas.&nbsp;<\/p>\n\n\n\n<p>Vale recordar tambi\u00e9n que el pasado 4 de noviembre fueron aprehendidas tres personas sospechadas de estar vinculadas a otra banda que comet\u00eda atracos tambi\u00e9n bajo la misma modalidad. A este grupo se le atribuye hasta el momento el hecho ocurrido el d\u00eda 29 de octubre del 2022, en calle 30 entre 1 y 3 de la ciudad de Mercedes, y se presume su participaci\u00f3n en, al menos, otros cuatro hechos m\u00e1s cometidos en la localidad (en un domicilio de calles 13 entre 24 y 26 y en una vivienda de 4 entre 13 y 15 el 14 de octubre; otro ocurrido el 21 de octubre en calles 13 entre 2 y 4, y el restante en calles 7 entre 14 y 16 el 28 de octubre). Los aprehendidos (dos mayores de edad y un menor) son oriundos del partido de San Mart\u00edn, provincia de Buenos Aires.&nbsp;<\/p>\n\n\n\n<p>En ambos hechos intervino la Unidad Funcional de Instrucci\u00f3n N.\u00ba 4, la Unidad Funcional de Instrucci\u00f3n N.\u00ba 1, con colaboraci\u00f3n de la Ayudant\u00eda de Autores Ignorados del Departamento Judicial Mercedes.&nbsp;<\/p>\n\n\n\n<p>\u2022 <strong>Robo de motos<\/strong>&nbsp;<\/p>\n\n\n\n<p>En la jornada del mi\u00e9rcoles 16 de noviembre, se logr\u00f3 la detenci\u00f3n de tres sujetos (oriundos de la ciudad de Luj\u00e1n) que se dedicaban al robo de motoveh\u00edculos en la v\u00eda p\u00fablica tras intimidar a sus propietarios mediante armas de fuego. Estos hechos eran cometidos en la localidad de Mercedes (casco urbano y zona de colectora de ruta nacional N\u00b0 5). Los hechos sucedieron el 2 de octubre en calles 13 entre 26 y 28, otro el 4 de noviembre en la zona del arroyo Balta, el restante el 12 de noviembre en colectora de ruta nacional N\u00b0 5, a la altura del puente peatonal del kil\u00f3metro 89 y el&nbsp; 16 de noviembre en 28 y 31, intento tras el cual quedaron detenidos.&nbsp;<\/p>\n\n\n\n<p>Dos de los sujetos fueron aprehendidos tras un operativo cerrojo, y el tercero tras un allanamiento fiscal dado que estaba siendo investigado por parte de la Ayudant\u00eda de Autores Ignorados por &#8211; al menos &#8211; tres de los hechos cometidos previamente.&nbsp;&nbsp;<\/p>\n\n\n\n<p>Intervino la Unidad Funcional de Instrucci\u00f3n N.\u00ba 3 del Departamento Judicial Mercedes.&nbsp;<\/p>\n\n\n\n<p>\u2022 <strong>Entraderas<\/strong>&nbsp;<\/p>\n\n\n\n<p>En cuanto a los hechos de robo con armas en la zona, com\u00fanmente denominadas entraderas, el 26 de septiembre pasado, se llevaron a cabo cuatro allanamientos fiscales en domicilios de la localidad de Moreno vinculados a cuatro hechos de robos producidos en viviendas bajo esta modalidad en las ciudades de San Antonio de Areco y Mercedes ocurridos desde junio de este a\u00f1o.&nbsp;<\/p>\n\n\n\n<p>Uno de los hechos ocurri\u00f3 el 26 de junio en la localidad de San Antonio de Areco. En tanto el 11 de agosto, en horas de la noche, atracaron a vecinos de la localidad de Tom\u00e1s Jofr\u00e9; el 19 de agosto arribaron a una vivienda de Ruta 5 km 101 de Mercedes. Mientras que el 19 de septiembre, en un domicilio ubicado en calle 34 y ruta 41 de Mercedes, irrumpieron en otra vivienda.&nbsp;<\/p>\n\n\n\n<p>Vale destacar que dos de los sujetos, que ya hab\u00edan sido identificados como integrantes de esta banda, fueron detenidos en otra localidad por otros hechos y en los allanamientos se encontraron elementos vinculados a los delitos cometidos localmente. La investigaci\u00f3n contin\u00faa su curso con estos nuevos elementos y a los fines de lograr la detenci\u00f3n de otro de los integrantes de la banda, que ya fue identificado.&nbsp;<\/p>\n\n\n\n<p>Intervino la Unidad Funcional de Instrucci\u00f3n N.\u00ba 2 con colaboraci\u00f3n de la Ayudant\u00eda de Autores Ignorados del Departamento Judicial Mercedes.&nbsp;<\/p>\n\n\n\n<p><strong>\u2022 \u201cMecheras\u201d<\/strong>&nbsp;<\/p>\n\n\n\n<p>En tanto, el 12 de octubre fueron detenidas cuatro personas vinculadas al hurto de elementos en locales comerciales de la localidad de Mercedes bajo la modalidad conocida como \u201cmecheras\u201d. Vale destacar que fueron interceptados al retirarse de un local de ropa de calle 14 entre 17 y 19, a la que ya hab\u00edan atracado la semana anterior, y tambi\u00e9n hab\u00edan sustra\u00eddo un celular en un comercio del rubro papelera.&nbsp;<\/p>\n\n\n\n<p>Seg\u00fan se ha podido determinar, los mismos llegaban a la localidad en un autom\u00f3vil Chevrolet Agile y tras seleccionar los objetivos ingresaban y utilizaban diferentes maniobras para distraer a quienes se encontraban atendiendo para hacerse de diferente mercader\u00eda o elementos de valor. Tras ello se retiraban del lugar.&nbsp;<\/p>\n\n\n\n<p>Al menos se les atribuyen 3 hechos: el ocurrido el 4 de octubre en un local comercial del rubro \u201cpapelera\u201d ubicado en avenida 29 entre 44 y 46, y en un comercio del rubro shopping de avenida 17 y 14 donde atracaron en dos oportunidades.&nbsp;<\/p>\n\n\n\n<p>Intervienen la Unidad Funcional de Instrucci\u00f3n N.\u00ba 2 y Unidad Funcional de Instrucci\u00f3n N.\u00ba6 del Departamento Judicial Mercedes.&nbsp;<\/p>\n\n\n\n<p><strong>Trabajo conjunto<\/strong>&nbsp;<\/p>\n\n\n\n<p>Si bien se debe reconocer que estas actuaciones no garantizan que estos &#8211; y otros &#8211; delitos se vuelvan a cometer en la ciudad, s\u00ed dan cuenta de la labor investigativa que tuvo como resultado desactivar estas modalidades delictivas en la localidad tras una ardua labor conjunta tanto de los agentes judiciales del Departamento Judicial Mercedes&nbsp; en las tareas tendientes a individualizar a los autores de estos hechos, como del compromiso asumido en las diferentes colaboraciones y estado de alerta de parte de personal policial de la localidad en sus diferentes funciones y Centro de Monitoreo Municipal.&nbsp;&nbsp;<\/p>\n\n\n\n<p>En todos los casos, las tareas investigativas contin\u00faan su curso tendientes a dar con la totalidad de los autores de estos hechos y el esclarecimiento definitivo de cada caso.\u00a0<\/p>\n\n\n\n<p>Fuente: Ministerio P\u00fablico Fiscal &#8211; Departamento Judicial Mercedes<\/p>\n","protected":false},"excerpt":{"rendered":"<p>Esclarecen hechos delictivos en Mercedes. Hubo robos bajo la modalidad de \u201centraderas\u201d, los atracos a comercios bajo la modalidad de \u201cmecheras\u201d, robos bajo la modalidad de \u201cescruches\u201d y la sustracci\u00f3n de motoveh\u00edculos de parte de \u201cmotochorros\u201d armados. Todos ellos, hechos cometidos en la ciudad por parte de personas que proven\u00edan de otras localidades y que &#8211; tras la investigaci\u00f3n judicial y policial &#8211; fueron desactivados.<\/p>\n","protected":false},"author":1,"featured_media":125642,"comment_status":"closed","ping_status":"open","sticky":false,"template":"","format":"standard","meta":{"_monsterinsights_skip_tracking":false,"_monsterinsights_sitenote_active":false,"_monsterinsights_sitenote_note":"","_monsterinsights_sitenote_category":0,"jetpack_post_was_ever_published":false,"_jetpack_newsletter_access":"","_jetpack_dont_email_post_to_subs":false,"_jetpack_newsletter_tier_id":0,"_jetpack_memberships_contains_paywalled_content":false,"_jetpack_memberships_contains_paid_content":false,"footnotes":"","jetpack_publicize_message":"","jetpack_publicize_feature_enabled":true,"jetpack_social_post_already_shared":true,"jetpack_social_options":{"image_generator_settings":{"template":"highway","default_image_id":0,"font":"","enabled":false},"version":2},"_wpas_customize_per_network":false},"categories":[85],"tags":[325,14998,96],"class_list":["post-156009","post","type-post","status-publish","format-standard","has-post-thumbnail","hentry","category-policial","tag-justicia","tag-ministerio-publico-fiscal","tag-policial-2","generate-columns","tablet-grid-50","mobile-grid-100","grid-parent","grid-50"],"jetpack_publicize_connections":[],"jetpack_featured_media_url":"https:\/\/www.hoymercedes.com.ar\/principal\/wp-content\/uploads\/2021\/03\/02-movil-policia.jpg","wps_subtitle":"","jetpack_sharing_enabled":true,"_links":{"self":[{"href":"https:\/\/www.hoymercedes.com.ar\/principal\/wp-json\/wp\/v2\/posts\/156009","targetHints":{"allow":["GET"]}}],"collection":[{"href":"https:\/\/www.hoymercedes.com.ar\/principal\/wp-json\/wp\/v2\/posts"}],"about":[{"href":"https:\/\/www.hoymercedes.com.ar\/principal\/wp-json\/wp\/v2\/types\/post"}],"author":[{"embeddable":true,"href":"https:\/\/www.hoymercedes.com.ar\/principal\/wp-json\/wp\/v2\/users\/1"}],"replies":[{"embeddable":true,"href":"https:\/\/www.hoymercedes.com.ar\/principal\/wp-json\/wp\/v2\/comments?post=156009"}],"version-history":[{"count":0,"href":"https:\/\/www.hoymercedes.com.ar\/principal\/wp-json\/wp\/v2\/posts\/156009\/revisions"}],"wp:featuredmedia":[{"embeddable":true,"href":"https:\/\/www.hoymercedes.com.ar\/principal\/wp-json\/wp\/v2\/media\/125642"}],"wp:attachment":[{"href":"https:\/\/www.hoymercedes.com.ar\/principal\/wp-json\/wp\/v2\/media?parent=156009"}],"wp:term":[{"taxonomy":"category","embeddable":true,"href":"https:\/\/www.hoymercedes.com.ar\/principal\/wp-json\/wp\/v2\/categories?post=156009"},{"taxonomy":"post_tag","embeddable":true,"href":"https:\/\/www.hoymercedes.com.ar\/principal\/wp-json\/wp\/v2\/tags?post=156009"}],"curies":[{"name":"wp","href":"https:\/\/api.w.org\/{rel}","templated":true}]}}