{"id":156055,"date":"2022-12-01T16:59:46","date_gmt":"2022-12-01T19:59:46","guid":{"rendered":"https:\/\/www.hoymercedes.com.ar\/principal\/?p=156055"},"modified":"2022-12-01T16:59:57","modified_gmt":"2022-12-01T19:59:57","slug":"la-politica-ambiental-en-argentina-continua-sin-mostrar-cambios","status":"publish","type":"post","link":"https:\/\/www.hoymercedes.com.ar\/principal\/2022\/12\/01\/la-politica-ambiental-en-argentina-continua-sin-mostrar-cambios\/","title":{"rendered":"La pol\u00edtica ambiental en Argentina continua sin mostrar cambios\u00a0"},"content":{"rendered":"\n<p>Por Cristi\u00e1n Frers* &#8211; Argentina no posee una pol\u00edtica clara en relaci\u00f3n al ambiente. Nunca se traz\u00f3 para todo el pa\u00eds y sus diferentes regiones una l\u00ednea de trabajo integrada que aborde los principales aspectos como bosques, residuos, glaciares, biodiversidad, cambio clim\u00e1tico, pol\u00edticas y gesti\u00f3n econ\u00f3mica\u202fentre otros temas. Falta gesti\u00f3n pol\u00edtica ya que hay mucho desinter\u00e9s de parte del actual gobierno y de los anteriores y para los que van a venir, en relaci\u00f3n a estos temas.\u00a0<\/p>\n\n\n\n<p>Lo \u00fanico que se hace es emparchar y as\u00ed no se puede avanzar de ninguna forma. El problema no son las leyes en s\u00ed sino su cumplimiento. En algunos casos faltaban, pero una vez que aparecieron hay una imposibilidad para aplicarlas. La autoridad de aplicaci\u00f3n en cada caso no hace ejercicio de su autoridad y la gente no aplica la ley porque nadie los controla.&nbsp;<\/p>\n\n\n\n<p>El problema de la gesti\u00f3n depende sobre todo de los pol\u00edticos, que no son diferentes del resto de la sociedad. Los pol\u00edticos, como el resto de los seres humanos, tienen un comportamiento poco previsor. \u00bfCu\u00e1ntos de nosotros se ponen el cintur\u00f3n de seguridad en los coches por miedo a las multas y no como medida de prevenci\u00f3n de un accidente? Con el estado actual del conocimiento, se podr\u00edan realizar medidas que evitar\u00edan muchos problemas. Sin embargo, en muchas ocasiones se toman decisiones que no es que vayan en contra del conocimiento cient\u00edfico, sino incluso contra el sentido com\u00fan.&nbsp;<\/p>\n\n\n\n<p>Muchas veces la falta de coordinaci\u00f3n y de planificaci\u00f3n de las acciones de los gobiernos ha derivado en una total ineficacia de sus pol\u00edticas, y ha significado, en las cuestiones ambientales y de infraestructura, la necesidad de volver al principio, a cero.&nbsp;<\/p>\n\n\n\n<p>El<strong>\u202f<\/strong>suelo argentino guarda el recurso natural m\u00e1s codiciado del planeta: el litio,<strong>\u202f<\/strong>un mineral con muchas propiedades f\u00edsicas y qu\u00edmicas que se utiliza, en mayor medida, como espesante para grasas lubricantes y que podr\u00eda reemplazar al petr\u00f3leo.&nbsp;<\/p>\n\n\n\n<p>En el pa\u00eds, el litio\u202fse extrae con miner\u00eda en salares de Catamarca y Jujuy<strong>, <\/strong>mientras que en Salta hay proyectos de exploraci\u00f3n.\u202fArgentina es el cuarto mayor proveedor mundial de litio<strong>,<\/strong> pero la recaudaci\u00f3n estatal por su exportaci\u00f3n apenas llega al 15% del total minero.&nbsp;<\/p>\n\n\n\n<p>Las empresas extranjeras obtienen el litio y exportan a Asia y Estados Unidos unas 37 mil toneladas anuales, y se estima que la cifra aumentar\u00e1 a 800 mil en cinco a\u00f1os. Sin embargo, si tomamos todas las exportaciones que hace el pa\u00eds, las ganancias del litio representan solo el 0,4%.&nbsp;<\/p>\n\n\n\n<p>\u00bfA qu\u00e9 se debe el desfasaje entre producci\u00f3n, exportaci\u00f3n y ganancias?, a que en la d\u00e9cada de 1990 se sancionaron leyes que regulan la exploraci\u00f3n, extracci\u00f3n y producci\u00f3n minera con enfoque en la venta de materia prima.&nbsp;<\/p>\n\n\n\n<p>Esas normas\u202fbenefician la inversi\u00f3n extranjera, pero limitan las ganancias de las provincias due\u00f1as de los recursos al 3% de la exportaci\u00f3n declarada por las empresas.<strong>\u202f<\/strong>Adem\u00e1s de que habilitan la extracci\u00f3n sin consulta a las poblaciones ni evaluaciones estatales de impacto ambiental.&nbsp;<\/p>\n\n\n\n<p>El pa\u00eds habla de crear un cartel del litio con Chile y Bolivia, semejante al de la Organizaci\u00f3n de Pa\u00edses Exportadores de Petr\u00f3leo (OPEP).\u202f&nbsp;<\/p>\n\n\n\n<p>El objetivo es coordinar los niveles de producci\u00f3n de los pa\u00edses con recursos de litio para influir sobre el precio. Esto generar\u00eda una renta econ\u00f3mica mayor para los pa\u00edses productores, precisa el economista argentino. Adem\u00e1s, Buenos Aires habla de fijar pautas de buenas pr\u00e1cticas para el desarrollo industrial sustentable\u202fy para el desarrollo cient\u00edfico y tecnol\u00f3gico.\u202f Estoy convencido que esta idea nace en el Ministerio de Medio Ambiente y Desarrollo Sustentable de la Naci\u00f3n en las sillas de la Ciudad Aut\u00f3noma de Buenos Aires, pero \u00bfAlguien consulto a las Provincias? Porque son las Provincias las encargadas de los recursos naturales seg\u00fan la Constituci\u00f3n Nacional.&nbsp;<\/p>\n\n\n\n<p>Tema con el cual no estoy muy de acuerdo porque el principal problema que tiene Argentina\u202fes su poca capacidad para gravar la renta econ\u00f3mica que genera la miner\u00eda de litio y, adem\u00e1s el caso de Chile, si bien el modelo es extractivista, su Estado licita la explotaci\u00f3n de litio y cobra regal\u00edas del 40% a partir de un precio por tonelada. Mientras que, en Bolivia se apuesta a un plan industrialista p\u00fablico-privado para extraerlo y producir bater\u00edas. Nadie ha hablado de estos temas, por el momento.&nbsp;<\/p>\n\n\n\n<p>Las muy pocas veces que se han establecido medidas anticontaminaci\u00f3n de los cursos de agua, se acciona contra diversas empresas, pero no se tienen en cuenta los basureros a cielo abierto, que siempre se encuentran a la vera de los r\u00edos, o se vierten l\u00edquidos cloacales sin tratamiento alguno, o simplemente se fugan efluentes con la complicidad de ciertos funcionarios que se hacen de la vista gorda. Las pol\u00edticas ambientales, sobre todo aquellas dirigidas a frenar el da\u00f1o que causa la contaminaci\u00f3n, deben ser a todo o nada, es decir, que si se emprende una campa\u00f1a no se pueden dejar fisuras o empezar por peque\u00f1eces. No sirve llevar los jardines de infantes a juntar papelitos, mientras se deja que una poderosa industria desv\u00ede su efluente contaminante de la planta de tratamiento. No es eficiente hacer un llamado a un plan de producci\u00f3n limpia, al que acudir\u00e1n los que colaboran, pues aquellos a quienes la producci\u00f3n limpia no les interesa seguir\u00e1n contaminando libremente.&nbsp;<\/p>\n\n\n\n<p>*Cristi\u00e1n Frers \u2013 T\u00e9cnico Superior en Gesti\u00f3n Ambiental y T\u00e9cnico Superior en Comunicaci\u00f3n Social (Periodista)\u00a0<\/p>\n","protected":false},"excerpt":{"rendered":"<p>Por Cristi\u00e1n Frers* &#8211; Argentina no posee una pol\u00edtica clara en relaci\u00f3n al ambiente. Nunca se traz\u00f3 para todo el pa\u00eds y sus diferentes regiones una l\u00ednea de trabajo integrada que aborde los principales aspectos como bosques, residuos, glaciares, biodiversidad, cambio clim\u00e1tico, pol\u00edticas y gesti\u00f3n econ\u00f3mica\u202fentre otros temas.<\/p>\n","protected":false},"author":1,"featured_media":156056,"comment_status":"closed","ping_status":"open","sticky":false,"template":"","format":"standard","meta":{"_monsterinsights_skip_tracking":false,"_monsterinsights_sitenote_active":false,"_monsterinsights_sitenote_note":"","_monsterinsights_sitenote_category":0,"jetpack_post_was_ever_published":false,"_jetpack_newsletter_access":"","_jetpack_dont_email_post_to_subs":false,"_jetpack_newsletter_tier_id":0,"_jetpack_memberships_contains_paywalled_content":false,"_jetpack_memberships_contains_paid_content":false,"footnotes":"","jetpack_publicize_message":"","jetpack_publicize_feature_enabled":true,"jetpack_social_post_already_shared":true,"jetpack_social_options":{"image_generator_settings":{"template":"highway","default_image_id":0,"font":"","enabled":false},"version":2},"_wpas_customize_per_network":false},"categories":[1,5210],"tags":[9001,8748,13532],"class_list":["post-156055","post","type-post","status-publish","format-standard","has-post-thumbnail","hentry","category-opinion","category-politica-nacional","tag-ambiente","tag-opinion","tag-politica-ambiental","generate-columns","tablet-grid-50","mobile-grid-100","grid-parent","grid-50"],"jetpack_publicize_connections":[],"jetpack_featured_media_url":"https:\/\/www.hoymercedes.com.ar\/principal\/wp-content\/uploads\/2022\/12\/mapa-argentina-bandera.png","wps_subtitle":"","jetpack_sharing_enabled":true,"_links":{"self":[{"href":"https:\/\/www.hoymercedes.com.ar\/principal\/wp-json\/wp\/v2\/posts\/156055","targetHints":{"allow":["GET"]}}],"collection":[{"href":"https:\/\/www.hoymercedes.com.ar\/principal\/wp-json\/wp\/v2\/posts"}],"about":[{"href":"https:\/\/www.hoymercedes.com.ar\/principal\/wp-json\/wp\/v2\/types\/post"}],"author":[{"embeddable":true,"href":"https:\/\/www.hoymercedes.com.ar\/principal\/wp-json\/wp\/v2\/users\/1"}],"replies":[{"embeddable":true,"href":"https:\/\/www.hoymercedes.com.ar\/principal\/wp-json\/wp\/v2\/comments?post=156055"}],"version-history":[{"count":0,"href":"https:\/\/www.hoymercedes.com.ar\/principal\/wp-json\/wp\/v2\/posts\/156055\/revisions"}],"wp:featuredmedia":[{"embeddable":true,"href":"https:\/\/www.hoymercedes.com.ar\/principal\/wp-json\/wp\/v2\/media\/156056"}],"wp:attachment":[{"href":"https:\/\/www.hoymercedes.com.ar\/principal\/wp-json\/wp\/v2\/media?parent=156055"}],"wp:term":[{"taxonomy":"category","embeddable":true,"href":"https:\/\/www.hoymercedes.com.ar\/principal\/wp-json\/wp\/v2\/categories?post=156055"},{"taxonomy":"post_tag","embeddable":true,"href":"https:\/\/www.hoymercedes.com.ar\/principal\/wp-json\/wp\/v2\/tags?post=156055"}],"curies":[{"name":"wp","href":"https:\/\/api.w.org\/{rel}","templated":true}]}}