{"id":156085,"date":"2022-12-02T09:04:00","date_gmt":"2022-12-02T12:04:00","guid":{"rendered":"https:\/\/www.hoymercedes.com.ar\/principal\/?p=156085"},"modified":"2022-12-02T13:27:30","modified_gmt":"2022-12-02T16:27:30","slug":"paran-los-medicos-de-la-provincia-de-buenos-aires","status":"publish","type":"post","link":"https:\/\/www.hoymercedes.com.ar\/principal\/2022\/12\/02\/paran-los-medicos-de-la-provincia-de-buenos-aires\/","title":{"rendered":"Paran los m\u00e9dicos de la provincia de Buenos Aires"},"content":{"rendered":"\n<p>Los m\u00e9dicos de FEMEBA convocaron a un paro provincial para este viernes 2, en v\u00edsperas del d\u00eda del m\u00e9dico, y realizaron un llamado a las autoridades \u201cpara que rectifiquen su conducta y su pol\u00edtica\u201d hacia la profesi\u00f3n de los trabajadores de la salud, y pidieron que \u201ctomen conciencia del importante y esencial rol social que cumplimos\u201d.<\/p>\n\n\n<div class=\"wp-block-image\">\n<figure class=\"aligncenter size-large\"><img loading=\"lazy\" decoding=\"async\" width=\"634\" height=\"1024\" data-attachment-id=\"156086\" data-permalink=\"https:\/\/www.hoymercedes.com.ar\/principal\/2022\/12\/02\/paran-los-medicos-de-la-provincia-de-buenos-aires\/femeba-medicos-paros\/#main\" data-orig-file=\"https:\/\/www.hoymercedes.com.ar\/principal\/wp-content\/uploads\/2022\/12\/FEMEBA-medicos-paros.jpeg\" data-orig-size=\"793,1280\" data-comments-opened=\"0\" data-image-meta=\"{&quot;aperture&quot;:&quot;0&quot;,&quot;credit&quot;:&quot;&quot;,&quot;camera&quot;:&quot;&quot;,&quot;caption&quot;:&quot;&quot;,&quot;created_timestamp&quot;:&quot;0&quot;,&quot;copyright&quot;:&quot;&quot;,&quot;focal_length&quot;:&quot;0&quot;,&quot;iso&quot;:&quot;0&quot;,&quot;shutter_speed&quot;:&quot;0&quot;,&quot;title&quot;:&quot;&quot;,&quot;orientation&quot;:&quot;0&quot;}\" data-image-title=\"FEMEBA medicos paros\" data-image-description=\"\" data-image-caption=\"\" data-large-file=\"https:\/\/www.hoymercedes.com.ar\/principal\/wp-content\/uploads\/2022\/12\/FEMEBA-medicos-paros-634x1024.jpeg\" src=\"https:\/\/www.hoymercedes.com.ar\/principal\/wp-content\/uploads\/2022\/12\/FEMEBA-medicos-paros-634x1024.jpeg\" alt=\"\" class=\"wp-image-156086\" srcset=\"https:\/\/www.hoymercedes.com.ar\/principal\/wp-content\/uploads\/2022\/12\/FEMEBA-medicos-paros-634x1024.jpeg 634w, https:\/\/www.hoymercedes.com.ar\/principal\/wp-content\/uploads\/2022\/12\/FEMEBA-medicos-paros-384x620.jpeg 384w, https:\/\/www.hoymercedes.com.ar\/principal\/wp-content\/uploads\/2022\/12\/FEMEBA-medicos-paros-93x150.jpeg 93w, https:\/\/www.hoymercedes.com.ar\/principal\/wp-content\/uploads\/2022\/12\/FEMEBA-medicos-paros.jpeg 793w\" sizes=\"auto, (max-width: 634px) 100vw, 634px\" \/><\/figure>\n<\/div>\n\n\n<p>A trav\u00e9s de un comunicado, los m\u00e9dicos de FEMEBA realizaron una profunda cr\u00edtica sobre la realidad que se vive en centros de salud \u201cmientras la pol\u00edtica mira hacia otro lado y nos maltrata, olvid\u00e1ndose de los aplausos y las promesas hechas durante la pandemia\u201d, a\u00f1adieron.<\/p>\n\n\n\n<p>\u201cNos prometieron un miserable bono de 5.000 pesos, 20 \u00f3 30 veces menos que lo que recibe un camionero, o un bancario, y ni siquiera fueron capaces de cumplir con esa promesa. Los salarios que recibimos quienes trabajamos en los hospitales p\u00fablicos de la provincia son paup\u00e9rrimos, y lo mismo ocurre en el resto de las jurisdicciones del pa\u00eds. Como si eso fuera poco, muchos de nuestros colegas carecen de estabilidad laboral, y se encuentran en situaci\u00f3n precaria, sin ning\u00fan tipo de formalizaci\u00f3n\u201d, indicaron a trav\u00e9s del documento.<\/p>\n\n\n\n<p>Asimismo, expresaron que los profesionales de FEMEBA \u201cnunca han estado tan reacios a continuar asistiendo a afiliados de IOMA, nuestra obra social provincial, como ocurre ahora\u201d, y subrayaron que \u201cel sistema apenas sobrevive gracias a nuestro esfuerzo y compromiso, pues de otro modo m\u00e1s de dos millones de beneficiarios del Instituto quedar\u00edan sin atenci\u00f3n\u201d.<\/p>\n\n\n\n<p>\u201cEl IOMA adeuda miles de millones a todos sus prestadores y los honorarios que nos abona son m\u00edseros, y a todas luces los peores de toda la seguridad social\u201d, aseveraron.<\/p>\n\n\n\n<p>Del mismo modo, los profesionales hicieron foco en la problem\u00e1tica actual de las residencias m\u00e9dicas. \u201cEl programa de formaci\u00f3n m\u00e9dica de postgrado bajo residencias, se ha convertido en un sistema de explotaci\u00f3n, donde en la mayor\u00eda de los casos, los residentes se convierten en mano de obra barata y reciben escasa o nula capacitaci\u00f3n\u201d, precisaron.<\/p>\n\n\n\n<p>\u201cEl des\u00e1nimo y la frustraci\u00f3n nos invade y el \u00e9xodo de profesionales es incesante. Ya son muchas las especialidades en las que ning\u00fan m\u00e9dico asiste a los pacientes de obras sociales ni prepagas, y en algunas zonas ya resulta imposible conseguir especialistas a\u00fan abonando en forma particular\u201d, a\u00f1adieron los m\u00e9dicos de FEMEBA y advirtieron: \u201cCon salarios por debajo del nivel de la pobreza y con honorarios m\u00edseros, pronto nos quedaremos sin m\u00e9dicos, aun en especialidades b\u00e1sicas como la pediatr\u00eda\u201d.<\/p>\n\n\n\n<p>\u201cEstamos agotados, hartos, desesperanzados, y sobre todo nos sentimos desvalorizados; desvalorizados por las obras sociales, por las prepagas, y sobre todo por el Estado, que no solo nos maltrata, si no que se enorgullece de su lucha contra las \u2018corporaciones\u2019, olvidando que esas corporaciones a la que hace referencia est\u00e1n integradas por m\u00e9dicos; m\u00e9dicos que durante la pandemia han demostrado su idoneidad y han arriesgado su vida para salvar las de nuestros conciudadanos. La \u00fanica pol\u00edtica en salud sostenida en el tiempo ha sido la precarizaci\u00f3n del trabajo m\u00e9dico\u201d, concluyeron.<\/p>\n","protected":false},"excerpt":{"rendered":"<p>Los m\u00e9dicos de FEMEBA convocaron a un paro provincial para este viernes 2, en v\u00edsperas del d\u00eda del m\u00e9dico.<\/p>\n","protected":false},"author":1,"featured_media":156086,"comment_status":"closed","ping_status":"open","sticky":false,"template":"","format":"standard","meta":{"_monsterinsights_skip_tracking":false,"_monsterinsights_sitenote_active":false,"_monsterinsights_sitenote_note":"","_monsterinsights_sitenote_category":0,"jetpack_post_was_ever_published":false,"_jetpack_newsletter_access":"","_jetpack_dont_email_post_to_subs":false,"_jetpack_newsletter_tier_id":0,"_jetpack_memberships_contains_paywalled_content":false,"_jetpack_memberships_contains_paid_content":false,"footnotes":"","jetpack_publicize_message":"","jetpack_publicize_feature_enabled":true,"jetpack_social_post_already_shared":true,"jetpack_social_options":{"image_generator_settings":{"template":"highway","default_image_id":0,"font":"","enabled":false},"version":2},"_wpas_customize_per_network":false},"categories":[8],"tags":[],"class_list":["post-156085","post","type-post","status-publish","format-standard","has-post-thumbnail","hentry","category-sociedad","generate-columns","tablet-grid-50","mobile-grid-100","grid-parent","grid-50"],"jetpack_publicize_connections":[],"jetpack_featured_media_url":"https:\/\/www.hoymercedes.com.ar\/principal\/wp-content\/uploads\/2022\/12\/FEMEBA-medicos-paros.jpeg","wps_subtitle":"","jetpack_sharing_enabled":true,"_links":{"self":[{"href":"https:\/\/www.hoymercedes.com.ar\/principal\/wp-json\/wp\/v2\/posts\/156085","targetHints":{"allow":["GET"]}}],"collection":[{"href":"https:\/\/www.hoymercedes.com.ar\/principal\/wp-json\/wp\/v2\/posts"}],"about":[{"href":"https:\/\/www.hoymercedes.com.ar\/principal\/wp-json\/wp\/v2\/types\/post"}],"author":[{"embeddable":true,"href":"https:\/\/www.hoymercedes.com.ar\/principal\/wp-json\/wp\/v2\/users\/1"}],"replies":[{"embeddable":true,"href":"https:\/\/www.hoymercedes.com.ar\/principal\/wp-json\/wp\/v2\/comments?post=156085"}],"version-history":[{"count":0,"href":"https:\/\/www.hoymercedes.com.ar\/principal\/wp-json\/wp\/v2\/posts\/156085\/revisions"}],"wp:featuredmedia":[{"embeddable":true,"href":"https:\/\/www.hoymercedes.com.ar\/principal\/wp-json\/wp\/v2\/media\/156086"}],"wp:attachment":[{"href":"https:\/\/www.hoymercedes.com.ar\/principal\/wp-json\/wp\/v2\/media?parent=156085"}],"wp:term":[{"taxonomy":"category","embeddable":true,"href":"https:\/\/www.hoymercedes.com.ar\/principal\/wp-json\/wp\/v2\/categories?post=156085"},{"taxonomy":"post_tag","embeddable":true,"href":"https:\/\/www.hoymercedes.com.ar\/principal\/wp-json\/wp\/v2\/tags?post=156085"}],"curies":[{"name":"wp","href":"https:\/\/api.w.org\/{rel}","templated":true}]}}