{"id":156093,"date":"2022-12-05T09:01:00","date_gmt":"2022-12-05T12:01:00","guid":{"rendered":"https:\/\/www.hoymercedes.com.ar\/principal\/?p=156093"},"modified":"2022-12-05T08:54:39","modified_gmt":"2022-12-05T11:54:39","slug":"cem-cierra-el-ciclo-de-charlas","status":"publish","type":"post","link":"https:\/\/www.hoymercedes.com.ar\/principal\/2022\/12\/05\/cem-cierra-el-ciclo-de-charlas\/","title":{"rendered":"CEM: cierra el ciclo de charlas"},"content":{"rendered":"\n<p>Desde la C\u00e1mara Econ\u00f3mica Mercedina invitan a ser parte de cierre de ciclo de disertaciones. Ser\u00e1 el pr\u00f3ximo martes 6, a la hora 14, en Casa An\u00fas. En esta oportunidad, el invitado Dami\u00e1n Di Pace brindar\u00e1 una charla sobre \u201cActualidad econ\u00f3mica y perspectivas (el futuro del comercio que viene)\u00bb<\/p>\n\n\n\n<p>En el marco del cierre de a\u00f1o, desde la C\u00e1mara Econ\u00f3mica Mercedina, invitan a participar de la charla que brindar\u00e1 Dami\u00e1n Di Pace el martes 6 de diciembre a las 14:00 horas, en sal\u00f3n de eventos Casa Anus.<\/p>\n\n\n\n<p>\u201cLa invitaci\u00f3n es abierta y hacemos la convocatoria a que se anoten quienes est\u00e9n interesados\u201d, dijo Ariel Pietrucha, gerente de la CEM.<\/p>\n\n\n\n<p>En el cierre del ciclo anual ser\u00e1 este evento con la charla \u201cActualidad econ\u00f3mica y perspectivas\u201d (el futuro del comercio que viene). Dami\u00e1n Di Pace, el disertante, es analista econ\u00f3mico, especialista en Marketing, consultor de empresas,<br>periodista, investigador y escritor.<\/p>\n\n\n\n<p>La actividad es gratuita y cuenta con cupos limitados, es promovida por FEBA, CAME y la CEM y auspiciada por Sancor Salud.<\/p>\n\n\n\n<p>Para mayor organizaci\u00f3n lo que piden es reservar lugar inscribi\u00e9ndose con anticipaci\u00f3n en el link <a href=\"https:\/\/forms.gle\/NCnZGT28rrKeQ7CZ6\" target=\"_blank\" rel=\"noreferrer noopener\">https:\/\/forms.gle\/NCnZGT28rrKeQ7CZ6<\/a><\/p>\n","protected":false},"excerpt":{"rendered":"<p>Desde la C\u00e1mara Econ\u00f3mica Mercedina invitana la charla que dar\u00e1 Dami\u00e1n Di Pace. \u201cActualidad econ\u00f3mica y perspectivas (el futuro del comercio que viene)\u00bb es el t\u00edtulo de la disertaci\u00f3n de este martes 6, 14 horas. <\/p>\n","protected":false},"author":1,"featured_media":156146,"comment_status":"closed","ping_status":"open","sticky":false,"template":"","format":"standard","meta":{"_monsterinsights_skip_tracking":false,"_monsterinsights_sitenote_active":false,"_monsterinsights_sitenote_note":"","_monsterinsights_sitenote_category":0,"jetpack_post_was_ever_published":false,"_jetpack_newsletter_access":"","_jetpack_dont_email_post_to_subs":false,"_jetpack_newsletter_tier_id":0,"_jetpack_memberships_contains_paywalled_content":false,"_jetpack_memberships_contains_paid_content":false,"footnotes":"","jetpack_publicize_message":"","jetpack_publicize_feature_enabled":true,"jetpack_social_post_already_shared":true,"jetpack_social_options":{"image_generator_settings":{"template":"highway","default_image_id":0,"font":"","enabled":false},"version":2},"_wpas_customize_per_network":false},"categories":[8],"tags":[],"class_list":["post-156093","post","type-post","status-publish","format-standard","has-post-thumbnail","hentry","category-sociedad","generate-columns","tablet-grid-50","mobile-grid-100","grid-parent","grid-50"],"jetpack_publicize_connections":[],"jetpack_featured_media_url":"https:\/\/www.hoymercedes.com.ar\/principal\/wp-content\/uploads\/2022\/12\/CEM-di-pace.jpeg","wps_subtitle":"","jetpack_sharing_enabled":true,"_links":{"self":[{"href":"https:\/\/www.hoymercedes.com.ar\/principal\/wp-json\/wp\/v2\/posts\/156093","targetHints":{"allow":["GET"]}}],"collection":[{"href":"https:\/\/www.hoymercedes.com.ar\/principal\/wp-json\/wp\/v2\/posts"}],"about":[{"href":"https:\/\/www.hoymercedes.com.ar\/principal\/wp-json\/wp\/v2\/types\/post"}],"author":[{"embeddable":true,"href":"https:\/\/www.hoymercedes.com.ar\/principal\/wp-json\/wp\/v2\/users\/1"}],"replies":[{"embeddable":true,"href":"https:\/\/www.hoymercedes.com.ar\/principal\/wp-json\/wp\/v2\/comments?post=156093"}],"version-history":[{"count":0,"href":"https:\/\/www.hoymercedes.com.ar\/principal\/wp-json\/wp\/v2\/posts\/156093\/revisions"}],"wp:featuredmedia":[{"embeddable":true,"href":"https:\/\/www.hoymercedes.com.ar\/principal\/wp-json\/wp\/v2\/media\/156146"}],"wp:attachment":[{"href":"https:\/\/www.hoymercedes.com.ar\/principal\/wp-json\/wp\/v2\/media?parent=156093"}],"wp:term":[{"taxonomy":"category","embeddable":true,"href":"https:\/\/www.hoymercedes.com.ar\/principal\/wp-json\/wp\/v2\/categories?post=156093"},{"taxonomy":"post_tag","embeddable":true,"href":"https:\/\/www.hoymercedes.com.ar\/principal\/wp-json\/wp\/v2\/tags?post=156093"}],"curies":[{"name":"wp","href":"https:\/\/api.w.org\/{rel}","templated":true}]}}