{"id":156179,"date":"2022-12-05T15:00:00","date_gmt":"2022-12-05T18:00:00","guid":{"rendered":"https:\/\/www.hoymercedes.com.ar\/principal\/?p=156179"},"modified":"2022-12-05T16:36:34","modified_gmt":"2022-12-05T19:36:34","slug":"eden-informa-2","status":"publish","type":"post","link":"https:\/\/www.hoymercedes.com.ar\/principal\/2022\/12\/05\/eden-informa-2\/","title":{"rendered":"EDEN informa"},"content":{"rendered":"\n<p>\u00abEDEN informa que, debido a la saturaci\u00f3n del sistema de alta tensi\u00f3n, externo a nuestra empresa, y motivado por las altas temperaturas y el consecuente incremento del consumo, se est\u00e1n realizando restricciones en la localidad de Mercedes, para evitar fallas en el sistema de transporte de alta tensi\u00f3n y consecuentes interrupciones de mayor complejidad en el suministro del servicio el\u00e9ctrico.<\/p>\n\n\n\n<p>Vale aclarar que ya se hicieron las gestiones necesarias junto con el Ministerio de Infraestructura y Servicios P\u00fablicos de la Provincia de Buenos Aires y con la Direcci\u00f3n Provincial de Energ\u00eda, para la instalaci\u00f3n de Generaci\u00f3n Distribuida para aliviar el NODO.<\/p>\n\n\n\n<p>Ante cualquier consulta o reclamo, los usuarios pueden contactarse al WhatsApp: 3364 52-6944 <a rel=\"noreferrer noopener\" href=\"http:\/\/wa.me\/543364526944\" target=\"_blank\">wa.me\/543364526944<\/a> o 0800-999-3336 para realizar reclamos t\u00e9cnicos las 24 hs todos los d\u00edas, <a rel=\"noreferrer noopener\" href=\"https:\/\/www.edensa.com.ar\/usuarios\/mobile\/\" target=\"_blank\">App EDEN M\u00f3vil<\/a>, Sucursal Virtual: <a rel=\"noreferrer noopener\" href=\"https:\/\/sucursalvirtual.edensa.com.ar\/ero\" target=\"_blank\">https:\/\/sucursalvirtual.edensa.com.ar\/ero<\/a>\u00ab<\/p>\n","protected":false},"excerpt":{"rendered":"<p>\u00abEDEN informa que, debido a la saturaci\u00f3n del sistema de alta tensi\u00f3n, externo a nuestra empresa, y motivado por las altas temperaturas y el consecuente incremento del consumo, se est\u00e1n realizando restricciones en la localidad de Mercedes&#8230; <\/p>\n","protected":false},"author":1,"featured_media":135770,"comment_status":"closed","ping_status":"open","sticky":false,"template":"","format":"standard","meta":{"_monsterinsights_skip_tracking":false,"_monsterinsights_sitenote_active":false,"_monsterinsights_sitenote_note":"","_monsterinsights_sitenote_category":0,"jetpack_post_was_ever_published":false,"_jetpack_newsletter_access":"","_jetpack_dont_email_post_to_subs":false,"_jetpack_newsletter_tier_id":0,"_jetpack_memberships_contains_paywalled_content":false,"_jetpack_memberships_contains_paid_content":false,"footnotes":"","jetpack_publicize_message":"","jetpack_publicize_feature_enabled":true,"jetpack_social_post_already_shared":true,"jetpack_social_options":{"image_generator_settings":{"template":"highway","default_image_id":0,"font":"","enabled":false},"version":2},"_wpas_customize_per_network":false},"categories":[8],"tags":[],"class_list":["post-156179","post","type-post","status-publish","format-standard","has-post-thumbnail","hentry","category-sociedad","generate-columns","tablet-grid-50","mobile-grid-100","grid-parent","grid-50"],"jetpack_publicize_connections":[],"jetpack_featured_media_url":"https:\/\/www.hoymercedes.com.ar\/principal\/wp-content\/uploads\/2021\/08\/EDEN-logoconclaim.jpg","wps_subtitle":"","jetpack_sharing_enabled":true,"_links":{"self":[{"href":"https:\/\/www.hoymercedes.com.ar\/principal\/wp-json\/wp\/v2\/posts\/156179","targetHints":{"allow":["GET"]}}],"collection":[{"href":"https:\/\/www.hoymercedes.com.ar\/principal\/wp-json\/wp\/v2\/posts"}],"about":[{"href":"https:\/\/www.hoymercedes.com.ar\/principal\/wp-json\/wp\/v2\/types\/post"}],"author":[{"embeddable":true,"href":"https:\/\/www.hoymercedes.com.ar\/principal\/wp-json\/wp\/v2\/users\/1"}],"replies":[{"embeddable":true,"href":"https:\/\/www.hoymercedes.com.ar\/principal\/wp-json\/wp\/v2\/comments?post=156179"}],"version-history":[{"count":0,"href":"https:\/\/www.hoymercedes.com.ar\/principal\/wp-json\/wp\/v2\/posts\/156179\/revisions"}],"wp:featuredmedia":[{"embeddable":true,"href":"https:\/\/www.hoymercedes.com.ar\/principal\/wp-json\/wp\/v2\/media\/135770"}],"wp:attachment":[{"href":"https:\/\/www.hoymercedes.com.ar\/principal\/wp-json\/wp\/v2\/media?parent=156179"}],"wp:term":[{"taxonomy":"category","embeddable":true,"href":"https:\/\/www.hoymercedes.com.ar\/principal\/wp-json\/wp\/v2\/categories?post=156179"},{"taxonomy":"post_tag","embeddable":true,"href":"https:\/\/www.hoymercedes.com.ar\/principal\/wp-json\/wp\/v2\/tags?post=156179"}],"curies":[{"name":"wp","href":"https:\/\/api.w.org\/{rel}","templated":true}]}}