{"id":156188,"date":"2022-12-06T09:44:08","date_gmt":"2022-12-06T12:44:08","guid":{"rendered":"https:\/\/www.hoymercedes.com.ar\/principal\/?p=156188"},"modified":"2022-12-06T09:57:26","modified_gmt":"2022-12-06T12:57:26","slug":"anuncian-corte-de-luz-para-el-miercoles-7","status":"publish","type":"post","link":"https:\/\/www.hoymercedes.com.ar\/principal\/2022\/12\/06\/anuncian-corte-de-luz-para-el-miercoles-7\/","title":{"rendered":"Anuncian corte de luz para el mi\u00e9rcoles 7"},"content":{"rendered":"\n<p>La empresa distribuidora de energ\u00eda el\u00e9ctrica EDEN aunci\u00f3 que colocar\u00e1 columnas de media tensi\u00f3n, el mi\u00e9rcoles 7 de diciembre. Es por esto que se ver\u00e1 interrumpido el servicio desde calle 34 prolongaci\u00f3n hasta Ruta 41, por las calles 119 y 121, entre las 7 y las 12 del mediod\u00eda. <\/p>\n\n\n\n<p>La comunicaci\u00f3n de la empresa: <\/p>\n\n\n\n<p>\u00ab<strong>EDEN <\/strong>informa que colocar\u00e1 columnas de media tensi\u00f3n, con el objetivo de mejorar la calidad del servicio.<br>Para poder realizar estas mejoras y como medida de seguridad, es necesario interrumpir el servicio mientras se trabaja en la red el\u00e9ctrica.<br>Los trabajos se realizar\u00e1n:<br><strong>el d\u00eda mi\u00e9rcoles 7 de diciembre <br>de 7:30 a 12 hs.<br>desde calle 34 prolongaci\u00f3n hasta Ruta 41, por las calles 119 y 121<\/strong>.<br>En caso de presentarse condiciones clim\u00e1ticas adversas, las actividades ser\u00e1n reprogramadas.\u00bb<\/p>\n","protected":false},"excerpt":{"rendered":"<p>La empresa distribuidora de energ\u00eda el\u00e9ctrica EDEN aunci\u00f3 que colocar\u00e1 columnas de media tensi\u00f3n, el mi\u00e9rcoles 7 de diciembre. Es por esto que se ver\u00e1 interrumpido el servicio desde calle 34 prolongaci\u00f3n hasta Ruta 41, por las calles 119 y 121, entre las 7 y las 12 del mediod\u00eda. <\/p>\n","protected":false},"author":1,"featured_media":135770,"comment_status":"closed","ping_status":"open","sticky":false,"template":"","format":"standard","meta":{"_monsterinsights_skip_tracking":false,"_monsterinsights_sitenote_active":false,"_monsterinsights_sitenote_note":"","_monsterinsights_sitenote_category":0,"jetpack_post_was_ever_published":false,"_jetpack_newsletter_access":"","_jetpack_dont_email_post_to_subs":false,"_jetpack_newsletter_tier_id":0,"_jetpack_memberships_contains_paywalled_content":false,"_jetpack_memberships_contains_paid_content":false,"footnotes":"","jetpack_publicize_message":"","jetpack_publicize_feature_enabled":true,"jetpack_social_post_already_shared":true,"jetpack_social_options":{"image_generator_settings":{"template":"highway","default_image_id":0,"font":"","enabled":false},"version":2},"_wpas_customize_per_network":false},"categories":[8],"tags":[],"class_list":["post-156188","post","type-post","status-publish","format-standard","has-post-thumbnail","hentry","category-sociedad","generate-columns","tablet-grid-50","mobile-grid-100","grid-parent","grid-50"],"jetpack_publicize_connections":[],"jetpack_featured_media_url":"https:\/\/www.hoymercedes.com.ar\/principal\/wp-content\/uploads\/2021\/08\/EDEN-logoconclaim.jpg","wps_subtitle":"","jetpack_sharing_enabled":true,"_links":{"self":[{"href":"https:\/\/www.hoymercedes.com.ar\/principal\/wp-json\/wp\/v2\/posts\/156188","targetHints":{"allow":["GET"]}}],"collection":[{"href":"https:\/\/www.hoymercedes.com.ar\/principal\/wp-json\/wp\/v2\/posts"}],"about":[{"href":"https:\/\/www.hoymercedes.com.ar\/principal\/wp-json\/wp\/v2\/types\/post"}],"author":[{"embeddable":true,"href":"https:\/\/www.hoymercedes.com.ar\/principal\/wp-json\/wp\/v2\/users\/1"}],"replies":[{"embeddable":true,"href":"https:\/\/www.hoymercedes.com.ar\/principal\/wp-json\/wp\/v2\/comments?post=156188"}],"version-history":[{"count":0,"href":"https:\/\/www.hoymercedes.com.ar\/principal\/wp-json\/wp\/v2\/posts\/156188\/revisions"}],"wp:featuredmedia":[{"embeddable":true,"href":"https:\/\/www.hoymercedes.com.ar\/principal\/wp-json\/wp\/v2\/media\/135770"}],"wp:attachment":[{"href":"https:\/\/www.hoymercedes.com.ar\/principal\/wp-json\/wp\/v2\/media?parent=156188"}],"wp:term":[{"taxonomy":"category","embeddable":true,"href":"https:\/\/www.hoymercedes.com.ar\/principal\/wp-json\/wp\/v2\/categories?post=156188"},{"taxonomy":"post_tag","embeddable":true,"href":"https:\/\/www.hoymercedes.com.ar\/principal\/wp-json\/wp\/v2\/tags?post=156188"}],"curies":[{"name":"wp","href":"https:\/\/api.w.org\/{rel}","templated":true}]}}