{"id":156194,"date":"2022-12-06T10:30:00","date_gmt":"2022-12-06T13:30:00","guid":{"rendered":"https:\/\/www.hoymercedes.com.ar\/principal\/?p=156194"},"modified":"2022-12-06T10:12:15","modified_gmt":"2022-12-06T13:12:15","slug":"dermatologos-recomiendan-extremar-los-cuidados-ante-la-exposicion-solar-con-la-llegada-del-verano","status":"publish","type":"post","link":"https:\/\/www.hoymercedes.com.ar\/principal\/2022\/12\/06\/dermatologos-recomiendan-extremar-los-cuidados-ante-la-exposicion-solar-con-la-llegada-del-verano\/","title":{"rendered":"Dermat\u00f3logos recomiendan extremar los cuidados ante la exposici\u00f3n solar con la llegada del verano"},"content":{"rendered":"\n<p><em>La Sociedad Argentina de Dermatolog\u00eda advierte que el da\u00f1o solar es acumulativo y que el c\u00e1ncer de piel suele manifestarse en edades m\u00e1s avanzadas y pieles m\u00e1s claras. Recomiendan protegerse, evitando el da\u00f1o que causa la exposici\u00f3n solar.<\/em><\/p>\n\n\n<div class=\"wp-block-image\">\n<figure class=\"aligncenter size-full\"><img loading=\"lazy\" decoding=\"async\" width=\"573\" height=\"800\" data-attachment-id=\"156195\" data-permalink=\"https:\/\/www.hoymercedes.com.ar\/principal\/2022\/12\/06\/dermatologos-recomiendan-extremar-los-cuidados-ante-la-exposicion-solar-con-la-llegada-del-verano\/flyer-campana-2022-dorso\/#main\" data-orig-file=\"https:\/\/www.hoymercedes.com.ar\/principal\/wp-content\/uploads\/2022\/12\/Flyer-campana-2022-dorso.jpg\" data-orig-size=\"573,800\" data-comments-opened=\"0\" data-image-meta=\"{&quot;aperture&quot;:&quot;0&quot;,&quot;credit&quot;:&quot;&quot;,&quot;camera&quot;:&quot;&quot;,&quot;caption&quot;:&quot;&quot;,&quot;created_timestamp&quot;:&quot;0&quot;,&quot;copyright&quot;:&quot;&quot;,&quot;focal_length&quot;:&quot;0&quot;,&quot;iso&quot;:&quot;0&quot;,&quot;shutter_speed&quot;:&quot;0&quot;,&quot;title&quot;:&quot;&quot;,&quot;orientation&quot;:&quot;0&quot;}\" data-image-title=\"Flyer campa\u00f1a 2022 dorso\" data-image-description=\"\" data-image-caption=\"\" data-large-file=\"https:\/\/www.hoymercedes.com.ar\/principal\/wp-content\/uploads\/2022\/12\/Flyer-campana-2022-dorso.jpg\" src=\"https:\/\/www.hoymercedes.com.ar\/principal\/wp-content\/uploads\/2022\/12\/Flyer-campana-2022-dorso.jpg\" alt=\"\" class=\"wp-image-156195\" srcset=\"https:\/\/www.hoymercedes.com.ar\/principal\/wp-content\/uploads\/2022\/12\/Flyer-campana-2022-dorso.jpg 573w, https:\/\/www.hoymercedes.com.ar\/principal\/wp-content\/uploads\/2022\/12\/Flyer-campana-2022-dorso-444x620.jpg 444w, https:\/\/www.hoymercedes.com.ar\/principal\/wp-content\/uploads\/2022\/12\/Flyer-campana-2022-dorso-107x150.jpg 107w\" sizes=\"auto, (max-width: 573px) 100vw, 573px\" \/><\/figure>\n<\/div>\n\n\n<p>A puertas de una nueva temporada estival, la Sociedad Argentina de Dermatolog\u00eda lleva a cabo su 29\u00b0 Campa\u00f1a de Prevenci\u00f3n del C\u00e1ncer de Piel. <\/p>\n\n\n\n<p>El lema de esta edici\u00f3n es \u00abel da\u00f1o solar no se quita. Prevenilo\u00bb y hace hincapi\u00e9 en que el da\u00f1o que se genera en la piel hoy, puede traer consecuencias a futuro ya que es acumulativo. <\/p>\n\n\n\n<p>La estad\u00edstica indica que 1 de cada 3 personas puede tener alg\u00fan tipo de c\u00e1ncer de piel y por eso los especialistas intentan hacer foco en la prevenci\u00f3n.\u00a0<\/p>\n\n\n\n<p>Las claves para proteger la piel del da\u00f1o solar son concretas y de f\u00e1cil implementaci\u00f3n:<\/p>\n\n\n\n<ul class=\"wp-block-list\">\n<li>Usar prendas de vestir que cubran zonas delicadas como los brazos, la zona del pecho; y sombreros de ala ancha o gorros para proteger el cuero cabelludo, el rostro, las orejas y el cuello.<\/li>\n\n\n\n<li>Aplicar abundante protector solar de amplio espectro (que proteja contra los rayos UVB y UVA) con FPS (factor de protecci\u00f3n solar) superior a 30 (dependiendo del tipo de piel). En caso de pieles blancas, que se enrojecen, el FPS recomendado es de 50 o superior.&nbsp; En d\u00edas nublados o con \u00abresolana\u00bb la protecci\u00f3n debe ser la misma; aunque no parezca, los rayos UV llegan igual a nuestra piel.<\/li>\n\n\n\n<li>La protecci\u00f3n solar debe aplicarse 30 minutos antes de la exposici\u00f3n y ser renovada cada dos horas (o m\u00e1s seguido si hay transpiraci\u00f3n excesiva, inmersi\u00f3n en agua, etc).<\/li>\n\n\n\n<li>Evitar, en lo posible, la exposici\u00f3n solar entre 10 de la ma\u00f1ana y 4 de la tarde, cuando los rayos ultravioletas son m\u00e1s intensos.<\/li>\n\n\n\n<li>Controlar lunares, posibles lesiones o lesiones nuevas que se hayan modificado, crecido, cambiado de color y\/o que no se curen con el paso del tiempo; y una vez por a\u00f1o realizar una visita dermatol\u00f3gica para chequeo de la piel.<\/li>\n<\/ul>\n","protected":false},"excerpt":{"rendered":"<p>La Sociedad Argentina de Dermatolog\u00eda advierte que el da\u00f1o solar es acumulativo y que el c\u00e1ncer de piel suele manifestarse en edades m\u00e1s avanzadas y pieles m\u00e1s claras. Recomiendan protegerse, evitando el da\u00f1o que causa la exposici\u00f3n solar.<\/p>\n","protected":false},"author":1,"featured_media":156196,"comment_status":"closed","ping_status":"open","sticky":false,"template":"","format":"standard","meta":{"_monsterinsights_skip_tracking":false,"_monsterinsights_sitenote_active":false,"_monsterinsights_sitenote_note":"","_monsterinsights_sitenote_category":0,"jetpack_post_was_ever_published":false,"_jetpack_newsletter_access":"","_jetpack_dont_email_post_to_subs":false,"_jetpack_newsletter_tier_id":0,"_jetpack_memberships_contains_paywalled_content":false,"_jetpack_memberships_contains_paid_content":false,"footnotes":"","jetpack_publicize_message":"","jetpack_publicize_feature_enabled":true,"jetpack_social_post_already_shared":true,"jetpack_social_options":{"image_generator_settings":{"template":"highway","default_image_id":0,"font":"","enabled":false},"version":2},"_wpas_customize_per_network":false},"categories":[9791],"tags":[10227,11983,134,10456],"class_list":["post-156194","post","type-post","status-publish","format-standard","has-post-thumbnail","hentry","category-salud","tag-cancer-de-piel","tag-recomendaciones","tag-salud","tag-verano","generate-columns","tablet-grid-50","mobile-grid-100","grid-parent","grid-50"],"jetpack_publicize_connections":[],"jetpack_featured_media_url":"https:\/\/www.hoymercedes.com.ar\/principal\/wp-content\/uploads\/2022\/12\/Campana-SAD-Cancer-de-piel.jpg","wps_subtitle":"1 de cada 3 personas puede tener c\u00e1ncer de piel a lo largo de su vida","jetpack_sharing_enabled":true,"_links":{"self":[{"href":"https:\/\/www.hoymercedes.com.ar\/principal\/wp-json\/wp\/v2\/posts\/156194","targetHints":{"allow":["GET"]}}],"collection":[{"href":"https:\/\/www.hoymercedes.com.ar\/principal\/wp-json\/wp\/v2\/posts"}],"about":[{"href":"https:\/\/www.hoymercedes.com.ar\/principal\/wp-json\/wp\/v2\/types\/post"}],"author":[{"embeddable":true,"href":"https:\/\/www.hoymercedes.com.ar\/principal\/wp-json\/wp\/v2\/users\/1"}],"replies":[{"embeddable":true,"href":"https:\/\/www.hoymercedes.com.ar\/principal\/wp-json\/wp\/v2\/comments?post=156194"}],"version-history":[{"count":0,"href":"https:\/\/www.hoymercedes.com.ar\/principal\/wp-json\/wp\/v2\/posts\/156194\/revisions"}],"wp:featuredmedia":[{"embeddable":true,"href":"https:\/\/www.hoymercedes.com.ar\/principal\/wp-json\/wp\/v2\/media\/156196"}],"wp:attachment":[{"href":"https:\/\/www.hoymercedes.com.ar\/principal\/wp-json\/wp\/v2\/media?parent=156194"}],"wp:term":[{"taxonomy":"category","embeddable":true,"href":"https:\/\/www.hoymercedes.com.ar\/principal\/wp-json\/wp\/v2\/categories?post=156194"},{"taxonomy":"post_tag","embeddable":true,"href":"https:\/\/www.hoymercedes.com.ar\/principal\/wp-json\/wp\/v2\/tags?post=156194"}],"curies":[{"name":"wp","href":"https:\/\/api.w.org\/{rel}","templated":true}]}}