{"id":156275,"date":"2022-12-08T12:17:00","date_gmt":"2022-12-08T15:17:00","guid":{"rendered":"https:\/\/www.hoymercedes.com.ar\/principal\/?p=156275"},"modified":"2022-12-08T11:33:45","modified_gmt":"2022-12-08T14:33:45","slug":"el-acompanamiento-10-y-11-de-diciembre-en-teatro-talia","status":"publish","type":"post","link":"https:\/\/www.hoymercedes.com.ar\/principal\/2022\/12\/08\/el-acompanamiento-10-y-11-de-diciembre-en-teatro-talia\/","title":{"rendered":"\u201cEl Acompa\u00f1amiento\u201d 10 y 11 de diciembre en Teatro Tal\u00eda"},"content":{"rendered":"\n<p>Nuevamente sube a escena la exitosa obra \u201cEl Acompa\u00f1amiento\u201d, de Carlos Gorostiza en el Teatro Tal\u00eda.<\/p>\n\n\n\n<p>Esta emblem\u00e1tica obra del teatro argentino contempor\u00e1neo, se estren\u00f3 en 1981 en el Teatro Tabar\u00eds de Buenos Aires, como parte del movimiento que se conoci\u00f3 como \u201cTeatro Abierto\u201d.<\/p>\n\n\n\n<p>El 5 de noviembre pr\u00f3ximo pasado fue representada por dos destacados actores mercedinos: Ricardo Boffi y Dar\u00edo Brenna, con gran convocatoria de p\u00fablico y cr\u00edticas favorables. Los pr\u00f3ximos 10 y 11 de diciembre subir\u00e1 a escena, nuevamente, a partir de las 21:00 en el Teatro Tal\u00eda.<\/p>\n\n\n\n<p>Reservas: 11- 3877-6214 \/ 4420-9663<\/p>\n\n\n<div class=\"wp-block-image\">\n<figure class=\"aligncenter size-full\"><img loading=\"lazy\" decoding=\"async\" width=\"640\" height=\"800\" data-attachment-id=\"156276\" data-permalink=\"https:\/\/www.hoymercedes.com.ar\/principal\/2022\/12\/08\/el-acompanamiento-10-y-11-de-diciembre-en-teatro-talia\/whatsapp-image-2022-12-07-at-19-32-06\/#main\" data-orig-file=\"https:\/\/www.hoymercedes.com.ar\/principal\/wp-content\/uploads\/2022\/12\/WhatsApp-Image-2022-12-07-at-19.32.06.jpeg\" data-orig-size=\"640,800\" data-comments-opened=\"0\" data-image-meta=\"{&quot;aperture&quot;:&quot;0&quot;,&quot;credit&quot;:&quot;&quot;,&quot;camera&quot;:&quot;&quot;,&quot;caption&quot;:&quot;&quot;,&quot;created_timestamp&quot;:&quot;0&quot;,&quot;copyright&quot;:&quot;&quot;,&quot;focal_length&quot;:&quot;0&quot;,&quot;iso&quot;:&quot;0&quot;,&quot;shutter_speed&quot;:&quot;0&quot;,&quot;title&quot;:&quot;&quot;,&quot;orientation&quot;:&quot;0&quot;}\" data-image-title=\"WhatsApp Image 2022-12-07 at 19.32.06\" data-image-description=\"\" data-image-caption=\"\" data-large-file=\"https:\/\/www.hoymercedes.com.ar\/principal\/wp-content\/uploads\/2022\/12\/WhatsApp-Image-2022-12-07-at-19.32.06.jpeg\" src=\"https:\/\/www.hoymercedes.com.ar\/principal\/wp-content\/uploads\/2022\/12\/WhatsApp-Image-2022-12-07-at-19.32.06.jpeg\" alt=\"\" class=\"wp-image-156276\" srcset=\"https:\/\/www.hoymercedes.com.ar\/principal\/wp-content\/uploads\/2022\/12\/WhatsApp-Image-2022-12-07-at-19.32.06.jpeg 640w, https:\/\/www.hoymercedes.com.ar\/principal\/wp-content\/uploads\/2022\/12\/WhatsApp-Image-2022-12-07-at-19.32.06-496x620.jpeg 496w, https:\/\/www.hoymercedes.com.ar\/principal\/wp-content\/uploads\/2022\/12\/WhatsApp-Image-2022-12-07-at-19.32.06-120x150.jpeg 120w\" sizes=\"auto, (max-width: 640px) 100vw, 640px\" \/><\/figure>\n<\/div>","protected":false},"excerpt":{"rendered":"<p>Nuevamente sube a escena la exitosa obra \u201cEl Acompa\u00f1amiento\u201d, de Carlos Gorostiza en el Teatro Tal\u00eda. icardo Boffi y Dar\u00edo Brenna subir\u00e1n a escena los d\u00edas 10 y 11 de diciembre. Entradas a la venta.  <\/p>\n","protected":false},"author":1,"featured_media":156276,"comment_status":"closed","ping_status":"open","sticky":false,"template":"","format":"standard","meta":{"_monsterinsights_skip_tracking":false,"_monsterinsights_sitenote_active":false,"_monsterinsights_sitenote_note":"","_monsterinsights_sitenote_category":0,"jetpack_post_was_ever_published":false,"_jetpack_newsletter_access":"","_jetpack_dont_email_post_to_subs":false,"_jetpack_newsletter_tier_id":0,"_jetpack_memberships_contains_paywalled_content":false,"_jetpack_memberships_contains_paid_content":false,"footnotes":"","jetpack_publicize_message":"","jetpack_publicize_feature_enabled":true,"jetpack_social_post_already_shared":true,"jetpack_social_options":{"image_generator_settings":{"template":"highway","default_image_id":0,"font":"","enabled":false},"version":2},"_wpas_customize_per_network":false},"categories":[104],"tags":[7805,11049,18616,653],"class_list":["post-156275","post","type-post","status-publish","format-standard","has-post-thumbnail","hentry","category-cultura","tag-cultura","tag-escenario","tag-obras-de-teatros","tag-teatro-talia","generate-columns","tablet-grid-50","mobile-grid-100","grid-parent","grid-50"],"jetpack_publicize_connections":[],"jetpack_featured_media_url":"https:\/\/www.hoymercedes.com.ar\/principal\/wp-content\/uploads\/2022\/12\/WhatsApp-Image-2022-12-07-at-19.32.06.jpeg","wps_subtitle":"","jetpack_sharing_enabled":true,"_links":{"self":[{"href":"https:\/\/www.hoymercedes.com.ar\/principal\/wp-json\/wp\/v2\/posts\/156275","targetHints":{"allow":["GET"]}}],"collection":[{"href":"https:\/\/www.hoymercedes.com.ar\/principal\/wp-json\/wp\/v2\/posts"}],"about":[{"href":"https:\/\/www.hoymercedes.com.ar\/principal\/wp-json\/wp\/v2\/types\/post"}],"author":[{"embeddable":true,"href":"https:\/\/www.hoymercedes.com.ar\/principal\/wp-json\/wp\/v2\/users\/1"}],"replies":[{"embeddable":true,"href":"https:\/\/www.hoymercedes.com.ar\/principal\/wp-json\/wp\/v2\/comments?post=156275"}],"version-history":[{"count":0,"href":"https:\/\/www.hoymercedes.com.ar\/principal\/wp-json\/wp\/v2\/posts\/156275\/revisions"}],"wp:featuredmedia":[{"embeddable":true,"href":"https:\/\/www.hoymercedes.com.ar\/principal\/wp-json\/wp\/v2\/media\/156276"}],"wp:attachment":[{"href":"https:\/\/www.hoymercedes.com.ar\/principal\/wp-json\/wp\/v2\/media?parent=156275"}],"wp:term":[{"taxonomy":"category","embeddable":true,"href":"https:\/\/www.hoymercedes.com.ar\/principal\/wp-json\/wp\/v2\/categories?post=156275"},{"taxonomy":"post_tag","embeddable":true,"href":"https:\/\/www.hoymercedes.com.ar\/principal\/wp-json\/wp\/v2\/tags?post=156275"}],"curies":[{"name":"wp","href":"https:\/\/api.w.org\/{rel}","templated":true}]}}