{"id":156313,"date":"2022-12-09T12:16:13","date_gmt":"2022-12-09T15:16:13","guid":{"rendered":"https:\/\/www.hoymercedes.com.ar\/principal\/?p=156313"},"modified":"2022-12-09T12:16:15","modified_gmt":"2022-12-09T15:16:15","slug":"recomendaciones-frente-a-la-ola-de-calor-extremo","status":"publish","type":"post","link":"https:\/\/www.hoymercedes.com.ar\/principal\/2022\/12\/09\/recomendaciones-frente-a-la-ola-de-calor-extremo\/","title":{"rendered":"Recomendaciones frente a la ola de calor extremo"},"content":{"rendered":"\n<p>De cara a jornadas de extremo calor en la regi\u00f3n centro del pa\u00eds, los especialistas de la cartera sanitaria bonaerense emitieron una serie de recomendaciones para evitar problemas de salud.<\/p>\n\n\n\n<p>La temperatura de gran parte del pa\u00eds superar\u00e1 f\u00e1cilmente los 35\u00b0C, un fen\u00f3meno que puede acarrear golpes de calor, especialmente en ni\u00f1os, ni\u00f1as y adultos mayores.<\/p>\n\n\n\n<p>Es por eso que los especialistas recomiendan prestar atenci\u00f3n a quienes pueden estar m\u00e1s vulnerables y tomar medidas preventivas. Al respecto, Federico Paruelo, Director de Ni\u00f1ez y Adolescencia del ministerio de Salud aconsej\u00f3 \u201caumentar el consumo de agua, evitar realizar actividades f\u00edsicas y la exposici\u00f3n directa al sol de 10 a 16, y siempre utilizar protecci\u00f3n solar y gorro. Tambi\u00e9n se recomienda vestir ropa de algod\u00f3n y de colores claros\u201d.<\/p>\n\n\n\n<p>En el caso de los m\u00e1s chicos, Paruelo se\u00f1ala que \u201cno hay que esperar a que pidan agua, sino que hay que ofrecerles continuamente l\u00edquidos, como jugos naturales, agua potable, o en caso de lactancia, amamantar con m\u00e1s frecuencia\u201d.<\/p>\n\n\n\n<p>La alimentaci\u00f3n es otra pauta importante a seguir, adem\u00e1s de preferir alimentos frescos y saludables, hay que mantener bien refrigerados los que se puedan echar a perder; y desechar los alimentos perecederos (incluidos la carne, el pollo, el pescado, los huevos y las sobras) que hayan estado por 2 horas o m\u00e1s fuera del fr\u00edo.<\/p>\n\n\n\n<p>A su vez, Paruelo recomend\u00f3 evitar bebidas alcoh\u00f3licas, con cafe\u00edna, con az\u00facar en exceso, muy fr\u00edas o muy calientes; incorporar frutas y verduras a tu alimentaci\u00f3n y evitar las comidas abundantes.<\/p>\n\n\n\n<p>Signos de alerta de golpe de calor<\/p>\n\n\n\n<p>Pedir ayuda a emergencias m\u00e9dicas si observa que usted o alguien en su entorno presenta sed intensa y sequedad en la boca, temperatura mayor a 39\u00ba C, sudoraci\u00f3n excesiva, sensaci\u00f3n de calor sofocante, piel seca, agotamiento, mareos o desmayo, dolores de est\u00f3mago, falta de apetito, n\u00e1useas o v\u00f3mitos y dolores de cabeza, entre otros.<\/p>\n\n\n\n<p>Fuente: Provincia de Buenos Aires<\/p>\n","protected":false},"excerpt":{"rendered":"<p>De cara a jornadas de extremo calor en la regi\u00f3n centro del pa\u00eds, los especialistas de la cartera sanitaria bonaerense emitieron una serie de recomendaciones para evitar problemas de salud.<\/p>\n","protected":false},"author":1,"featured_media":142062,"comment_status":"closed","ping_status":"open","sticky":false,"template":"","format":"standard","meta":{"_monsterinsights_skip_tracking":false,"_monsterinsights_sitenote_active":false,"_monsterinsights_sitenote_note":"","_monsterinsights_sitenote_category":0,"jetpack_post_was_ever_published":false,"_jetpack_newsletter_access":"","_jetpack_dont_email_post_to_subs":false,"_jetpack_newsletter_tier_id":0,"_jetpack_memberships_contains_paywalled_content":false,"_jetpack_memberships_contains_paid_content":false,"footnotes":"","jetpack_publicize_message":"","jetpack_publicize_feature_enabled":true,"jetpack_social_post_already_shared":true,"jetpack_social_options":{"image_generator_settings":{"template":"highway","default_image_id":0,"font":"","enabled":false},"version":2},"_wpas_customize_per_network":false},"categories":[8],"tags":[],"class_list":["post-156313","post","type-post","status-publish","format-standard","has-post-thumbnail","hentry","category-sociedad","generate-columns","tablet-grid-50","mobile-grid-100","grid-parent","grid-50"],"jetpack_publicize_connections":[],"jetpack_featured_media_url":"https:\/\/www.hoymercedes.com.ar\/principal\/wp-content\/uploads\/2021\/12\/446534.jpg","wps_subtitle":"Alerta por ola de calor","jetpack_sharing_enabled":true,"_links":{"self":[{"href":"https:\/\/www.hoymercedes.com.ar\/principal\/wp-json\/wp\/v2\/posts\/156313","targetHints":{"allow":["GET"]}}],"collection":[{"href":"https:\/\/www.hoymercedes.com.ar\/principal\/wp-json\/wp\/v2\/posts"}],"about":[{"href":"https:\/\/www.hoymercedes.com.ar\/principal\/wp-json\/wp\/v2\/types\/post"}],"author":[{"embeddable":true,"href":"https:\/\/www.hoymercedes.com.ar\/principal\/wp-json\/wp\/v2\/users\/1"}],"replies":[{"embeddable":true,"href":"https:\/\/www.hoymercedes.com.ar\/principal\/wp-json\/wp\/v2\/comments?post=156313"}],"version-history":[{"count":0,"href":"https:\/\/www.hoymercedes.com.ar\/principal\/wp-json\/wp\/v2\/posts\/156313\/revisions"}],"wp:featuredmedia":[{"embeddable":true,"href":"https:\/\/www.hoymercedes.com.ar\/principal\/wp-json\/wp\/v2\/media\/142062"}],"wp:attachment":[{"href":"https:\/\/www.hoymercedes.com.ar\/principal\/wp-json\/wp\/v2\/media?parent=156313"}],"wp:term":[{"taxonomy":"category","embeddable":true,"href":"https:\/\/www.hoymercedes.com.ar\/principal\/wp-json\/wp\/v2\/categories?post=156313"},{"taxonomy":"post_tag","embeddable":true,"href":"https:\/\/www.hoymercedes.com.ar\/principal\/wp-json\/wp\/v2\/tags?post=156313"}],"curies":[{"name":"wp","href":"https:\/\/api.w.org\/{rel}","templated":true}]}}