{"id":156361,"date":"2022-12-10T17:28:00","date_gmt":"2022-12-10T20:28:00","guid":{"rendered":"https:\/\/www.hoymercedes.com.ar\/principal\/?p=156361"},"modified":"2022-12-11T08:28:56","modified_gmt":"2022-12-11T11:28:56","slug":"gran-noche-de-cierre-de-ano-pami-en-la-trocha-para-nuestros-adultos-mayores","status":"publish","type":"post","link":"https:\/\/www.hoymercedes.com.ar\/principal\/2022\/12\/10\/gran-noche-de-cierre-de-ano-pami-en-la-trocha-para-nuestros-adultos-mayores\/","title":{"rendered":"Noche de cierre de a\u00f1o PAMI en La Trocha para nuestros adultos Mayores"},"content":{"rendered":"\n<figure class=\"wp-block-image size-full\"><img loading=\"lazy\" decoding=\"async\" width=\"922\" height=\"615\" data-attachment-id=\"156362\" data-permalink=\"https:\/\/www.hoymercedes.com.ar\/principal\/2022\/12\/10\/gran-noche-de-cierre-de-ano-pami-en-la-trocha-para-nuestros-adultos-mayores\/sja_5396\/#main\" data-orig-file=\"https:\/\/www.hoymercedes.com.ar\/principal\/wp-content\/uploads\/2022\/12\/SJA_5396.jpg\" data-orig-size=\"922,615\" data-comments-opened=\"0\" data-image-meta=\"{&quot;aperture&quot;:&quot;0&quot;,&quot;credit&quot;:&quot;SEBASTIANAMBROSSIO&quot;,&quot;camera&quot;:&quot;&quot;,&quot;caption&quot;:&quot;&quot;,&quot;created_timestamp&quot;:&quot;0&quot;,&quot;copyright&quot;:&quot;SebastianAmbrossio&quot;,&quot;focal_length&quot;:&quot;0&quot;,&quot;iso&quot;:&quot;0&quot;,&quot;shutter_speed&quot;:&quot;0&quot;,&quot;title&quot;:&quot;&quot;,&quot;orientation&quot;:&quot;0&quot;}\" data-image-title=\"SJA_5396\" data-image-description=\"\" data-image-caption=\"\" data-large-file=\"https:\/\/www.hoymercedes.com.ar\/principal\/wp-content\/uploads\/2022\/12\/SJA_5396.jpg\" src=\"https:\/\/www.hoymercedes.com.ar\/principal\/wp-content\/uploads\/2022\/12\/SJA_5396.jpg\" alt=\"\" class=\"wp-image-156362\" srcset=\"https:\/\/www.hoymercedes.com.ar\/principal\/wp-content\/uploads\/2022\/12\/SJA_5396.jpg 922w, https:\/\/www.hoymercedes.com.ar\/principal\/wp-content\/uploads\/2022\/12\/SJA_5396-630x420.jpg 630w, https:\/\/www.hoymercedes.com.ar\/principal\/wp-content\/uploads\/2022\/12\/SJA_5396-150x100.jpg 150w\" sizes=\"auto, (max-width: 922px) 100vw, 922px\" \/><\/figure>\n\n\n\n<p>PAMI cerr\u00f3 el a\u00f1o de los talleres culturales con una gran fiesta en La Trocha. Hubo m\u00e1s de medio centenar de adultos mayores. La actividad incluy\u00f3 una cena show en el predio, bajo la arboleda, en una noche de jueves que fue espectacular. \u201cEstamos agradecidos por esta reuni\u00f3n. La pasamos realmente muy bien\u201d cont\u00f3 una de las jubiladas presentes.<\/p>\n\n\n\n<p><strong>Agradecimiento<\/strong><\/p>\n\n\n\n<p>El intendente Ustarroz, sostuvo: \u201cgracias a cada una y cada uno de ustedes, hoy presentes. Esta noche tenemos tres encuentros solidarios y en todos hay un excelente marco de asistencia. \u00bfSaben por qu\u00e9 sucede? Porque tenemos un pueblo solidario, alegre, con unidad, con ganas de encontrarse. Porque si no fuera as\u00ed hagamos lo que hagamos caer\u00eda en saco roto, pero ac\u00e1 vemos un marco excelente\u201d manifest\u00f3 agradeciendo y destac\u00f3 que \u201cvemos una gran unidad de nuestro pueblo en este fin de a\u00f1o\u201d coment\u00f3 y afirm\u00f3 \u201csigamos trabajando para encontrarnos y seguir construyendo esta hermosa ciudad, haciendo las cosas de coraz\u00f3n\u201d afirm\u00f3 entre otros conceptos.<\/p>\n\n\n\n<figure class=\"wp-block-image size-full\"><img loading=\"lazy\" decoding=\"async\" width=\"922\" height=\"615\" data-attachment-id=\"156363\" data-permalink=\"https:\/\/www.hoymercedes.com.ar\/principal\/2022\/12\/10\/gran-noche-de-cierre-de-ano-pami-en-la-trocha-para-nuestros-adultos-mayores\/sja_5368\/#main\" data-orig-file=\"https:\/\/www.hoymercedes.com.ar\/principal\/wp-content\/uploads\/2022\/12\/SJA_5368.jpg\" data-orig-size=\"922,615\" data-comments-opened=\"0\" data-image-meta=\"{&quot;aperture&quot;:&quot;0&quot;,&quot;credit&quot;:&quot;SEBASTIANAMBROSSIO&quot;,&quot;camera&quot;:&quot;&quot;,&quot;caption&quot;:&quot;&quot;,&quot;created_timestamp&quot;:&quot;0&quot;,&quot;copyright&quot;:&quot;SebastianAmbrossio&quot;,&quot;focal_length&quot;:&quot;0&quot;,&quot;iso&quot;:&quot;0&quot;,&quot;shutter_speed&quot;:&quot;0&quot;,&quot;title&quot;:&quot;&quot;,&quot;orientation&quot;:&quot;0&quot;}\" data-image-title=\"SJA_5368\" data-image-description=\"\" data-image-caption=\"\" data-large-file=\"https:\/\/www.hoymercedes.com.ar\/principal\/wp-content\/uploads\/2022\/12\/SJA_5368.jpg\" src=\"https:\/\/www.hoymercedes.com.ar\/principal\/wp-content\/uploads\/2022\/12\/SJA_5368.jpg\" alt=\"\" class=\"wp-image-156363\" srcset=\"https:\/\/www.hoymercedes.com.ar\/principal\/wp-content\/uploads\/2022\/12\/SJA_5368.jpg 922w, https:\/\/www.hoymercedes.com.ar\/principal\/wp-content\/uploads\/2022\/12\/SJA_5368-630x420.jpg 630w, https:\/\/www.hoymercedes.com.ar\/principal\/wp-content\/uploads\/2022\/12\/SJA_5368-150x100.jpg 150w\" sizes=\"auto, (max-width: 922px) 100vw, 922px\" \/><\/figure>\n\n\n\n<p><strong>Talleres<\/strong><\/p>\n\n\n\n<p>Santiago Altube aprovech\u00f3 para dar \u201cgracias a todas y todos por venir. Estamos terminando el a\u00f1o y ha sido un gusto volver a encontrarnos, como lo hicimos durante todo el a\u00f1o. Gracias a Blanca Tolosa por estar en cada acto\u201d dijo<\/p>\n\n\n\n<p>\u201cEs el cierre de los talleres, con muestras, bailes, canto y queremos invitarlos para el a\u00f1o que viene, con m\u00e1s espacios y encuentros, por eso tambi\u00e9n gracias a cada profe que desarrollan esta tarea tan valiosa\u201d expres\u00f3 el licenciado Santiago Altube, m\u00e1ximo responsable de la agencia PAMI Mercedes y destac\u00f3 que \u201ctras la pandemia logramos hacer muchas tareas y el que viene ser\u00e1 muy positivo\u201d.<\/p>\n\n\n\n<p><strong>Encuentros<\/strong><\/p>\n\n\n\n<p>Carlos Garro, desde Anses, menciono que \u201clos veo contentos, seguidos, porque los encuentros son importantes y eso habla del trabajo en conjunto y los espacios que nos permiten ser felices, integr\u00e1ndonos desde distintas instituciones del Estado\u201d coment\u00f3 el gerente de Anses y destac\u00f3 \u201cesto es de ustedes y para ustedes, muchas gracias\u201d<\/p>\n\n\n\n<p>Victoria Odell, desde Adultos Mayores, mencion\u00f3 que \u201cgracias a cada una y cada uno de ustedes, a los trabajadores de Anses y PAMI por el cuidado y acompa\u00f1amiento de nuestros adultos mayores. Ojal\u00e1 tengan unas hermosas fiestas con mucho afecto y sigamos construyendo espacios de encuentro\u201d.<\/p>\n\n\n\n<p><strong>Espect\u00e1culos<\/strong><\/p>\n\n\n\n<p>Hubo en la noche, adem\u00e1s de un \u00e1gape en homenaje a las y los jubilados, shows en vivo de m\u00fasica tropical, folklore, salsa, danzas espa\u00f1olas y m\u00e1s. La asistencia fue muy significativa en una noche para el disfrute y encuentro de nuestros vecinos y vecinas jubilados y pensionados.<\/p>\n\n\n\n<p>Info: PAMI \/ Redes<\/p>\n","protected":false},"excerpt":{"rendered":"<p>PAMI cerr\u00f3 el a\u00f1o de los talleres culturales con una gran fiesta en La Trocha. Hubo m\u00e1s de medio centenar &#8230; <a title=\"Noche de cierre de a\u00f1o PAMI en La Trocha para nuestros adultos Mayores\" class=\"read-more\" href=\"https:\/\/www.hoymercedes.com.ar\/principal\/2022\/12\/10\/gran-noche-de-cierre-de-ano-pami-en-la-trocha-para-nuestros-adultos-mayores\/\" aria-label=\"Leer m\u00e1s sobre Noche de cierre de a\u00f1o PAMI en La Trocha para nuestros adultos Mayores\">Leer m\u00e1s<\/a><\/p>\n","protected":false},"author":1,"featured_media":156363,"comment_status":"closed","ping_status":"open","sticky":false,"template":"","format":"standard","meta":{"_monsterinsights_skip_tracking":false,"_monsterinsights_sitenote_active":false,"_monsterinsights_sitenote_note":"","_monsterinsights_sitenote_category":0,"jetpack_post_was_ever_published":false,"_jetpack_newsletter_access":"","_jetpack_dont_email_post_to_subs":false,"_jetpack_newsletter_tier_id":0,"_jetpack_memberships_contains_paywalled_content":false,"_jetpack_memberships_contains_paid_content":false,"footnotes":"","jetpack_publicize_message":"","jetpack_publicize_feature_enabled":true,"jetpack_social_post_already_shared":true,"jetpack_social_options":{"image_generator_settings":{"template":"highway","default_image_id":0,"font":"","enabled":false},"version":2},"_wpas_customize_per_network":false},"categories":[8],"tags":[35,8203,540,2781,8231,17899],"class_list":["post-156361","post","type-post","status-publish","format-standard","has-post-thumbnail","hentry","category-sociedad","tag-anses-mercedes","tag-carlos-garro","tag-juani-ustarroz","tag-pami","tag-santiago-altube","tag-victoria-odell-2","generate-columns","tablet-grid-50","mobile-grid-100","grid-parent","grid-50"],"jetpack_publicize_connections":[],"jetpack_featured_media_url":"https:\/\/www.hoymercedes.com.ar\/principal\/wp-content\/uploads\/2022\/12\/SJA_5368.jpg","wps_subtitle":"Festejos institucionales","jetpack_sharing_enabled":true,"_links":{"self":[{"href":"https:\/\/www.hoymercedes.com.ar\/principal\/wp-json\/wp\/v2\/posts\/156361","targetHints":{"allow":["GET"]}}],"collection":[{"href":"https:\/\/www.hoymercedes.com.ar\/principal\/wp-json\/wp\/v2\/posts"}],"about":[{"href":"https:\/\/www.hoymercedes.com.ar\/principal\/wp-json\/wp\/v2\/types\/post"}],"author":[{"embeddable":true,"href":"https:\/\/www.hoymercedes.com.ar\/principal\/wp-json\/wp\/v2\/users\/1"}],"replies":[{"embeddable":true,"href":"https:\/\/www.hoymercedes.com.ar\/principal\/wp-json\/wp\/v2\/comments?post=156361"}],"version-history":[{"count":0,"href":"https:\/\/www.hoymercedes.com.ar\/principal\/wp-json\/wp\/v2\/posts\/156361\/revisions"}],"wp:featuredmedia":[{"embeddable":true,"href":"https:\/\/www.hoymercedes.com.ar\/principal\/wp-json\/wp\/v2\/media\/156363"}],"wp:attachment":[{"href":"https:\/\/www.hoymercedes.com.ar\/principal\/wp-json\/wp\/v2\/media?parent=156361"}],"wp:term":[{"taxonomy":"category","embeddable":true,"href":"https:\/\/www.hoymercedes.com.ar\/principal\/wp-json\/wp\/v2\/categories?post=156361"},{"taxonomy":"post_tag","embeddable":true,"href":"https:\/\/www.hoymercedes.com.ar\/principal\/wp-json\/wp\/v2\/tags?post=156361"}],"curies":[{"name":"wp","href":"https:\/\/api.w.org\/{rel}","templated":true}]}}