{"id":156418,"date":"2022-12-12T09:55:00","date_gmt":"2022-12-12T12:55:00","guid":{"rendered":"https:\/\/www.hoymercedes.com.ar\/principal\/?p=156418"},"modified":"2022-12-12T09:31:59","modified_gmt":"2022-12-12T12:31:59","slug":"hcd-reconocio-a-juan-meoniz-y-al-ballet-santa-cecilia","status":"publish","type":"post","link":"https:\/\/www.hoymercedes.com.ar\/principal\/2022\/12\/12\/hcd-reconocio-a-juan-meoniz-y-al-ballet-santa-cecilia\/","title":{"rendered":"HCD reconoci\u00f3 a Juan Meoniz y al Ballet Santa Cecilia"},"content":{"rendered":"\n<p>En la tarde-noche del mi\u00e9rcoles pasado, el Concejo Deliberante llev\u00f3 adelante un nuevo encuentro del ciclo HomenajeArte. En esta oportunidad, fue en la Plaza San Mart\u00edn donde se aprovech\u00f3 la oportunidad para reconocer al fot\u00f3grafo Juan Meoniz y al ballet Santa Cecilia.<\/p>\n\n\n<div class=\"wp-block-image\">\n<figure class=\"aligncenter size-full\"><img loading=\"lazy\" decoding=\"async\" width=\"800\" height=\"533\" data-attachment-id=\"156419\" data-permalink=\"https:\/\/www.hoymercedes.com.ar\/principal\/2022\/12\/12\/hcd-reconocio-a-juan-meoniz-y-al-ballet-santa-cecilia\/hcd-homenaje1\/#main\" data-orig-file=\"https:\/\/www.hoymercedes.com.ar\/principal\/wp-content\/uploads\/2022\/12\/HCD-homenaje1.jpg\" data-orig-size=\"800,533\" data-comments-opened=\"0\" data-image-meta=\"{&quot;aperture&quot;:&quot;0&quot;,&quot;credit&quot;:&quot;&quot;,&quot;camera&quot;:&quot;&quot;,&quot;caption&quot;:&quot;&quot;,&quot;created_timestamp&quot;:&quot;0&quot;,&quot;copyright&quot;:&quot;&quot;,&quot;focal_length&quot;:&quot;0&quot;,&quot;iso&quot;:&quot;0&quot;,&quot;shutter_speed&quot;:&quot;0&quot;,&quot;title&quot;:&quot;&quot;,&quot;orientation&quot;:&quot;0&quot;}\" data-image-title=\"HCD homenaje1\" data-image-description=\"\" data-image-caption=\"\" data-large-file=\"https:\/\/www.hoymercedes.com.ar\/principal\/wp-content\/uploads\/2022\/12\/HCD-homenaje1.jpg\" src=\"https:\/\/www.hoymercedes.com.ar\/principal\/wp-content\/uploads\/2022\/12\/HCD-homenaje1.jpg\" alt=\"\" class=\"wp-image-156419\" srcset=\"https:\/\/www.hoymercedes.com.ar\/principal\/wp-content\/uploads\/2022\/12\/HCD-homenaje1.jpg 800w, https:\/\/www.hoymercedes.com.ar\/principal\/wp-content\/uploads\/2022\/12\/HCD-homenaje1-630x420.jpg 630w, https:\/\/www.hoymercedes.com.ar\/principal\/wp-content\/uploads\/2022\/12\/HCD-homenaje1-150x100.jpg 150w, https:\/\/www.hoymercedes.com.ar\/principal\/wp-content\/uploads\/2022\/12\/HCD-homenaje1-700x465.jpg 700w\" sizes=\"auto, (max-width: 800px) 100vw, 800px\" \/><\/figure>\n<\/div>\n\n\n<p>Juan Meoniz es un activo entusiasta y emprendedor mercedino de la fotograf\u00eda cl\u00e1sica. En el a\u00f1o 2000 y con la tecnolog\u00eda digital comienza a incursionar en el mundo de la fotograf\u00eda. Gestor del \u201d Encuentro Internacional de Fot\u00f3grafos\u201d que se realiza en la plaza principal en el mes de noviembre desde hace ocho ediciones. <\/p>\n\n\n\n<p>En tanto, el ballet Santa Cecilia lleva mas de 18 a\u00f1os como grupo de baile y preparando j\u00f3venes y adultos en el mundo de la danza folkl\u00f3rica. A lo largo de su trayectoria obtuvo muchas distinciones y la posibilidad de interactuar con artistas de nivel nacional.<\/p>\n\n\n<div class=\"wp-block-image\">\n<figure class=\"aligncenter size-full\"><img loading=\"lazy\" decoding=\"async\" width=\"800\" height=\"533\" data-attachment-id=\"156420\" data-permalink=\"https:\/\/www.hoymercedes.com.ar\/principal\/2022\/12\/12\/hcd-reconocio-a-juan-meoniz-y-al-ballet-santa-cecilia\/hcd-homenaje\/#main\" data-orig-file=\"https:\/\/www.hoymercedes.com.ar\/principal\/wp-content\/uploads\/2022\/12\/HCD-homenaje.jpg\" data-orig-size=\"800,533\" data-comments-opened=\"0\" data-image-meta=\"{&quot;aperture&quot;:&quot;0&quot;,&quot;credit&quot;:&quot;&quot;,&quot;camera&quot;:&quot;&quot;,&quot;caption&quot;:&quot;&quot;,&quot;created_timestamp&quot;:&quot;0&quot;,&quot;copyright&quot;:&quot;&quot;,&quot;focal_length&quot;:&quot;0&quot;,&quot;iso&quot;:&quot;0&quot;,&quot;shutter_speed&quot;:&quot;0&quot;,&quot;title&quot;:&quot;&quot;,&quot;orientation&quot;:&quot;0&quot;}\" data-image-title=\"HCD homenaje\" data-image-description=\"\" data-image-caption=\"\" data-large-file=\"https:\/\/www.hoymercedes.com.ar\/principal\/wp-content\/uploads\/2022\/12\/HCD-homenaje.jpg\" src=\"https:\/\/www.hoymercedes.com.ar\/principal\/wp-content\/uploads\/2022\/12\/HCD-homenaje.jpg\" alt=\"\" class=\"wp-image-156420\" srcset=\"https:\/\/www.hoymercedes.com.ar\/principal\/wp-content\/uploads\/2022\/12\/HCD-homenaje.jpg 800w, https:\/\/www.hoymercedes.com.ar\/principal\/wp-content\/uploads\/2022\/12\/HCD-homenaje-630x420.jpg 630w, https:\/\/www.hoymercedes.com.ar\/principal\/wp-content\/uploads\/2022\/12\/HCD-homenaje-150x100.jpg 150w, https:\/\/www.hoymercedes.com.ar\/principal\/wp-content\/uploads\/2022\/12\/HCD-homenaje-700x465.jpg 700w\" sizes=\"auto, (max-width: 800px) 100vw, 800px\" \/><\/figure>\n<\/div>","protected":false},"excerpt":{"rendered":"<p>En la tarde-noche del mi\u00e9rcoles pasado, el Concejo Deliberante llev\u00f3 adelante un nuevo encuentro del ciclo HomenajeArte. En esta oportunidad, fue en la Plaza San Mart\u00edn donde se aprovech\u00f3 la oportunidad para reconocer al fot\u00f3grafo Juan Meoniz y al ballet Santa Cecilia.<\/p>\n","protected":false},"author":1,"featured_media":156420,"comment_status":"closed","ping_status":"open","sticky":false,"template":"","format":"standard","meta":{"_monsterinsights_skip_tracking":false,"_monsterinsights_sitenote_active":false,"_monsterinsights_sitenote_note":"","_monsterinsights_sitenote_category":0,"jetpack_post_was_ever_published":false,"_jetpack_newsletter_access":"","_jetpack_dont_email_post_to_subs":false,"_jetpack_newsletter_tier_id":0,"_jetpack_memberships_contains_paywalled_content":false,"_jetpack_memberships_contains_paid_content":false,"footnotes":"","jetpack_publicize_message":"","jetpack_publicize_feature_enabled":true,"jetpack_social_post_already_shared":true,"jetpack_social_options":{"image_generator_settings":{"template":"highway","default_image_id":0,"font":"","enabled":false},"version":2},"_wpas_customize_per_network":false},"categories":[18286],"tags":[7805,831,8834,5319,9372],"class_list":["post-156418","post","type-post","status-publish","format-standard","has-post-thumbnail","hentry","category-hcd-mercedes","tag-cultura","tag-hcd-mercedes","tag-homenaje","tag-politica-2","tag-reconocimientos","generate-columns","tablet-grid-50","mobile-grid-100","grid-parent","grid-50"],"jetpack_publicize_connections":[],"jetpack_featured_media_url":"https:\/\/www.hoymercedes.com.ar\/principal\/wp-content\/uploads\/2022\/12\/HCD-homenaje.jpg","wps_subtitle":"","jetpack_sharing_enabled":true,"_links":{"self":[{"href":"https:\/\/www.hoymercedes.com.ar\/principal\/wp-json\/wp\/v2\/posts\/156418","targetHints":{"allow":["GET"]}}],"collection":[{"href":"https:\/\/www.hoymercedes.com.ar\/principal\/wp-json\/wp\/v2\/posts"}],"about":[{"href":"https:\/\/www.hoymercedes.com.ar\/principal\/wp-json\/wp\/v2\/types\/post"}],"author":[{"embeddable":true,"href":"https:\/\/www.hoymercedes.com.ar\/principal\/wp-json\/wp\/v2\/users\/1"}],"replies":[{"embeddable":true,"href":"https:\/\/www.hoymercedes.com.ar\/principal\/wp-json\/wp\/v2\/comments?post=156418"}],"version-history":[{"count":0,"href":"https:\/\/www.hoymercedes.com.ar\/principal\/wp-json\/wp\/v2\/posts\/156418\/revisions"}],"wp:featuredmedia":[{"embeddable":true,"href":"https:\/\/www.hoymercedes.com.ar\/principal\/wp-json\/wp\/v2\/media\/156420"}],"wp:attachment":[{"href":"https:\/\/www.hoymercedes.com.ar\/principal\/wp-json\/wp\/v2\/media?parent=156418"}],"wp:term":[{"taxonomy":"category","embeddable":true,"href":"https:\/\/www.hoymercedes.com.ar\/principal\/wp-json\/wp\/v2\/categories?post=156418"},{"taxonomy":"post_tag","embeddable":true,"href":"https:\/\/www.hoymercedes.com.ar\/principal\/wp-json\/wp\/v2\/tags?post=156418"}],"curies":[{"name":"wp","href":"https:\/\/api.w.org\/{rel}","templated":true}]}}