{"id":156457,"date":"2022-12-13T14:37:52","date_gmt":"2022-12-13T17:37:52","guid":{"rendered":"https:\/\/www.hoymercedes.com.ar\/principal\/?p=156457"},"modified":"2022-12-13T14:38:33","modified_gmt":"2022-12-13T17:38:33","slug":"trabajadores-precarizados-cortan-acceso-manuel-sanmartin","status":"publish","type":"post","link":"https:\/\/www.hoymercedes.com.ar\/principal\/2022\/12\/13\/trabajadores-precarizados-cortan-acceso-manuel-sanmartin\/","title":{"rendered":"Trabajadores precarizados cortan Acceso Manuel Sanmart\u00edn"},"content":{"rendered":"\n<p>Durante la ma\u00f1ana de este martes, los trabajadores de la empresa Pir\u00e1mide SA, que lleva adelante la construcci\u00f3n del complejo habitacional de 141 viviendas en Acceso Manuel Sanmart\u00edn y 110, cortaron el tr\u00e1nsito del Acceso frente al ingreso de la construcci\u00f3n.<\/p>\n\n\n<div class=\"wp-block-image\">\n<figure class=\"aligncenter size-full\"><img loading=\"lazy\" decoding=\"async\" width=\"800\" height=\"534\" data-attachment-id=\"156464\" data-permalink=\"https:\/\/www.hoymercedes.com.ar\/principal\/2022\/12\/13\/trabajadores-precarizados-cortan-acceso-manuel-sanmartin\/corte-110-3\/#main\" data-orig-file=\"https:\/\/www.hoymercedes.com.ar\/principal\/wp-content\/uploads\/2022\/12\/corte-110-3.jpeg\" data-orig-size=\"800,534\" data-comments-opened=\"0\" data-image-meta=\"{&quot;aperture&quot;:&quot;0&quot;,&quot;credit&quot;:&quot;&quot;,&quot;camera&quot;:&quot;&quot;,&quot;caption&quot;:&quot;&quot;,&quot;created_timestamp&quot;:&quot;1670937402&quot;,&quot;copyright&quot;:&quot;&quot;,&quot;focal_length&quot;:&quot;0&quot;,&quot;iso&quot;:&quot;0&quot;,&quot;shutter_speed&quot;:&quot;0&quot;,&quot;title&quot;:&quot;&quot;,&quot;orientation&quot;:&quot;1&quot;}\" data-image-title=\"corte 110 3\" data-image-description=\"\" data-image-caption=\"\" data-large-file=\"https:\/\/www.hoymercedes.com.ar\/principal\/wp-content\/uploads\/2022\/12\/corte-110-3.jpeg\" src=\"https:\/\/www.hoymercedes.com.ar\/principal\/wp-content\/uploads\/2022\/12\/corte-110-3.jpeg\" alt=\"\" class=\"wp-image-156464\" srcset=\"https:\/\/www.hoymercedes.com.ar\/principal\/wp-content\/uploads\/2022\/12\/corte-110-3.jpeg 800w, https:\/\/www.hoymercedes.com.ar\/principal\/wp-content\/uploads\/2022\/12\/corte-110-3-630x421.jpeg 630w, https:\/\/www.hoymercedes.com.ar\/principal\/wp-content\/uploads\/2022\/12\/corte-110-3-150x100.jpeg 150w\" sizes=\"auto, (max-width: 800px) 100vw, 800px\" \/><\/figure>\n<\/div>\n\n\n<p>Durante la ma\u00f1ana del martes, la zona sur de la ciudad se vio conmocionada ante el reclamo de los trabajadores de la empresa constructora que est\u00e1 en la obra de Acceso Manuel Sanmart\u00edn y 110. En las primeras horas de ma\u00f1ana, los contratados por la  reclaman el pago de su salario, retrasado en dos quincenas. <\/p>\n\n\n\n<p>En di\u00e1logo con FM Universo en el programa matutino que conduce Oscar Pozzi, uno de los trabajadores explic\u00f3 que son contratados oriundos de distintas localidades del gran Buenos Aires y que se quedaban en una \u00abpocilga\u00bb en la zona de la construcci\u00f3n y que fueron sacados del lugar. <\/p>\n\n\n<div class=\"wp-block-image\">\n<figure class=\"aligncenter size-full\"><img loading=\"lazy\" decoding=\"async\" width=\"800\" height=\"533\" data-attachment-id=\"156463\" data-permalink=\"https:\/\/www.hoymercedes.com.ar\/principal\/2022\/12\/13\/trabajadores-precarizados-cortan-acceso-manuel-sanmartin\/corte-110-1\/#main\" data-orig-file=\"https:\/\/www.hoymercedes.com.ar\/principal\/wp-content\/uploads\/2022\/12\/corte-110-1.jpeg\" data-orig-size=\"800,533\" data-comments-opened=\"0\" data-image-meta=\"{&quot;aperture&quot;:&quot;0&quot;,&quot;credit&quot;:&quot;&quot;,&quot;camera&quot;:&quot;&quot;,&quot;caption&quot;:&quot;&quot;,&quot;created_timestamp&quot;:&quot;1670937380&quot;,&quot;copyright&quot;:&quot;&quot;,&quot;focal_length&quot;:&quot;0&quot;,&quot;iso&quot;:&quot;0&quot;,&quot;shutter_speed&quot;:&quot;0&quot;,&quot;title&quot;:&quot;&quot;,&quot;orientation&quot;:&quot;1&quot;}\" data-image-title=\"corte 110 1\" data-image-description=\"\" data-image-caption=\"\" data-large-file=\"https:\/\/www.hoymercedes.com.ar\/principal\/wp-content\/uploads\/2022\/12\/corte-110-1.jpeg\" src=\"https:\/\/www.hoymercedes.com.ar\/principal\/wp-content\/uploads\/2022\/12\/corte-110-1.jpeg\" alt=\"\" class=\"wp-image-156463\" srcset=\"https:\/\/www.hoymercedes.com.ar\/principal\/wp-content\/uploads\/2022\/12\/corte-110-1.jpeg 800w, https:\/\/www.hoymercedes.com.ar\/principal\/wp-content\/uploads\/2022\/12\/corte-110-1-630x420.jpeg 630w, https:\/\/www.hoymercedes.com.ar\/principal\/wp-content\/uploads\/2022\/12\/corte-110-1-150x100.jpeg 150w, https:\/\/www.hoymercedes.com.ar\/principal\/wp-content\/uploads\/2022\/12\/corte-110-1-700x465.jpeg 700w\" sizes=\"auto, (max-width: 800px) 100vw, 800px\" \/><\/figure>\n<\/div>\n\n\n<p>Son alrededor de cien personas las que fueron \u00abechadas\u00bb del lugar y la empresa &#8211; aparentemente de Rosario  -adeuda el pago a los diferentes contratistas. Uno de los trabajadores cont\u00f3 que el reclamo era para que les paguen: \u00abQue nos paguen y nos vamos. En esta empresa son todos unos garcas, por decirlo de alguna forma\u00bb. <\/p>\n\n\n\n<p>\u00abQuedamos a la deriva. Sin un lugar donde darnos esta noche. No tenemos d\u00f3nde dormir, no tenemos para viajar, no tenemos para nada. Nuestro contratista nos dijo que tenemos que esperar. Seg\u00fan dicen hubo problemas con el banco y la empresa, por lo cual no pudieron pagar. Pero nosotros no tenemos la culpa. Nosotros vinimos a trabajar. Venimos de lejos. No podemos viajar todos los d\u00edas. No sabemos qu\u00e9 haremos, porque nos dejaron afuera, as\u00ed que dormiremos afuera\u00bb, explicaron sobre el desalojo que sufrieron algunos de ellos que estaban instalados en un galp\u00f3n que ellos denominan \u00abuna pocilga\u00bb. <\/p>\n\n\n\n<p>Colaboraci\u00f3n: Mariano Oyarz\u00fa, FM Universo y Raquel. <\/p>\n\n\n<div class=\"wp-block-image\">\n<figure class=\"aligncenter size-full\"><img loading=\"lazy\" decoding=\"async\" width=\"800\" height=\"533\" data-attachment-id=\"156465\" data-permalink=\"https:\/\/www.hoymercedes.com.ar\/principal\/2022\/12\/13\/trabajadores-precarizados-cortan-acceso-manuel-sanmartin\/corte-110-4\/#main\" data-orig-file=\"https:\/\/www.hoymercedes.com.ar\/principal\/wp-content\/uploads\/2022\/12\/corte-110-4.jpeg\" data-orig-size=\"800,533\" data-comments-opened=\"0\" data-image-meta=\"{&quot;aperture&quot;:&quot;0&quot;,&quot;credit&quot;:&quot;&quot;,&quot;camera&quot;:&quot;&quot;,&quot;caption&quot;:&quot;&quot;,&quot;created_timestamp&quot;:&quot;1670937413&quot;,&quot;copyright&quot;:&quot;&quot;,&quot;focal_length&quot;:&quot;0&quot;,&quot;iso&quot;:&quot;0&quot;,&quot;shutter_speed&quot;:&quot;0&quot;,&quot;title&quot;:&quot;&quot;,&quot;orientation&quot;:&quot;1&quot;}\" data-image-title=\"corte 110 4\" data-image-description=\"\" data-image-caption=\"\" data-large-file=\"https:\/\/www.hoymercedes.com.ar\/principal\/wp-content\/uploads\/2022\/12\/corte-110-4.jpeg\" src=\"https:\/\/www.hoymercedes.com.ar\/principal\/wp-content\/uploads\/2022\/12\/corte-110-4.jpeg\" alt=\"\" class=\"wp-image-156465\" srcset=\"https:\/\/www.hoymercedes.com.ar\/principal\/wp-content\/uploads\/2022\/12\/corte-110-4.jpeg 800w, https:\/\/www.hoymercedes.com.ar\/principal\/wp-content\/uploads\/2022\/12\/corte-110-4-630x420.jpeg 630w, https:\/\/www.hoymercedes.com.ar\/principal\/wp-content\/uploads\/2022\/12\/corte-110-4-150x100.jpeg 150w, https:\/\/www.hoymercedes.com.ar\/principal\/wp-content\/uploads\/2022\/12\/corte-110-4-700x465.jpeg 700w\" sizes=\"auto, (max-width: 800px) 100vw, 800px\" \/><\/figure>\n<\/div>","protected":false},"excerpt":{"rendered":"<p>Durante la ma\u00f1ana de este martes, los trabajadores de la empresa Pir\u00e1mide SA, que lleva adelante la construcci\u00f3n del complejo habitacional de 141 viviendas en Acceso Manuel Sanmart\u00edn y 110, cortaron el tr\u00e1nsito del Acceso frente al ingreso de la construcci\u00f3n.<\/p>\n","protected":false},"author":1,"featured_media":156463,"comment_status":"closed","ping_status":"open","sticky":false,"template":"","format":"standard","meta":{"_monsterinsights_skip_tracking":false,"_monsterinsights_sitenote_active":false,"_monsterinsights_sitenote_note":"","_monsterinsights_sitenote_category":0,"jetpack_post_was_ever_published":false,"_jetpack_newsletter_access":"","_jetpack_dont_email_post_to_subs":false,"_jetpack_newsletter_tier_id":0,"_jetpack_memberships_contains_paywalled_content":false,"_jetpack_memberships_contains_paid_content":false,"footnotes":"","jetpack_publicize_message":"","jetpack_publicize_feature_enabled":true,"jetpack_social_post_already_shared":true,"jetpack_social_options":{"image_generator_settings":{"template":"highway","default_image_id":0,"font":"","enabled":false},"version":2},"_wpas_customize_per_network":false},"categories":[8],"tags":[],"class_list":["post-156457","post","type-post","status-publish","format-standard","has-post-thumbnail","hentry","category-sociedad","generate-columns","tablet-grid-50","mobile-grid-100","grid-parent","grid-50"],"jetpack_publicize_connections":[],"jetpack_featured_media_url":"https:\/\/www.hoymercedes.com.ar\/principal\/wp-content\/uploads\/2022\/12\/corte-110-1.jpeg","wps_subtitle":"","jetpack_sharing_enabled":true,"_links":{"self":[{"href":"https:\/\/www.hoymercedes.com.ar\/principal\/wp-json\/wp\/v2\/posts\/156457","targetHints":{"allow":["GET"]}}],"collection":[{"href":"https:\/\/www.hoymercedes.com.ar\/principal\/wp-json\/wp\/v2\/posts"}],"about":[{"href":"https:\/\/www.hoymercedes.com.ar\/principal\/wp-json\/wp\/v2\/types\/post"}],"author":[{"embeddable":true,"href":"https:\/\/www.hoymercedes.com.ar\/principal\/wp-json\/wp\/v2\/users\/1"}],"replies":[{"embeddable":true,"href":"https:\/\/www.hoymercedes.com.ar\/principal\/wp-json\/wp\/v2\/comments?post=156457"}],"version-history":[{"count":0,"href":"https:\/\/www.hoymercedes.com.ar\/principal\/wp-json\/wp\/v2\/posts\/156457\/revisions"}],"wp:featuredmedia":[{"embeddable":true,"href":"https:\/\/www.hoymercedes.com.ar\/principal\/wp-json\/wp\/v2\/media\/156463"}],"wp:attachment":[{"href":"https:\/\/www.hoymercedes.com.ar\/principal\/wp-json\/wp\/v2\/media?parent=156457"}],"wp:term":[{"taxonomy":"category","embeddable":true,"href":"https:\/\/www.hoymercedes.com.ar\/principal\/wp-json\/wp\/v2\/categories?post=156457"},{"taxonomy":"post_tag","embeddable":true,"href":"https:\/\/www.hoymercedes.com.ar\/principal\/wp-json\/wp\/v2\/tags?post=156457"}],"curies":[{"name":"wp","href":"https:\/\/api.w.org\/{rel}","templated":true}]}}