{"id":15646,"date":"2012-08-29T01:06:12","date_gmt":"2012-08-29T01:06:12","guid":{"rendered":"http:\/\/www.hoymercedes.com.ar\/principal\/?p=15646"},"modified":"2012-08-29T01:06:48","modified_gmt":"2012-08-29T01:06:48","slug":"juventud-17-de-octubre-realiza-charla-debate-sobre-coyuntura","status":"publish","type":"post","link":"https:\/\/www.hoymercedes.com.ar\/principal\/2012\/08\/29\/juventud-17-de-octubre-realiza-charla-debate-sobre-coyuntura\/","title":{"rendered":"Juventud 17 de Octubre realiza charla debate sobre coyuntura"},"content":{"rendered":"<p>La juventud de la agrupaci\u00f3n peronista 17 de octubre llevar\u00e1 adelante el pr\u00f3ximo 31 de agosto una charla debate con Federico S\u00e1nchez, integrante de la juventud sindical, sobre conyuntura pol\u00edtica, econ\u00f3mica, social de nuestro pa\u00eds.<\/p>\n<p>Sostienen que se trata de una herramienta para pensar la actualidad.<\/p>\n<p>La reuni\u00f3n ser\u00e1 en el \u00e1mbito de la agrupaci\u00f3n ubicado en calle 29 entre 20 y 22 a las 17.00hs.<\/p>\n<p>La invitaci\u00f3n\u00a0distribuida\u00a0por el espacio pol\u00edtico es la siguiente:<\/p>\n<p><a href=\"https:\/\/www.hoymercedes.com.ar\/principal\/wp-content\/uploads\/2012\/08\/Invitaci\u00f3n-Charla.jpg\"><img loading=\"lazy\" decoding=\"async\" data-attachment-id=\"15648\" data-permalink=\"https:\/\/www.hoymercedes.com.ar\/principal\/2012\/08\/29\/juventud-17-de-octubre-realiza-charla-debate-sobre-coyuntura\/invitacion-charla\/#main\" data-orig-file=\"https:\/\/www.hoymercedes.com.ar\/principal\/wp-content\/uploads\/2012\/08\/Invitaci\u00f3n-Charla.jpg\" data-orig-size=\"614,461\" data-comments-opened=\"1\" data-image-meta=\"{&quot;aperture&quot;:&quot;0&quot;,&quot;credit&quot;:&quot;&quot;,&quot;camera&quot;:&quot;&quot;,&quot;caption&quot;:&quot;&quot;,&quot;created_timestamp&quot;:&quot;0&quot;,&quot;copyright&quot;:&quot;&quot;,&quot;focal_length&quot;:&quot;0&quot;,&quot;iso&quot;:&quot;0&quot;,&quot;shutter_speed&quot;:&quot;0&quot;,&quot;title&quot;:&quot;&quot;}\" data-image-title=\"Invitaci\u00f3n-Charla\" data-image-description=\"\" data-image-caption=\"\" data-large-file=\"https:\/\/www.hoymercedes.com.ar\/principal\/wp-content\/uploads\/2012\/08\/Invitaci\u00f3n-Charla.jpg\" class=\"aligncenter size-full wp-image-15648\" title=\"Invitaci\u00f3n-Charla\" src=\"https:\/\/www.hoymercedes.com.ar\/principal\/wp-content\/uploads\/2012\/08\/Invitaci\u00f3n-Charla.jpg\" alt=\"\" width=\"614\" height=\"461\" \/><\/a><\/p>\n","protected":false},"excerpt":{"rendered":"<p>La juventud de la agrupaci\u00f3n peronista 17 de octubre llevar\u00e1 adelante el pr\u00f3ximo 31 de agosto una charla debate con &#8230; <a title=\"Juventud 17 de Octubre realiza charla debate sobre coyuntura\" class=\"read-more\" href=\"https:\/\/www.hoymercedes.com.ar\/principal\/2012\/08\/29\/juventud-17-de-octubre-realiza-charla-debate-sobre-coyuntura\/\" aria-label=\"Leer m\u00e1s sobre Juventud 17 de Octubre realiza charla debate sobre coyuntura\">Leer m\u00e1s<\/a><\/p>\n","protected":false},"author":1,"featured_media":0,"comment_status":"open","ping_status":"open","sticky":false,"template":"","format":"standard","meta":{"_monsterinsights_skip_tracking":false,"_monsterinsights_sitenote_active":false,"_monsterinsights_sitenote_note":"","_monsterinsights_sitenote_category":0,"jetpack_post_was_ever_published":false,"_jetpack_newsletter_access":"","_jetpack_dont_email_post_to_subs":false,"_jetpack_newsletter_tier_id":0,"_jetpack_memberships_contains_paywalled_content":false,"_jetpack_memberships_contains_paid_content":false,"footnotes":"","jetpack_publicize_message":"","jetpack_publicize_feature_enabled":true,"jetpack_social_post_already_shared":false,"jetpack_social_options":{"image_generator_settings":{"template":"highway","default_image_id":0,"font":"","enabled":false},"version":2},"_wpas_customize_per_network":false},"categories":[5],"tags":[751],"class_list":["post-15646","post","type-post","status-publish","format-standard","hentry","category-politica","tag-juventud-17-de-octubre","generate-columns","tablet-grid-50","mobile-grid-100","grid-parent","grid-50"],"jetpack_publicize_connections":[],"jetpack_featured_media_url":"","wps_subtitle":"","jetpack_sharing_enabled":true,"_links":{"self":[{"href":"https:\/\/www.hoymercedes.com.ar\/principal\/wp-json\/wp\/v2\/posts\/15646","targetHints":{"allow":["GET"]}}],"collection":[{"href":"https:\/\/www.hoymercedes.com.ar\/principal\/wp-json\/wp\/v2\/posts"}],"about":[{"href":"https:\/\/www.hoymercedes.com.ar\/principal\/wp-json\/wp\/v2\/types\/post"}],"author":[{"embeddable":true,"href":"https:\/\/www.hoymercedes.com.ar\/principal\/wp-json\/wp\/v2\/users\/1"}],"replies":[{"embeddable":true,"href":"https:\/\/www.hoymercedes.com.ar\/principal\/wp-json\/wp\/v2\/comments?post=15646"}],"version-history":[{"count":0,"href":"https:\/\/www.hoymercedes.com.ar\/principal\/wp-json\/wp\/v2\/posts\/15646\/revisions"}],"wp:attachment":[{"href":"https:\/\/www.hoymercedes.com.ar\/principal\/wp-json\/wp\/v2\/media?parent=15646"}],"wp:term":[{"taxonomy":"category","embeddable":true,"href":"https:\/\/www.hoymercedes.com.ar\/principal\/wp-json\/wp\/v2\/categories?post=15646"},{"taxonomy":"post_tag","embeddable":true,"href":"https:\/\/www.hoymercedes.com.ar\/principal\/wp-json\/wp\/v2\/tags?post=15646"}],"curies":[{"name":"wp","href":"https:\/\/api.w.org\/{rel}","templated":true}]}}