{"id":156512,"date":"2022-12-14T09:28:00","date_gmt":"2022-12-14T12:28:00","guid":{"rendered":"https:\/\/www.hoymercedes.com.ar\/principal\/?p=156512"},"modified":"2022-12-14T07:56:04","modified_gmt":"2022-12-14T10:56:04","slug":"verano-inclusivo-el-sabado-17-vuelve-beto-bondanza-con-su-desfile","status":"publish","type":"post","link":"https:\/\/www.hoymercedes.com.ar\/principal\/2022\/12\/14\/verano-inclusivo-el-sabado-17-vuelve-beto-bondanza-con-su-desfile\/","title":{"rendered":"Verano Inclusivo: el s\u00e1bado 17 vuelve Beto Bondanza con su desfile"},"content":{"rendered":"\n<p>El pr\u00f3ximo s\u00e1bado 17 en 30 y 23, a partir de las 21:00, Beto Bondanza presenta su Desfile \u201cVerano Inclusivo\u201d con el auspicio<strong> <\/strong>de la Municipalidad de Mercedes. <\/p>\n\n\n<div class=\"wp-block-image\">\n<figure class=\"aligncenter size-full\"><img loading=\"lazy\" decoding=\"async\" width=\"526\" height=\"906\" data-attachment-id=\"156513\" data-permalink=\"https:\/\/www.hoymercedes.com.ar\/principal\/2022\/12\/14\/verano-inclusivo-el-sabado-17-vuelve-beto-bondanza-con-su-desfile\/whatsapp-image-2022-12-14-at-01-02-20\/#main\" data-orig-file=\"https:\/\/www.hoymercedes.com.ar\/principal\/wp-content\/uploads\/2022\/12\/WhatsApp-Image-2022-12-14-at-01.02.20.jpeg\" data-orig-size=\"526,906\" data-comments-opened=\"0\" data-image-meta=\"{&quot;aperture&quot;:&quot;0&quot;,&quot;credit&quot;:&quot;&quot;,&quot;camera&quot;:&quot;&quot;,&quot;caption&quot;:&quot;&quot;,&quot;created_timestamp&quot;:&quot;0&quot;,&quot;copyright&quot;:&quot;&quot;,&quot;focal_length&quot;:&quot;0&quot;,&quot;iso&quot;:&quot;0&quot;,&quot;shutter_speed&quot;:&quot;0&quot;,&quot;title&quot;:&quot;&quot;,&quot;orientation&quot;:&quot;0&quot;}\" data-image-title=\"WhatsApp Image 2022-12-14 at 01.02.20\" data-image-description=\"\" data-image-caption=\"\" data-large-file=\"https:\/\/www.hoymercedes.com.ar\/principal\/wp-content\/uploads\/2022\/12\/WhatsApp-Image-2022-12-14-at-01.02.20.jpeg\" src=\"https:\/\/www.hoymercedes.com.ar\/principal\/wp-content\/uploads\/2022\/12\/WhatsApp-Image-2022-12-14-at-01.02.20.jpeg\" alt=\"\" class=\"wp-image-156513\" srcset=\"https:\/\/www.hoymercedes.com.ar\/principal\/wp-content\/uploads\/2022\/12\/WhatsApp-Image-2022-12-14-at-01.02.20.jpeg 526w, https:\/\/www.hoymercedes.com.ar\/principal\/wp-content\/uploads\/2022\/12\/WhatsApp-Image-2022-12-14-at-01.02.20-360x620.jpeg 360w, https:\/\/www.hoymercedes.com.ar\/principal\/wp-content\/uploads\/2022\/12\/WhatsApp-Image-2022-12-14-at-01.02.20-87x150.jpeg 87w\" sizes=\"auto, (max-width: 526px) 100vw, 526px\" \/><\/figure>\n<\/div>\n\n\n<p>En la pasarela se presentar\u00e1n: Mario Guerci,\u00a0 Biancu Rinaldi, Delfina Yamamoto, Mariano Pedeuboy y Micaela Riccomini, entre otros y otras modelos que desfilar\u00e1n con diferentes opciones de vestimenta, accesorios y peinados.\u00a0<\/p>\n\n\n\n<p>Como todos los a\u00f1os, habr\u00e1 dispuesto un sector de sillas, para quienes deseen ver el desfile m\u00e1s c\u00f3modos, que tendr\u00e1 un valor de 1000$, La recaudaci\u00f3n total ser\u00e1 destinada al Instituto Nicol\u00e1s Lowe.\u00a0<\/p>\n\n\n\n<p>Las entradas estar\u00e1n a la venta desde hoy hasta el s\u00e1bado, en el Instituto, ubicado en la calle H\u00e9roes de Malvinas (ex Rep\u00fablica de Chile) N\u00b0 260, entre 50 y 52 desde las 10:00 hasta las 20:00 o el s\u00e1bado, antes del desfile.\u00a0<\/p>\n\n\n\n<p>La conducci\u00f3n del evento estar\u00e1 a cargo de Beto Bondanza, acompa\u00f1ado por Carolina Galeano.\u00a0<\/p>\n\n\n\n<p>En una nota exclusiva concedida a <strong>Radio F\u00e9nix,<\/strong> el prestigioso coiffeur mercedino dio detalles de este importante\u00a0 acontecimiento:\u00a0<\/p>\n\n\n\n<figure class=\"wp-block-embed is-type-video is-provider-youtube wp-block-embed-youtube wp-embed-aspect-4-3 wp-has-aspect-ratio\"><div class=\"wp-block-embed__wrapper\">\n<span class=\"embed-youtube\" style=\"text-align:center; display: block;\"><iframe loading=\"lazy\" class=\"youtube-player\" width=\"1200\" height=\"675\" src=\"https:\/\/www.youtube.com\/embed\/Ub7m0F5yWQg?version=3&#038;rel=1&#038;showsearch=0&#038;showinfo=1&#038;iv_load_policy=1&#038;fs=1&#038;hl=es-ES&#038;autohide=2&#038;wmode=transparent\" allowfullscreen=\"true\" style=\"border:0;\" sandbox=\"allow-scripts allow-same-origin allow-popups allow-presentation allow-popups-to-escape-sandbox\"><\/iframe><\/span>\n<\/div><\/figure>\n","protected":false},"excerpt":{"rendered":"<p>El pr\u00f3ximo s\u00e1bado 17 en 30 y 23, a partir de las 21:00, Beto Bondanza presenta su Desfile \u201cVerano Inclusivo\u201d con el auspicio de la Municipalidad de Mercedes. <\/p>\n","protected":false},"author":1,"featured_media":156514,"comment_status":"closed","ping_status":"open","sticky":false,"template":"","format":"standard","meta":{"_monsterinsights_skip_tracking":false,"_monsterinsights_sitenote_active":false,"_monsterinsights_sitenote_note":"","_monsterinsights_sitenote_category":0,"jetpack_post_was_ever_published":false,"_jetpack_newsletter_access":"","_jetpack_dont_email_post_to_subs":false,"_jetpack_newsletter_tier_id":0,"_jetpack_memberships_contains_paywalled_content":false,"_jetpack_memberships_contains_paid_content":false,"footnotes":"","jetpack_publicize_message":"","jetpack_publicize_feature_enabled":true,"jetpack_social_post_already_shared":true,"jetpack_social_options":{"image_generator_settings":{"template":"highway","default_image_id":0,"font":"","enabled":false},"version":2},"_wpas_customize_per_network":false},"categories":[8],"tags":[244],"class_list":["post-156512","post","type-post","status-publish","format-standard","has-post-thumbnail","hentry","category-sociedad","tag-municipio-2","generate-columns","tablet-grid-50","mobile-grid-100","grid-parent","grid-50"],"jetpack_publicize_connections":[],"jetpack_featured_media_url":"https:\/\/www.hoymercedes.com.ar\/principal\/wp-content\/uploads\/2022\/12\/WhatsApp-Image-2022-12-14-at-01.02.12.jpeg","wps_subtitle":"","jetpack_sharing_enabled":true,"_links":{"self":[{"href":"https:\/\/www.hoymercedes.com.ar\/principal\/wp-json\/wp\/v2\/posts\/156512","targetHints":{"allow":["GET"]}}],"collection":[{"href":"https:\/\/www.hoymercedes.com.ar\/principal\/wp-json\/wp\/v2\/posts"}],"about":[{"href":"https:\/\/www.hoymercedes.com.ar\/principal\/wp-json\/wp\/v2\/types\/post"}],"author":[{"embeddable":true,"href":"https:\/\/www.hoymercedes.com.ar\/principal\/wp-json\/wp\/v2\/users\/1"}],"replies":[{"embeddable":true,"href":"https:\/\/www.hoymercedes.com.ar\/principal\/wp-json\/wp\/v2\/comments?post=156512"}],"version-history":[{"count":0,"href":"https:\/\/www.hoymercedes.com.ar\/principal\/wp-json\/wp\/v2\/posts\/156512\/revisions"}],"wp:featuredmedia":[{"embeddable":true,"href":"https:\/\/www.hoymercedes.com.ar\/principal\/wp-json\/wp\/v2\/media\/156514"}],"wp:attachment":[{"href":"https:\/\/www.hoymercedes.com.ar\/principal\/wp-json\/wp\/v2\/media?parent=156512"}],"wp:term":[{"taxonomy":"category","embeddable":true,"href":"https:\/\/www.hoymercedes.com.ar\/principal\/wp-json\/wp\/v2\/categories?post=156512"},{"taxonomy":"post_tag","embeddable":true,"href":"https:\/\/www.hoymercedes.com.ar\/principal\/wp-json\/wp\/v2\/tags?post=156512"}],"curies":[{"name":"wp","href":"https:\/\/api.w.org\/{rel}","templated":true}]}}