{"id":15652,"date":"2012-08-29T11:39:07","date_gmt":"2012-08-29T11:39:07","guid":{"rendered":"http:\/\/www.hoymercedes.com.ar\/principal\/?p=15652"},"modified":"2012-08-29T11:39:33","modified_gmt":"2012-08-29T11:39:33","slug":"elecciones-ajb-gran-expectativa-para-la-jornada-de-hoy","status":"publish","type":"post","link":"https:\/\/www.hoymercedes.com.ar\/principal\/2012\/08\/29\/elecciones-ajb-gran-expectativa-para-la-jornada-de-hoy\/","title":{"rendered":"Elecciones AJB: gran expectativa para la jornada de hoy"},"content":{"rendered":"<p>Desde las 08.00.hs a las 18.00.hs se votar\u00e1 por la conducci\u00f3n de la Asociaci\u00f3n de Trabajadores Judiciales. La elecci\u00f3n es por primera vez en su historia con dos listas. Una de ellas encabezada por Alberto Igoldi, actual conducto, y la otra por\u00a0Daniel Bojorge.<\/p>\n<p>Las elecciones fueron levantando temperatura en el \u00faltimo tiempo dadas las declaraciones cruzadas que hicieron los candidatos<\/p>\n<p>Por la noche, tarde, sostienen en el \u00e1mbito de los judiciales, se podr\u00e1n saber los datos conoci\u00e9ndose la conducci\u00f3n gremial para el pr\u00f3ximo per\u00edodo.<\/p>\n","protected":false},"excerpt":{"rendered":"<p>Desde las 08.00.hs a las 18.00.hs se votar\u00e1 por la conducci\u00f3n de la Asociaci\u00f3n de Trabajadores Judiciales. La elecci\u00f3n es &#8230; <a title=\"Elecciones AJB: gran expectativa para la jornada de hoy\" class=\"read-more\" href=\"https:\/\/www.hoymercedes.com.ar\/principal\/2012\/08\/29\/elecciones-ajb-gran-expectativa-para-la-jornada-de-hoy\/\" aria-label=\"Leer m\u00e1s sobre Elecciones AJB: gran expectativa para la jornada de hoy\">Leer m\u00e1s<\/a><\/p>\n","protected":false},"author":1,"featured_media":0,"comment_status":"open","ping_status":"open","sticky":false,"template":"","format":"standard","meta":{"_monsterinsights_skip_tracking":false,"_monsterinsights_sitenote_active":false,"_monsterinsights_sitenote_note":"","_monsterinsights_sitenote_category":0,"jetpack_post_was_ever_published":false,"_jetpack_newsletter_access":"","_jetpack_dont_email_post_to_subs":false,"_jetpack_newsletter_tier_id":0,"_jetpack_memberships_contains_paywalled_content":false,"_jetpack_memberships_contains_paid_content":false,"footnotes":"","jetpack_publicize_message":"","jetpack_publicize_feature_enabled":true,"jetpack_social_post_already_shared":false,"jetpack_social_options":{"image_generator_settings":{"template":"highway","default_image_id":0,"font":"","enabled":false},"version":2},"_wpas_customize_per_network":false},"categories":[8],"tags":[95,523],"class_list":["post-15652","post","type-post","status-publish","format-standard","hentry","category-sociedad","tag-ajb","tag-judiciales","generate-columns","tablet-grid-50","mobile-grid-100","grid-parent","grid-50"],"jetpack_publicize_connections":[],"jetpack_featured_media_url":"","wps_subtitle":"","jetpack_sharing_enabled":true,"_links":{"self":[{"href":"https:\/\/www.hoymercedes.com.ar\/principal\/wp-json\/wp\/v2\/posts\/15652","targetHints":{"allow":["GET"]}}],"collection":[{"href":"https:\/\/www.hoymercedes.com.ar\/principal\/wp-json\/wp\/v2\/posts"}],"about":[{"href":"https:\/\/www.hoymercedes.com.ar\/principal\/wp-json\/wp\/v2\/types\/post"}],"author":[{"embeddable":true,"href":"https:\/\/www.hoymercedes.com.ar\/principal\/wp-json\/wp\/v2\/users\/1"}],"replies":[{"embeddable":true,"href":"https:\/\/www.hoymercedes.com.ar\/principal\/wp-json\/wp\/v2\/comments?post=15652"}],"version-history":[{"count":0,"href":"https:\/\/www.hoymercedes.com.ar\/principal\/wp-json\/wp\/v2\/posts\/15652\/revisions"}],"wp:attachment":[{"href":"https:\/\/www.hoymercedes.com.ar\/principal\/wp-json\/wp\/v2\/media?parent=15652"}],"wp:term":[{"taxonomy":"category","embeddable":true,"href":"https:\/\/www.hoymercedes.com.ar\/principal\/wp-json\/wp\/v2\/categories?post=15652"},{"taxonomy":"post_tag","embeddable":true,"href":"https:\/\/www.hoymercedes.com.ar\/principal\/wp-json\/wp\/v2\/tags?post=15652"}],"curies":[{"name":"wp","href":"https:\/\/api.w.org\/{rel}","templated":true}]}}