{"id":156529,"date":"2022-12-14T16:30:00","date_gmt":"2022-12-14T19:30:00","guid":{"rendered":"https:\/\/www.hoymercedes.com.ar\/principal\/?p=156529"},"modified":"2022-12-14T16:02:02","modified_gmt":"2022-12-14T19:02:02","slug":"tras-gestiones-del-intendente-ustarroz-llegaran-generadores-electricos","status":"publish","type":"post","link":"https:\/\/www.hoymercedes.com.ar\/principal\/2022\/12\/14\/tras-gestiones-del-intendente-ustarroz-llegaran-generadores-electricos\/","title":{"rendered":"Tras gestiones del intendente Ustarroz llegar\u00e1n generadores el\u00e9ctricos"},"content":{"rendered":"\n<figure class=\"wp-block-image size-full\"><img loading=\"lazy\" decoding=\"async\" width=\"960\" height=\"748\" data-attachment-id=\"156530\" data-permalink=\"https:\/\/www.hoymercedes.com.ar\/principal\/2022\/12\/14\/tras-gestiones-del-intendente-ustarroz-llegaran-generadores-electricos\/generador-2\/#main\" data-orig-file=\"https:\/\/www.hoymercedes.com.ar\/principal\/wp-content\/uploads\/2022\/12\/generador-2.jpeg\" data-orig-size=\"960,748\" data-comments-opened=\"0\" data-image-meta=\"{&quot;aperture&quot;:&quot;0&quot;,&quot;credit&quot;:&quot;&quot;,&quot;camera&quot;:&quot;&quot;,&quot;caption&quot;:&quot;&quot;,&quot;created_timestamp&quot;:&quot;0&quot;,&quot;copyright&quot;:&quot;&quot;,&quot;focal_length&quot;:&quot;0&quot;,&quot;iso&quot;:&quot;0&quot;,&quot;shutter_speed&quot;:&quot;0&quot;,&quot;title&quot;:&quot;&quot;,&quot;orientation&quot;:&quot;0&quot;}\" data-image-title=\"generador-2\" data-image-description=\"\" data-image-caption=\"\" data-large-file=\"https:\/\/www.hoymercedes.com.ar\/principal\/wp-content\/uploads\/2022\/12\/generador-2.jpeg\" src=\"https:\/\/www.hoymercedes.com.ar\/principal\/wp-content\/uploads\/2022\/12\/generador-2.jpeg\" alt=\"\" class=\"wp-image-156530\" srcset=\"https:\/\/www.hoymercedes.com.ar\/principal\/wp-content\/uploads\/2022\/12\/generador-2.jpeg 960w, https:\/\/www.hoymercedes.com.ar\/principal\/wp-content\/uploads\/2022\/12\/generador-2-630x491.jpeg 630w, https:\/\/www.hoymercedes.com.ar\/principal\/wp-content\/uploads\/2022\/12\/generador-2-150x117.jpeg 150w\" sizes=\"auto, (max-width: 960px) 100vw, 960px\" \/><\/figure>\n\n\n\n<p>Hace varios meses el Intendente Municipal Juan Ignacio Ustarroz gestion\u00f3 por medio de la Direcci\u00f3n Provincial de Energ\u00eda generadores el\u00e9ctricos para dar respuesta a uno de los problemas hist\u00f3ricos que surgen al llegar las altas temperaturas: los reiterados cortes de luz en nuestra ciudad y que tienen como responsables a dos empresas: TRANSBA y Eden.<\/p>\n\n\n\n<p>Por exigencia de la Provincia y la Municipalidad, Eden tuvo que encargarse de preparar la instalaci\u00f3n completa cumpliendo con el plazo acordado con el gobierno bonaerense en terrenos que prest\u00f3 el municipio para colocar los 4 generadores.<\/p>\n\n\n\n<p>Los generadores son enormes contenedores con equipamiento t\u00e9cnico y tecnol\u00f3gico para brindar energ\u00eda ante eventuales cortes. Claramente no pueden abastecer todo el tiempo a una ciudad, pero si paliar momentos cr\u00edticos y son fundamentales.<\/p>\n\n\n\n<p>\u00abpara nosotros es muy importante. Es una respuesta concreta que llega con el apoyo de la Provincia y la gesti\u00f3n como siempre de la Municipalidad en momentos complejos de reiterados cortes de luz\u00bb coment\u00f3 Eugenia C\u00f3dega, responsable del \u00e1rea de Defensa del Consumidor y remarco \u201cadem\u00e1s, cada corte del suministro provoca el cese del suministro de agua, elemento fundamentales para la vida\u201d<\/p>\n\n\n\n<p>Los cortes afectan a Mercedes y toda la regi\u00f3n, como se pudo ver, tambi\u00e9n impactando en el suministro de agua en localidades cercanas, pero, ahora, nuestra ciudad contar\u00e1 con un elemento beneficioso.<\/p>\n","protected":false},"excerpt":{"rendered":"<p>Hace varios meses el Intendente Municipal Juan Ignacio Ustarroz gestion\u00f3 por medio de la Direcci\u00f3n Provincial de Energ\u00eda generadores el\u00e9ctricos &#8230; <a title=\"Tras gestiones del intendente Ustarroz llegar\u00e1n generadores el\u00e9ctricos\" class=\"read-more\" href=\"https:\/\/www.hoymercedes.com.ar\/principal\/2022\/12\/14\/tras-gestiones-del-intendente-ustarroz-llegaran-generadores-electricos\/\" aria-label=\"Leer m\u00e1s sobre Tras gestiones del intendente Ustarroz llegar\u00e1n generadores el\u00e9ctricos\">Leer m\u00e1s<\/a><\/p>\n","protected":false},"author":1,"featured_media":156530,"comment_status":"closed","ping_status":"open","sticky":false,"template":"","format":"standard","meta":{"_monsterinsights_skip_tracking":false,"_monsterinsights_sitenote_active":false,"_monsterinsights_sitenote_note":"","_monsterinsights_sitenote_category":0,"jetpack_post_was_ever_published":false,"_jetpack_newsletter_access":"","_jetpack_dont_email_post_to_subs":false,"_jetpack_newsletter_tier_id":0,"_jetpack_memberships_contains_paywalled_content":false,"_jetpack_memberships_contains_paid_content":false,"footnotes":"","jetpack_publicize_message":"","jetpack_publicize_feature_enabled":true,"jetpack_social_post_already_shared":true,"jetpack_social_options":{"image_generator_settings":{"template":"highway","default_image_id":0,"font":"","enabled":false},"version":2},"_wpas_customize_per_network":false},"categories":[8],"tags":[18627,18628],"class_list":["post-156529","post","type-post","status-publish","format-standard","has-post-thumbnail","hentry","category-sociedad","tag-cortes-de-energia-2","tag-generadores","generate-columns","tablet-grid-50","mobile-grid-100","grid-parent","grid-50"],"jetpack_publicize_connections":[],"jetpack_featured_media_url":"https:\/\/www.hoymercedes.com.ar\/principal\/wp-content\/uploads\/2022\/12\/generador-2.jpeg","wps_subtitle":"Probelmas de las empresas ","jetpack_sharing_enabled":true,"_links":{"self":[{"href":"https:\/\/www.hoymercedes.com.ar\/principal\/wp-json\/wp\/v2\/posts\/156529","targetHints":{"allow":["GET"]}}],"collection":[{"href":"https:\/\/www.hoymercedes.com.ar\/principal\/wp-json\/wp\/v2\/posts"}],"about":[{"href":"https:\/\/www.hoymercedes.com.ar\/principal\/wp-json\/wp\/v2\/types\/post"}],"author":[{"embeddable":true,"href":"https:\/\/www.hoymercedes.com.ar\/principal\/wp-json\/wp\/v2\/users\/1"}],"replies":[{"embeddable":true,"href":"https:\/\/www.hoymercedes.com.ar\/principal\/wp-json\/wp\/v2\/comments?post=156529"}],"version-history":[{"count":0,"href":"https:\/\/www.hoymercedes.com.ar\/principal\/wp-json\/wp\/v2\/posts\/156529\/revisions"}],"wp:featuredmedia":[{"embeddable":true,"href":"https:\/\/www.hoymercedes.com.ar\/principal\/wp-json\/wp\/v2\/media\/156530"}],"wp:attachment":[{"href":"https:\/\/www.hoymercedes.com.ar\/principal\/wp-json\/wp\/v2\/media?parent=156529"}],"wp:term":[{"taxonomy":"category","embeddable":true,"href":"https:\/\/www.hoymercedes.com.ar\/principal\/wp-json\/wp\/v2\/categories?post=156529"},{"taxonomy":"post_tag","embeddable":true,"href":"https:\/\/www.hoymercedes.com.ar\/principal\/wp-json\/wp\/v2\/tags?post=156529"}],"curies":[{"name":"wp","href":"https:\/\/api.w.org\/{rel}","templated":true}]}}