{"id":156559,"date":"2022-12-15T17:07:31","date_gmt":"2022-12-15T20:07:31","guid":{"rendered":"https:\/\/www.hoymercedes.com.ar\/principal\/?p=156559"},"modified":"2022-12-15T17:07:40","modified_gmt":"2022-12-15T20:07:40","slug":"da-skate-cierra-el-ano-en-uniclub-y-lea-flores-presenta-su-vinilo-en-mitus","status":"publish","type":"post","link":"https:\/\/www.hoymercedes.com.ar\/principal\/2022\/12\/15\/da-skate-cierra-el-ano-en-uniclub-y-lea-flores-presenta-su-vinilo-en-mitus\/","title":{"rendered":"Da Skate cierra el a\u00f1o en Uniclub y Lea Flores presenta su vinilo en Mitus"},"content":{"rendered":"\n<p>Por Fernando Viloria\u00a0&#8211; Luego de su aplaudida actuaci\u00f3n en el Mercedes Rock 2022, la banda mercedina integrada por: Leandro Flores en voz, Eugenia Valle en bajo, Germ\u00e1n Pace en bater\u00eda, Nicolas Malinowsky en primera guitarra, adem\u00e1s de Damian Ventre invitado en la segunda guitarra, tuvieron la posibilidad de despedir el a\u00f1o junto a su p\u00fablico antes de la edici\u00f3n de su \u00faltimo trabajo de estudio y esperado \u201cNefertiti\u201d.\u00a0<\/p>\n\n\n<div class=\"wp-block-image\">\n<figure class=\"aligncenter size-large\"><img loading=\"lazy\" decoding=\"async\" width=\"1024\" height=\"716\" data-attachment-id=\"156561\" data-permalink=\"https:\/\/www.hoymercedes.com.ar\/principal\/2022\/12\/15\/da-skate-cierra-el-ano-en-uniclub-y-lea-flores-presenta-su-vinilo-en-mitus\/ds-uniclub\/#main\" data-orig-file=\"https:\/\/www.hoymercedes.com.ar\/principal\/wp-content\/uploads\/2022\/12\/DS-Uniclub-e1671134815688.jpg\" data-orig-size=\"800,559\" data-comments-opened=\"0\" data-image-meta=\"{&quot;aperture&quot;:&quot;0&quot;,&quot;credit&quot;:&quot;&quot;,&quot;camera&quot;:&quot;&quot;,&quot;caption&quot;:&quot;&quot;,&quot;created_timestamp&quot;:&quot;0&quot;,&quot;copyright&quot;:&quot;&quot;,&quot;focal_length&quot;:&quot;0&quot;,&quot;iso&quot;:&quot;0&quot;,&quot;shutter_speed&quot;:&quot;0&quot;,&quot;title&quot;:&quot;&quot;,&quot;orientation&quot;:&quot;0&quot;}\" data-image-title=\"DS Uniclub\" data-image-description=\"\" data-image-caption=\"\" data-large-file=\"https:\/\/www.hoymercedes.com.ar\/principal\/wp-content\/uploads\/2022\/12\/DS-Uniclub-1024x716.jpg\" src=\"https:\/\/www.hoymercedes.com.ar\/principal\/wp-content\/uploads\/2022\/12\/DS-Uniclub-1024x716.jpg\" alt=\"\" class=\"wp-image-156561\"\/><\/figure>\n<\/div>\n\n\n<p>El domingo 11 de diciembre, abrieron los chicos de Distante con una cantante con toda la polenta y actitud que sacudi\u00f3 la calurosa tarde porte\u00f1a, para dejar el escenario candente que tan bien supieron aprovechar la joven banda de Warren, nos deleito con canciones propias con pasajes clim\u00e1ticos envolventes matizados con ritmos r\u00e1pidos y riffs poderosos. Toda una revelaci\u00f3n por lo original de su propuesta entre distorsi\u00f3n, melod\u00edas y furia.&nbsp;<\/p>\n\n\n\n<p>Para cerrar el a\u00f1o Da Skate ejecut\u00f3 un set con todas sus canciones preferidas y coreadas por sus fans, antes de tener en formato f\u00edsico su \u00faltimo \u00e1lbum mezclado en el exterior por el reconocido m\u00fasico norteamericano Dan Precisi\u00f3n, qui\u00e9n tuvo la gentileza de querer aportar en una canci\u00f3n coros en castellano conect\u00e1ndose con la espontaneidad y qu\u00edmica que la m\u00fasica genera haciendo caer cualquier barrera. Uniclub se colm\u00f3 de almas amantes del hardcore, el show fue toda emoci\u00f3n y alegr\u00eda con la precisi\u00f3n y calidad que se han ganado a base de tocar y componer desde el coraz\u00f3n. Una verdadera fiesta.&nbsp;<\/p>\n\n\n\n<p>El 17 de diciembre el cantante Lea Flores presenta en Mitus su tercer disco solista editado en vinilo \u201cMercedes 6600\u201d, cuya presentaci\u00f3n oficial ser\u00e1 en nuestra ciudad en el local Mitus con la siguiente&nbsp; banda: Gast\u00f3n Gazzotti en bater\u00eda, Luciano \u201cTula\u201d Ismael: en, bajo y coros y Marcos Porcar y Sebastian Yarte en guitarras.&nbsp;<\/p>\n\n\n\n<p>Adem\u00e1s el s\u00e1bado contar\u00e1n con la participaci\u00f3n especial de los invitados Nicol\u00e1s Legarreta de Polillas de Poliester, que cantar\u00e1 el tema \u201c2 y 37\u201d, mientras Eugenia Valle tocara el bajo en \u201c3 antorchas\u201d. Cerrando un a\u00f1o de mucha actividad sobre el escenario y ediciones de material por un sello independiente.&nbsp;<\/p>\n\n\n<div class=\"wp-block-image\">\n<figure class=\"aligncenter size-full\"><img loading=\"lazy\" decoding=\"async\" width=\"800\" height=\"534\" data-attachment-id=\"156560\" data-permalink=\"https:\/\/www.hoymercedes.com.ar\/principal\/2022\/12\/15\/da-skate-cierra-el-ano-en-uniclub-y-lea-flores-presenta-su-vinilo-en-mitus\/da-skate\/#main\" data-orig-file=\"https:\/\/www.hoymercedes.com.ar\/principal\/wp-content\/uploads\/2022\/12\/Da-Skate.jpg\" data-orig-size=\"800,534\" data-comments-opened=\"0\" data-image-meta=\"{&quot;aperture&quot;:&quot;0&quot;,&quot;credit&quot;:&quot;&quot;,&quot;camera&quot;:&quot;&quot;,&quot;caption&quot;:&quot;&quot;,&quot;created_timestamp&quot;:&quot;0&quot;,&quot;copyright&quot;:&quot;&quot;,&quot;focal_length&quot;:&quot;0&quot;,&quot;iso&quot;:&quot;0&quot;,&quot;shutter_speed&quot;:&quot;0&quot;,&quot;title&quot;:&quot;&quot;,&quot;orientation&quot;:&quot;0&quot;}\" data-image-title=\"Da Skate\" data-image-description=\"\" data-image-caption=\"\" data-large-file=\"https:\/\/www.hoymercedes.com.ar\/principal\/wp-content\/uploads\/2022\/12\/Da-Skate.jpg\" src=\"https:\/\/www.hoymercedes.com.ar\/principal\/wp-content\/uploads\/2022\/12\/Da-Skate.jpg\" alt=\"\" class=\"wp-image-156560\" srcset=\"https:\/\/www.hoymercedes.com.ar\/principal\/wp-content\/uploads\/2022\/12\/Da-Skate.jpg 800w, https:\/\/www.hoymercedes.com.ar\/principal\/wp-content\/uploads\/2022\/12\/Da-Skate-630x421.jpg 630w, https:\/\/www.hoymercedes.com.ar\/principal\/wp-content\/uploads\/2022\/12\/Da-Skate-150x100.jpg 150w\" sizes=\"auto, (max-width: 800px) 100vw, 800px\" \/><\/figure>\n<\/div>","protected":false},"excerpt":{"rendered":"<p>Luego de su aplaudida actuaci\u00f3n en el Mercedes Rock 2022, la banda mercedina integrada por: Leandro Flores en voz, Eugenia Valle en bajo, Germ\u00e1n Pace en bater\u00eda, Nicolas Malinowsky en primera guitarra, adem\u00e1s de Damian Ventre invitado en la segunda guitarra&#8230;.. Por Fernando Viloria <\/p>\n","protected":false},"author":1,"featured_media":156560,"comment_status":"closed","ping_status":"open","sticky":false,"template":"","format":"standard","meta":{"_monsterinsights_skip_tracking":false,"_monsterinsights_sitenote_active":false,"_monsterinsights_sitenote_note":"","_monsterinsights_sitenote_category":0,"jetpack_post_was_ever_published":false,"_jetpack_newsletter_access":"","_jetpack_dont_email_post_to_subs":false,"_jetpack_newsletter_tier_id":0,"_jetpack_memberships_contains_paywalled_content":false,"_jetpack_memberships_contains_paid_content":false,"footnotes":"","jetpack_publicize_message":"","jetpack_publicize_feature_enabled":true,"jetpack_social_post_already_shared":true,"jetpack_social_options":{"image_generator_settings":{"template":"highway","default_image_id":0,"font":"","enabled":false},"version":2},"_wpas_customize_per_network":false},"categories":[104],"tags":[7805],"class_list":["post-156559","post","type-post","status-publish","format-standard","has-post-thumbnail","hentry","category-cultura","tag-cultura","generate-columns","tablet-grid-50","mobile-grid-100","grid-parent","grid-50"],"jetpack_publicize_connections":[],"jetpack_featured_media_url":"https:\/\/www.hoymercedes.com.ar\/principal\/wp-content\/uploads\/2022\/12\/Da-Skate.jpg","wps_subtitle":"","jetpack_sharing_enabled":true,"_links":{"self":[{"href":"https:\/\/www.hoymercedes.com.ar\/principal\/wp-json\/wp\/v2\/posts\/156559","targetHints":{"allow":["GET"]}}],"collection":[{"href":"https:\/\/www.hoymercedes.com.ar\/principal\/wp-json\/wp\/v2\/posts"}],"about":[{"href":"https:\/\/www.hoymercedes.com.ar\/principal\/wp-json\/wp\/v2\/types\/post"}],"author":[{"embeddable":true,"href":"https:\/\/www.hoymercedes.com.ar\/principal\/wp-json\/wp\/v2\/users\/1"}],"replies":[{"embeddable":true,"href":"https:\/\/www.hoymercedes.com.ar\/principal\/wp-json\/wp\/v2\/comments?post=156559"}],"version-history":[{"count":0,"href":"https:\/\/www.hoymercedes.com.ar\/principal\/wp-json\/wp\/v2\/posts\/156559\/revisions"}],"wp:featuredmedia":[{"embeddable":true,"href":"https:\/\/www.hoymercedes.com.ar\/principal\/wp-json\/wp\/v2\/media\/156560"}],"wp:attachment":[{"href":"https:\/\/www.hoymercedes.com.ar\/principal\/wp-json\/wp\/v2\/media?parent=156559"}],"wp:term":[{"taxonomy":"category","embeddable":true,"href":"https:\/\/www.hoymercedes.com.ar\/principal\/wp-json\/wp\/v2\/categories?post=156559"},{"taxonomy":"post_tag","embeddable":true,"href":"https:\/\/www.hoymercedes.com.ar\/principal\/wp-json\/wp\/v2\/tags?post=156559"}],"curies":[{"name":"wp","href":"https:\/\/api.w.org\/{rel}","templated":true}]}}