{"id":156586,"date":"2022-12-16T09:20:00","date_gmt":"2022-12-16T12:20:00","guid":{"rendered":"https:\/\/www.hoymercedes.com.ar\/principal\/?p=156586"},"modified":"2022-12-16T08:51:42","modified_gmt":"2022-12-16T11:51:42","slug":"el-topo-yanez-de-horcas-grabara-para-el-disco-del-polaco-zelazek","status":"publish","type":"post","link":"https:\/\/www.hoymercedes.com.ar\/principal\/2022\/12\/16\/el-topo-yanez-de-horcas-grabara-para-el-disco-del-polaco-zelazek\/","title":{"rendered":"El Topo Ya\u00f1ez de Horcas grabar\u00e1 para el disco del Polaco Zelazek"},"content":{"rendered":"\n<p>Por Fernando Viloria &#8211; El s\u00e1bado 17 de diciembre viene el Topo Ya\u00f1ez, bajista de Horcas, para completar un tema donde ya grabaron los mercedinos Diego Vel\u00e1zquez en segunda guitarra, Mariano Mirko en primera guitarra, Eddy Hain en bater\u00eda y la poderosa voz de Agust\u00edn Stoner Vitta para la canci\u00f3n \u201cDestrucci\u00f3n\u201d de V8. Ser\u00e1 parte del disco que llevar\u00e1 por t\u00edtulo \u201cFriends &amp; Covers\u201d, que est\u00e1 grabando en nuestra ciudad el Polaco Robert Wojciech Zelazek hist\u00f3rico bajista del grupo de punk rock Los Violadores.\u00a0<\/p>\n\n\n<div class=\"wp-block-image\">\n<figure class=\"alignleft size-full\"><img loading=\"lazy\" decoding=\"async\" width=\"533\" height=\"800\" data-attachment-id=\"156587\" data-permalink=\"https:\/\/www.hoymercedes.com.ar\/principal\/2022\/12\/16\/el-topo-yanez-de-horcas-grabara-para-el-disco-del-polaco-zelazek\/topo-2\/#main\" data-orig-file=\"https:\/\/www.hoymercedes.com.ar\/principal\/wp-content\/uploads\/2022\/12\/TOPO.jpg\" data-orig-size=\"533,800\" data-comments-opened=\"0\" data-image-meta=\"{&quot;aperture&quot;:&quot;0&quot;,&quot;credit&quot;:&quot;&quot;,&quot;camera&quot;:&quot;&quot;,&quot;caption&quot;:&quot;&quot;,&quot;created_timestamp&quot;:&quot;0&quot;,&quot;copyright&quot;:&quot;&quot;,&quot;focal_length&quot;:&quot;0&quot;,&quot;iso&quot;:&quot;0&quot;,&quot;shutter_speed&quot;:&quot;0&quot;,&quot;title&quot;:&quot;&quot;,&quot;orientation&quot;:&quot;0&quot;}\" data-image-title=\"TOPO\" data-image-description=\"\" data-image-caption=\"\" data-large-file=\"https:\/\/www.hoymercedes.com.ar\/principal\/wp-content\/uploads\/2022\/12\/TOPO.jpg\" src=\"https:\/\/www.hoymercedes.com.ar\/principal\/wp-content\/uploads\/2022\/12\/TOPO.jpg\" alt=\"\" class=\"wp-image-156587\" srcset=\"https:\/\/www.hoymercedes.com.ar\/principal\/wp-content\/uploads\/2022\/12\/TOPO.jpg 533w, https:\/\/www.hoymercedes.com.ar\/principal\/wp-content\/uploads\/2022\/12\/TOPO-413x620.jpg 413w, https:\/\/www.hoymercedes.com.ar\/principal\/wp-content\/uploads\/2022\/12\/TOPO-100x150.jpg 100w\" sizes=\"auto, (max-width: 533px) 100vw, 533px\" \/><\/figure>\n<\/div>\n\n\n<p>El Topo Ya\u00f1ez cuenta con una larga trayectoria profesional que comenz\u00f3 en 1991 y antes de tocar metal hacia punk rock.&nbsp; En el metal es uno de los m\u00fasicos que eligi\u00f3 Osvaldo Civile para formar Horcas, ha tocado en toda Latinoam\u00e9rica, menos Per\u00fa. Hicieron giras por M\u00e9xico, E.E.U.U. y&nbsp; Espa\u00f1a. Ha tocado tres veces con Metallica, Slayer y Megadeth, dos veces con Iron Maiden y Motorhead, una vez con Pantera, Motley Crue y Black Sabbath que es la fecha que mas disfrutaron teloneando. Entre otras bandas,&nbsp; como Kreator, Ratos de Porao, Antrhrax, Exodus y Brujer\u00eda en los \u00faltimos 30 a\u00f1os. Adem\u00e1s produjo bandas del sur y colabor\u00f3 en los discos de con bandas Fierro y Rosa Negra.&nbsp;<\/p>\n\n\n\n<p>Con Horcas fueron la primera banda de heavy metal en estar ternados para los premios Carlos Gardel, que luego los volvi\u00f3 a ternar. Y el martes 13 de diciembre fueron invitados por abrir el show de Judas Priest en el Festival Knotfest Roadshow 2022 con localidades agotadas.&nbsp;<\/p>\n\n\n\n<p>De esta manera cierra el Topo las grabaciones en este a\u00f1o 2022 para continuar el a\u00f1o que viene con los invitados:\u00a0 Sissi Hansen, hist\u00f3rica cantante del punk argentino har\u00e1 un tema de Blondie \u201c One way or another\u201d. El Ni\u00f1o, bajista de The Ni\u00f1os y en alg\u00fan momento tambi\u00e9n de Los Violadores cantara \u201cFire and Gasoline\u201d del disco hom\u00f3nimo solista de Steve Jones, entre otros importantes invitados que nos visitar\u00e1n en el 2023.<\/p>\n\n\n\n<p><\/p>\n","protected":false},"excerpt":{"rendered":"<p>El s\u00e1bado 17 de diciembre viene el Topo Ya\u00f1ez, bajista de Horcas, para completar un tema donde ya grabaron los mercedinos Diego Vel\u00e1zquez en segunda guitarra, Mariano Mirko en primera guitarra, Eddy Hain en bater\u00eda y la poderosa voz de Agust\u00edn Stoner Vitta para la canci\u00f3n \u201cDestrucci\u00f3n\u201d de V8&#8230; (Colaboraci\u00f3n Fernando Viloria)<\/p>\n","protected":false},"author":1,"featured_media":156588,"comment_status":"closed","ping_status":"open","sticky":false,"template":"","format":"standard","meta":{"_monsterinsights_skip_tracking":false,"_monsterinsights_sitenote_active":false,"_monsterinsights_sitenote_note":"","_monsterinsights_sitenote_category":0,"jetpack_post_was_ever_published":false,"_jetpack_newsletter_access":"","_jetpack_dont_email_post_to_subs":false,"_jetpack_newsletter_tier_id":0,"_jetpack_memberships_contains_paywalled_content":false,"_jetpack_memberships_contains_paid_content":false,"footnotes":"","jetpack_publicize_message":"","jetpack_publicize_feature_enabled":true,"jetpack_social_post_already_shared":true,"jetpack_social_options":{"image_generator_settings":{"template":"highway","default_image_id":0,"font":"","enabled":false},"version":2},"_wpas_customize_per_network":false},"categories":[104],"tags":[7805,265],"class_list":["post-156586","post","type-post","status-publish","format-standard","has-post-thumbnail","hentry","category-cultura","tag-cultura","tag-rock","generate-columns","tablet-grid-50","mobile-grid-100","grid-parent","grid-50"],"jetpack_publicize_connections":[],"jetpack_featured_media_url":"https:\/\/www.hoymercedes.com.ar\/principal\/wp-content\/uploads\/2022\/12\/Topo-de-Horcas.jpg","wps_subtitle":"","jetpack_sharing_enabled":true,"_links":{"self":[{"href":"https:\/\/www.hoymercedes.com.ar\/principal\/wp-json\/wp\/v2\/posts\/156586","targetHints":{"allow":["GET"]}}],"collection":[{"href":"https:\/\/www.hoymercedes.com.ar\/principal\/wp-json\/wp\/v2\/posts"}],"about":[{"href":"https:\/\/www.hoymercedes.com.ar\/principal\/wp-json\/wp\/v2\/types\/post"}],"author":[{"embeddable":true,"href":"https:\/\/www.hoymercedes.com.ar\/principal\/wp-json\/wp\/v2\/users\/1"}],"replies":[{"embeddable":true,"href":"https:\/\/www.hoymercedes.com.ar\/principal\/wp-json\/wp\/v2\/comments?post=156586"}],"version-history":[{"count":0,"href":"https:\/\/www.hoymercedes.com.ar\/principal\/wp-json\/wp\/v2\/posts\/156586\/revisions"}],"wp:featuredmedia":[{"embeddable":true,"href":"https:\/\/www.hoymercedes.com.ar\/principal\/wp-json\/wp\/v2\/media\/156588"}],"wp:attachment":[{"href":"https:\/\/www.hoymercedes.com.ar\/principal\/wp-json\/wp\/v2\/media?parent=156586"}],"wp:term":[{"taxonomy":"category","embeddable":true,"href":"https:\/\/www.hoymercedes.com.ar\/principal\/wp-json\/wp\/v2\/categories?post=156586"},{"taxonomy":"post_tag","embeddable":true,"href":"https:\/\/www.hoymercedes.com.ar\/principal\/wp-json\/wp\/v2\/tags?post=156586"}],"curies":[{"name":"wp","href":"https:\/\/api.w.org\/{rel}","templated":true}]}}