{"id":156609,"date":"2022-12-18T15:26:00","date_gmt":"2022-12-18T18:26:00","guid":{"rendered":"https:\/\/www.hoymercedes.com.ar\/principal\/?p=156609"},"modified":"2022-12-18T13:36:07","modified_gmt":"2022-12-18T16:36:07","slug":"vocal-mercedes-deja-los-escenarios","status":"publish","type":"post","link":"https:\/\/www.hoymercedes.com.ar\/principal\/2022\/12\/18\/vocal-mercedes-deja-los-escenarios\/","title":{"rendered":"Vocal Mercedes deja los escenarios"},"content":{"rendered":"\n<p>Despu\u00e9s de 31 a\u00f1os de trayectoria, el grupo Vocal Mercedes, anunci\u00f3 que deja los escenarios. La decisi\u00f3n definitoria la tom\u00f3 Fernando L\u00f3pez Courtade que anunci\u00f3 su desgaste particular y su pronta jubilaci\u00f3n. Eso determin\u00f3 que el grupo decidiese disolverse y que Juan Ricci, Rodrigo Herrera y Jorge El\u00edas continuen con otros proyectos musicales.<\/p>\n\n\n<div class=\"wp-block-image\">\n<figure class=\"aligncenter size-full\"><img loading=\"lazy\" decoding=\"async\" width=\"800\" height=\"533\" data-attachment-id=\"156490\" data-permalink=\"https:\/\/www.hoymercedes.com.ar\/principal\/2022\/12\/13\/sesion-extraordinaria-aprueban-presupuesto-2023\/vocal-mercedes-2\/#main\" data-orig-file=\"https:\/\/www.hoymercedes.com.ar\/principal\/wp-content\/uploads\/2022\/12\/Vocal-Mercedes-2.jpg\" data-orig-size=\"800,533\" data-comments-opened=\"0\" data-image-meta=\"{&quot;aperture&quot;:&quot;0&quot;,&quot;credit&quot;:&quot;&quot;,&quot;camera&quot;:&quot;&quot;,&quot;caption&quot;:&quot;&quot;,&quot;created_timestamp&quot;:&quot;1670527332&quot;,&quot;copyright&quot;:&quot;&quot;,&quot;focal_length&quot;:&quot;0&quot;,&quot;iso&quot;:&quot;0&quot;,&quot;shutter_speed&quot;:&quot;0&quot;,&quot;title&quot;:&quot;&quot;,&quot;orientation&quot;:&quot;1&quot;}\" data-image-title=\"Vocal Mercedes 2\" data-image-description=\"\" data-image-caption=\"\" data-large-file=\"https:\/\/www.hoymercedes.com.ar\/principal\/wp-content\/uploads\/2022\/12\/Vocal-Mercedes-2.jpg\" src=\"https:\/\/www.hoymercedes.com.ar\/principal\/wp-content\/uploads\/2022\/12\/Vocal-Mercedes-2.jpg\" alt=\"\" class=\"wp-image-156490\" srcset=\"https:\/\/www.hoymercedes.com.ar\/principal\/wp-content\/uploads\/2022\/12\/Vocal-Mercedes-2.jpg 800w, https:\/\/www.hoymercedes.com.ar\/principal\/wp-content\/uploads\/2022\/12\/Vocal-Mercedes-2-630x420.jpg 630w, https:\/\/www.hoymercedes.com.ar\/principal\/wp-content\/uploads\/2022\/12\/Vocal-Mercedes-2-150x100.jpg 150w, https:\/\/www.hoymercedes.com.ar\/principal\/wp-content\/uploads\/2022\/12\/Vocal-Mercedes-2-700x465.jpg 700w\" sizes=\"auto, (max-width: 800px) 100vw, 800px\" \/><figcaption class=\"wp-element-caption\">La \u00faltima formaci\u00f3n de Vocal Mercedes oficializ\u00f3 la disoluci\u00f3n del grupo que integraron decenas de m\u00fasicos locales a lo largo de 31 a\u00f1os. <\/figcaption><\/figure>\n<\/div>\n\n\n<p>A trav\u00e9s de un encuentro con los medios realizado d\u00edas atr\u00e1s, el cuarteto de voces con 31 a\u00f1os de trayectoria y que en los \u00faltimos dos a\u00f1os estuvo integrado por Fernando L\u00f3pez Courtade, Juan Ricci &#8211; fundadores del Vocal Mercedes -, Rodrigo Herrera y Jorge El\u00edas, anunci\u00f3 su disoluci\u00f3n. D\u00edas previos, se hab\u00eda dado a conocer la noticias, pero el grupo decidi\u00f3 confirmarlo brindando las explicaciones correspondientes, sin dejar de lado las miles de an\u00e9cdotas recabadas en las tres d\u00e9cadas. <\/p>\n\n\n\n<p>La actual conformaci\u00f3n del grupo record\u00f3 a los diferentes integrantes que pasaron a lo largo de los a\u00f1os y que dejaron su huella. Sin embargo, la primera y principal pregunta tuvo que ser formulada: \u00bfcu\u00e1les eran los motivos de la disoluci\u00f3n?. El responsable de responder fue el encargado de los arreglos del grupo. Fernando L\u00f3pez Courtade explic\u00f3 que \u00e9l fue el que plante\u00f3 la decisi\u00f3n de dejar el cuarteto de voces. <\/p>\n\n\n\n<p>\u00abLa decisi\u00f3n la tomo yo\u00bb, dijo Fernando. \u00abFue una decisi\u00f3n personal exclusivamente. La ven\u00eda masticando hace un par de meses. Le dije a los chicos. Pero trat\u00e9 de convencerme porque no sab\u00eda si estaba bien o mal. Cuando me di cuenta que no me ve\u00eda m\u00e1s arriba de un escenario, dije, eso no es buena se\u00f1al. As\u00ed que dije: hasta ac\u00e1 lleg\u00f3 mi amor. Este es el momento para dar un paso al costado y retirarme. Cuando se la transmito a los chicos, ellos decidierono seguirme a m\u00ed. Aunque siguen con sus proyectos por fuera del carteto\u00bb, agreg\u00f3 L\u00f3pez Courtade. <\/p>\n\n\n\n<p>\u00abEs el desgaste propio de los a\u00f1os. El entorno dice otra cosa, la m\u00fasica hoy en d\u00eda demanda otra cosa, no grupos vocales y esta forma de cantar, la historia musical\u00a0 te dicta otra cosa. La moda musical ha cambiado. Veo que los grupos profesionale,s muy reconocidos, tampoco est\u00e1n en los escenarios. Todo esto nos llev\u00f3 a tomar la decisi\u00f3n. Cost\u00f3, pero, ya est\u00e1, qui\u00e9n nos quita lo bailado y nos retiramos. Bastante hemos recorrido, hemos estado por todas partes, hasta el escenario mayor de Cosquin. As\u00ed que agradecido y especialmente a Mercedes, el grupo llevaba su nombre, y creo que hemos quedado siempre bien parado\u00bb, agreg\u00f3 Fernando uno de los creadores del gurpo Vocal Mercedes que naci\u00f3 el 8 de julio de 1991. <\/p>\n\n\n<div class=\"wp-block-image\">\n<figure class=\"aligncenter size-full\"><img loading=\"lazy\" decoding=\"async\" width=\"800\" height=\"533\" data-attachment-id=\"156489\" data-permalink=\"https:\/\/www.hoymercedes.com.ar\/principal\/2022\/12\/13\/sesion-extraordinaria-aprueban-presupuesto-2023\/vocal-mercedes-3\/#main\" data-orig-file=\"https:\/\/www.hoymercedes.com.ar\/principal\/wp-content\/uploads\/2022\/12\/Vocal-Mercedes-3.jpg\" data-orig-size=\"800,533\" data-comments-opened=\"0\" data-image-meta=\"{&quot;aperture&quot;:&quot;0&quot;,&quot;credit&quot;:&quot;&quot;,&quot;camera&quot;:&quot;&quot;,&quot;caption&quot;:&quot;&quot;,&quot;created_timestamp&quot;:&quot;1670530076&quot;,&quot;copyright&quot;:&quot;&quot;,&quot;focal_length&quot;:&quot;0&quot;,&quot;iso&quot;:&quot;0&quot;,&quot;shutter_speed&quot;:&quot;0&quot;,&quot;title&quot;:&quot;&quot;,&quot;orientation&quot;:&quot;1&quot;}\" data-image-title=\"Vocal Mercedes 3\" data-image-description=\"\" data-image-caption=\"\" data-large-file=\"https:\/\/www.hoymercedes.com.ar\/principal\/wp-content\/uploads\/2022\/12\/Vocal-Mercedes-3.jpg\" src=\"https:\/\/www.hoymercedes.com.ar\/principal\/wp-content\/uploads\/2022\/12\/Vocal-Mercedes-3.jpg\" alt=\"\" class=\"wp-image-156489\" srcset=\"https:\/\/www.hoymercedes.com.ar\/principal\/wp-content\/uploads\/2022\/12\/Vocal-Mercedes-3.jpg 800w, https:\/\/www.hoymercedes.com.ar\/principal\/wp-content\/uploads\/2022\/12\/Vocal-Mercedes-3-630x420.jpg 630w, https:\/\/www.hoymercedes.com.ar\/principal\/wp-content\/uploads\/2022\/12\/Vocal-Mercedes-3-150x100.jpg 150w, https:\/\/www.hoymercedes.com.ar\/principal\/wp-content\/uploads\/2022\/12\/Vocal-Mercedes-3-700x465.jpg 700w\" sizes=\"auto, (max-width: 800px) 100vw, 800px\" \/><figcaption class=\"wp-element-caption\">El quinteto vocal en sus or\u00edgenes<\/figcaption><\/figure>\n<\/div>","protected":false},"excerpt":{"rendered":"<p>Despu\u00e9s de 31 a\u00f1os de trayectoria, el grupo Vocal Mercedes, anunci\u00f3 que deja los escenarios. Fernando L\u00f3pez Courtade anunci\u00f3 su desgaste particular lo que determin\u00f3 que el grupo decidiese disolverse y que Juan Ricci, Rodrigo Herrera y Jorge El\u00edas continuen con otros proyectos musicales. <\/p>\n","protected":false},"author":1,"featured_media":156491,"comment_status":"closed","ping_status":"open","sticky":false,"template":"","format":"standard","meta":{"_monsterinsights_skip_tracking":false,"_monsterinsights_sitenote_active":false,"_monsterinsights_sitenote_note":"","_monsterinsights_sitenote_category":0,"jetpack_post_was_ever_published":false,"_jetpack_newsletter_access":"","_jetpack_dont_email_post_to_subs":false,"_jetpack_newsletter_tier_id":0,"_jetpack_memberships_contains_paywalled_content":false,"_jetpack_memberships_contains_paid_content":false,"footnotes":"","jetpack_publicize_message":"","jetpack_publicize_feature_enabled":true,"jetpack_social_post_already_shared":true,"jetpack_social_options":{"image_generator_settings":{"template":"highway","default_image_id":0,"font":"","enabled":false},"version":2},"_wpas_customize_per_network":false},"categories":[104],"tags":[7805,8539,2120],"class_list":["post-156609","post","type-post","status-publish","format-standard","has-post-thumbnail","hentry","category-cultura","tag-cultura","tag-musica","tag-vocal-mercedes","generate-columns","tablet-grid-50","mobile-grid-100","grid-parent","grid-50"],"jetpack_publicize_connections":[],"jetpack_featured_media_url":"https:\/\/www.hoymercedes.com.ar\/principal\/wp-content\/uploads\/2022\/12\/Vocal-Mercedes-1.jpg","wps_subtitle":"","jetpack_sharing_enabled":true,"_links":{"self":[{"href":"https:\/\/www.hoymercedes.com.ar\/principal\/wp-json\/wp\/v2\/posts\/156609","targetHints":{"allow":["GET"]}}],"collection":[{"href":"https:\/\/www.hoymercedes.com.ar\/principal\/wp-json\/wp\/v2\/posts"}],"about":[{"href":"https:\/\/www.hoymercedes.com.ar\/principal\/wp-json\/wp\/v2\/types\/post"}],"author":[{"embeddable":true,"href":"https:\/\/www.hoymercedes.com.ar\/principal\/wp-json\/wp\/v2\/users\/1"}],"replies":[{"embeddable":true,"href":"https:\/\/www.hoymercedes.com.ar\/principal\/wp-json\/wp\/v2\/comments?post=156609"}],"version-history":[{"count":0,"href":"https:\/\/www.hoymercedes.com.ar\/principal\/wp-json\/wp\/v2\/posts\/156609\/revisions"}],"wp:featuredmedia":[{"embeddable":true,"href":"https:\/\/www.hoymercedes.com.ar\/principal\/wp-json\/wp\/v2\/media\/156491"}],"wp:attachment":[{"href":"https:\/\/www.hoymercedes.com.ar\/principal\/wp-json\/wp\/v2\/media?parent=156609"}],"wp:term":[{"taxonomy":"category","embeddable":true,"href":"https:\/\/www.hoymercedes.com.ar\/principal\/wp-json\/wp\/v2\/categories?post=156609"},{"taxonomy":"post_tag","embeddable":true,"href":"https:\/\/www.hoymercedes.com.ar\/principal\/wp-json\/wp\/v2\/tags?post=156609"}],"curies":[{"name":"wp","href":"https:\/\/api.w.org\/{rel}","templated":true}]}}