{"id":156627,"date":"2022-12-17T23:03:00","date_gmt":"2022-12-18T02:03:00","guid":{"rendered":"https:\/\/www.hoymercedes.com.ar\/principal\/?p=156627"},"modified":"2022-12-17T22:07:06","modified_gmt":"2022-12-18T01:07:06","slug":"allanamiento-detencion-y-esclarecimientos-de-hurto","status":"publish","type":"post","link":"https:\/\/www.hoymercedes.com.ar\/principal\/2022\/12\/17\/allanamiento-detencion-y-esclarecimientos-de-hurto\/","title":{"rendered":"Allanamiento, detenci\u00f3n y esclarecimientos de hurto"},"content":{"rendered":"\n<figure class=\"wp-block-image size-large is-resized\"><img loading=\"lazy\" decoding=\"async\" data-attachment-id=\"156628\" data-permalink=\"https:\/\/www.hoymercedes.com.ar\/principal\/2022\/12\/17\/allanamiento-detencion-y-esclarecimientos-de-hurto\/whatsapp-image-2022-12-16-at-14-56-52\/#main\" data-orig-file=\"https:\/\/www.hoymercedes.com.ar\/principal\/wp-content\/uploads\/2022\/12\/WhatsApp-Image-2022-12-16-at-14.56.52.jpeg\" data-orig-size=\"1394,1600\" data-comments-opened=\"0\" data-image-meta=\"{&quot;aperture&quot;:&quot;0&quot;,&quot;credit&quot;:&quot;&quot;,&quot;camera&quot;:&quot;&quot;,&quot;caption&quot;:&quot;&quot;,&quot;created_timestamp&quot;:&quot;0&quot;,&quot;copyright&quot;:&quot;&quot;,&quot;focal_length&quot;:&quot;0&quot;,&quot;iso&quot;:&quot;0&quot;,&quot;shutter_speed&quot;:&quot;0&quot;,&quot;title&quot;:&quot;&quot;,&quot;orientation&quot;:&quot;0&quot;}\" data-image-title=\"WhatsApp-Image-2022-12-16-at-14.56.52\" data-image-description=\"\" data-image-caption=\"\" data-large-file=\"https:\/\/www.hoymercedes.com.ar\/principal\/wp-content\/uploads\/2022\/12\/WhatsApp-Image-2022-12-16-at-14.56.52-892x1024.jpeg\" src=\"https:\/\/www.hoymercedes.com.ar\/principal\/wp-content\/uploads\/2022\/12\/WhatsApp-Image-2022-12-16-at-14.56.52-892x1024.jpeg\" alt=\"\" class=\"wp-image-156628\" width=\"961\" height=\"1103\" srcset=\"https:\/\/www.hoymercedes.com.ar\/principal\/wp-content\/uploads\/2022\/12\/WhatsApp-Image-2022-12-16-at-14.56.52-892x1024.jpeg 892w, https:\/\/www.hoymercedes.com.ar\/principal\/wp-content\/uploads\/2022\/12\/WhatsApp-Image-2022-12-16-at-14.56.52-540x620.jpeg 540w, https:\/\/www.hoymercedes.com.ar\/principal\/wp-content\/uploads\/2022\/12\/WhatsApp-Image-2022-12-16-at-14.56.52-131x150.jpeg 131w, https:\/\/www.hoymercedes.com.ar\/principal\/wp-content\/uploads\/2022\/12\/WhatsApp-Image-2022-12-16-at-14.56.52-1338x1536.jpeg 1338w, https:\/\/www.hoymercedes.com.ar\/principal\/wp-content\/uploads\/2022\/12\/WhatsApp-Image-2022-12-16-at-14.56.52.jpeg 1394w\" sizes=\"auto, (max-width: 961px) 100vw, 961px\" \/><\/figure>\n\n\n\n<p>Tras una investigaci\u00f3n llevada a cabo por la Polic\u00eda Comunal se logr\u00f3 la detenci\u00f3n de un mercedino de 41 a\u00f1os de edad qui\u00e9n hab\u00eda ingresado a un domicilio del radio c\u00e9ntrico donde sustrajo dinero en efectivo, tanto nacional como extranjera.<\/p>\n\n\n\n<p>Las c\u00e1maras de seguridad del centro operativo de monitore y el trabajo minusioco de las y los operadores permitieron identificar el veh\u00edculo y las caracter\u00edsticas del delincuente que derivaron en el allanamiento que esclareci\u00f3 el il\u00edcito, destacar\u00f3n las fuentes.<\/p>\n\n\n\n<p>El hecho ocurrido d\u00edas atr\u00e1s se resolvi\u00f3 el pasado 15 de diciembre cuando se concretaron los allanamientos que permiti\u00f3 resolver el caso.<\/p>\n\n\n\n<figure class=\"wp-block-image size-large is-resized\"><img loading=\"lazy\" decoding=\"async\" data-attachment-id=\"156629\" data-permalink=\"https:\/\/www.hoymercedes.com.ar\/principal\/2022\/12\/17\/allanamiento-detencion-y-esclarecimientos-de-hurto\/whatsapp-image-2022-12-17-at-22-02-47\/#main\" data-orig-file=\"https:\/\/www.hoymercedes.com.ar\/principal\/wp-content\/uploads\/2022\/12\/WhatsApp-Image-2022-12-17-at-22.02.47.jpeg\" data-orig-size=\"1142,1280\" data-comments-opened=\"0\" data-image-meta=\"{&quot;aperture&quot;:&quot;0&quot;,&quot;credit&quot;:&quot;&quot;,&quot;camera&quot;:&quot;&quot;,&quot;caption&quot;:&quot;&quot;,&quot;created_timestamp&quot;:&quot;0&quot;,&quot;copyright&quot;:&quot;&quot;,&quot;focal_length&quot;:&quot;0&quot;,&quot;iso&quot;:&quot;0&quot;,&quot;shutter_speed&quot;:&quot;0&quot;,&quot;title&quot;:&quot;&quot;,&quot;orientation&quot;:&quot;0&quot;}\" data-image-title=\"WhatsApp-Image-2022-12-17-at-22.02.47\" data-image-description=\"\" data-image-caption=\"\" data-large-file=\"https:\/\/www.hoymercedes.com.ar\/principal\/wp-content\/uploads\/2022\/12\/WhatsApp-Image-2022-12-17-at-22.02.47-914x1024.jpeg\" src=\"https:\/\/www.hoymercedes.com.ar\/principal\/wp-content\/uploads\/2022\/12\/WhatsApp-Image-2022-12-17-at-22.02.47-914x1024.jpeg\" alt=\"\" class=\"wp-image-156629\" width=\"962\" height=\"1078\" srcset=\"https:\/\/www.hoymercedes.com.ar\/principal\/wp-content\/uploads\/2022\/12\/WhatsApp-Image-2022-12-17-at-22.02.47-914x1024.jpeg 914w, https:\/\/www.hoymercedes.com.ar\/principal\/wp-content\/uploads\/2022\/12\/WhatsApp-Image-2022-12-17-at-22.02.47-553x620.jpeg 553w, https:\/\/www.hoymercedes.com.ar\/principal\/wp-content\/uploads\/2022\/12\/WhatsApp-Image-2022-12-17-at-22.02.47-134x150.jpeg 134w, https:\/\/www.hoymercedes.com.ar\/principal\/wp-content\/uploads\/2022\/12\/WhatsApp-Image-2022-12-17-at-22.02.47.jpeg 1142w\" sizes=\"auto, (max-width: 962px) 100vw, 962px\" \/><\/figure>\n\n\n\n<p>Se detuvo al imputado, secuestr\u00e1ndose un Volkwagen Gol blanco utilizado en el hecho como as\u00ed tambi\u00e9n $27.000, 200 d\u00f3lares, vestimenta utilizada en el il\u00edcito.<\/p>\n\n\n\n<p>Intervine a U.F.I N\u00ba3 del Departamento Judicial Mercedes.<\/p>\n","protected":false},"excerpt":{"rendered":"<p>Tras una investigaci\u00f3n llevada a cabo por la Polic\u00eda Comunal se logr\u00f3 la detenci\u00f3n de un mercedino de 41 a\u00f1os &#8230; <a title=\"Allanamiento, detenci\u00f3n y esclarecimientos de hurto\" class=\"read-more\" href=\"https:\/\/www.hoymercedes.com.ar\/principal\/2022\/12\/17\/allanamiento-detencion-y-esclarecimientos-de-hurto\/\" aria-label=\"Leer m\u00e1s sobre Allanamiento, detenci\u00f3n y esclarecimientos de hurto\">Leer m\u00e1s<\/a><\/p>\n","protected":false},"author":1,"featured_media":156628,"comment_status":"closed","ping_status":"open","sticky":false,"template":"","format":"standard","meta":{"_monsterinsights_skip_tracking":false,"_monsterinsights_sitenote_active":false,"_monsterinsights_sitenote_note":"","_monsterinsights_sitenote_category":0,"jetpack_post_was_ever_published":false,"_jetpack_newsletter_access":"","_jetpack_dont_email_post_to_subs":false,"_jetpack_newsletter_tier_id":0,"_jetpack_memberships_contains_paywalled_content":false,"_jetpack_memberships_contains_paid_content":false,"footnotes":"","jetpack_publicize_message":"","jetpack_publicize_feature_enabled":true,"jetpack_social_post_already_shared":true,"jetpack_social_options":{"image_generator_settings":{"template":"highway","default_image_id":0,"font":"","enabled":false},"version":2},"_wpas_customize_per_network":false},"categories":[85],"tags":[18238,5766],"class_list":["post-156627","post","type-post","status-publish","format-standard","has-post-thumbnail","hentry","category-policial","tag-detencion-2","tag-policia-comunal","generate-columns","tablet-grid-50","mobile-grid-100","grid-parent","grid-50"],"jetpack_publicize_connections":[],"jetpack_featured_media_url":"https:\/\/www.hoymercedes.com.ar\/principal\/wp-content\/uploads\/2022\/12\/WhatsApp-Image-2022-12-16-at-14.56.52.jpeg","wps_subtitle":"Acci\u00edn policial","jetpack_sharing_enabled":true,"_links":{"self":[{"href":"https:\/\/www.hoymercedes.com.ar\/principal\/wp-json\/wp\/v2\/posts\/156627","targetHints":{"allow":["GET"]}}],"collection":[{"href":"https:\/\/www.hoymercedes.com.ar\/principal\/wp-json\/wp\/v2\/posts"}],"about":[{"href":"https:\/\/www.hoymercedes.com.ar\/principal\/wp-json\/wp\/v2\/types\/post"}],"author":[{"embeddable":true,"href":"https:\/\/www.hoymercedes.com.ar\/principal\/wp-json\/wp\/v2\/users\/1"}],"replies":[{"embeddable":true,"href":"https:\/\/www.hoymercedes.com.ar\/principal\/wp-json\/wp\/v2\/comments?post=156627"}],"version-history":[{"count":0,"href":"https:\/\/www.hoymercedes.com.ar\/principal\/wp-json\/wp\/v2\/posts\/156627\/revisions"}],"wp:featuredmedia":[{"embeddable":true,"href":"https:\/\/www.hoymercedes.com.ar\/principal\/wp-json\/wp\/v2\/media\/156628"}],"wp:attachment":[{"href":"https:\/\/www.hoymercedes.com.ar\/principal\/wp-json\/wp\/v2\/media?parent=156627"}],"wp:term":[{"taxonomy":"category","embeddable":true,"href":"https:\/\/www.hoymercedes.com.ar\/principal\/wp-json\/wp\/v2\/categories?post=156627"},{"taxonomy":"post_tag","embeddable":true,"href":"https:\/\/www.hoymercedes.com.ar\/principal\/wp-json\/wp\/v2\/tags?post=156627"}],"curies":[{"name":"wp","href":"https:\/\/api.w.org\/{rel}","templated":true}]}}