{"id":156665,"date":"2022-12-18T21:36:39","date_gmt":"2022-12-19T00:36:39","guid":{"rendered":"https:\/\/www.hoymercedes.com.ar\/principal\/?p=156665"},"modified":"2022-12-18T21:40:29","modified_gmt":"2022-12-19T00:40:29","slug":"otra-vez-vandalizaron-el-bosque-de-la-conciencia","status":"publish","type":"post","link":"https:\/\/www.hoymercedes.com.ar\/principal\/2022\/12\/18\/otra-vez-vandalizaron-el-bosque-de-la-conciencia\/","title":{"rendered":"Otra vez vandalizaron el Bosque de la Conciencia"},"content":{"rendered":"\n<p>Durante la jornada de este domingo,  familias que integran el Grupo Estrellas Amarillas volvieron a encontrar las placas que recuerdan a las v\u00edctimas fatales de siniestros viales rotas, con pedazos faltantes y hasta sus sostenes en el piso. D\u00edas <a rel=\"noreferrer noopener\" href=\"https:\/\/www.facebook.com\/groups\/1742865762394484\/permalink\/6579785952035750\/?mibextid=Nif5oz\" target=\"_blank\">atr\u00e1s hab\u00edan sido vandalizadas algunas pocas<\/a> pero en esta oportunidad fueron 21 las da\u00f1adas. <\/p>\n\n\n<div class=\"wp-block-image\">\n<figure class=\"aligncenter size-full\"><img loading=\"lazy\" decoding=\"async\" width=\"778\" height=\"519\" data-attachment-id=\"156671\" data-permalink=\"https:\/\/www.hoymercedes.com.ar\/principal\/2022\/12\/18\/otra-vez-vandalizaron-el-bosque-de-la-conciencia\/320830925_2097128280480038_1762927972267000963_n\/#main\" data-orig-file=\"https:\/\/www.hoymercedes.com.ar\/principal\/wp-content\/uploads\/2022\/12\/320830925_2097128280480038_1762927972267000963_n.jpg\" data-orig-size=\"778,519\" data-comments-opened=\"0\" data-image-meta=\"{&quot;aperture&quot;:&quot;0&quot;,&quot;credit&quot;:&quot;&quot;,&quot;camera&quot;:&quot;&quot;,&quot;caption&quot;:&quot;&quot;,&quot;created_timestamp&quot;:&quot;1671398228&quot;,&quot;copyright&quot;:&quot;&quot;,&quot;focal_length&quot;:&quot;0&quot;,&quot;iso&quot;:&quot;0&quot;,&quot;shutter_speed&quot;:&quot;0&quot;,&quot;title&quot;:&quot;&quot;,&quot;orientation&quot;:&quot;1&quot;}\" data-image-title=\"320830925_2097128280480038_1762927972267000963_n\" data-image-description=\"\" data-image-caption=\"\" data-large-file=\"https:\/\/www.hoymercedes.com.ar\/principal\/wp-content\/uploads\/2022\/12\/320830925_2097128280480038_1762927972267000963_n.jpg\" src=\"https:\/\/www.hoymercedes.com.ar\/principal\/wp-content\/uploads\/2022\/12\/320830925_2097128280480038_1762927972267000963_n.jpg\" alt=\"\" class=\"wp-image-156671\" srcset=\"https:\/\/www.hoymercedes.com.ar\/principal\/wp-content\/uploads\/2022\/12\/320830925_2097128280480038_1762927972267000963_n.jpg 778w, https:\/\/www.hoymercedes.com.ar\/principal\/wp-content\/uploads\/2022\/12\/320830925_2097128280480038_1762927972267000963_n-630x420.jpg 630w, https:\/\/www.hoymercedes.com.ar\/principal\/wp-content\/uploads\/2022\/12\/320830925_2097128280480038_1762927972267000963_n-150x100.jpg 150w\" sizes=\"auto, (max-width: 778px) 100vw, 778px\" \/><\/figure>\n<\/div>\n\n\n<p>Tristeza e impotencia destacan los integrantes del grupo de familias de v\u00edctimas fatales de siniestros viales que integran Estrellas Amarillas Mercedes. Este domingo, una de las familias lleg\u00f3 a homenajear a las v\u00edctimas y se encontr\u00f3 con los soportes y las placas rotas. El viernes, otra de las familias hab\u00eda estado en el Bosque de la Conciencia. Por lo tanto, creen que fue entre el s\u00e1bado y la madrugada del domingo. <\/p>\n\n\n\n<p>En el grupo de redes sociales, <a href=\"https:\/\/www.facebook.com\/groups\/1742865762394484\/permalink\/6579785952035750\/?mibextid=Nif5oz\" data-type=\"URL\" data-id=\"https:\/\/www.facebook.com\/groups\/1742865762394484\/permalink\/6579785952035750\/?mibextid=Nif5oz\" target=\"_blank\" rel=\"noreferrer noopener\">Estrellas Amarillas Mercedes public\u00f3<\/a> \u00abPOR FAVOR AYUDEN COMPARTIENDO ESTAMOS MUY TRISTES0 \u00bfC\u00f3mo se llama a esto? <strong>Otra vez<\/strong> S\u00e9 que es un d\u00eda donde no tendr\u00eda que publicar cosas tristes, pero un familiar, nuestra mami Maria Cristina Almir\u00f3n, fue a visitar el bosque y otra vez este VANDALISMO. En nuestro bosque, en las placas de nuestras estrellitas. Basuras son la peor mugre que puede haber en la ciudad\u00bb, expresa Ana Torres, referente del grupo.<\/p>\n\n\n\n<figure class=\"wp-block-gallery has-nested-images columns-default is-cropped wp-block-gallery-1 is-layout-flex wp-block-gallery-is-layout-flex\">\n<figure class=\"wp-block-image size-large\"><img loading=\"lazy\" decoding=\"async\" width=\"600\" height=\"800\" data-attachment-id=\"156669\" data-permalink=\"https:\/\/www.hoymercedes.com.ar\/principal\/2022\/12\/18\/otra-vez-vandalizaron-el-bosque-de-la-conciencia\/320895348_708839254193926_7831745602830732751_n\/#main\" data-orig-file=\"https:\/\/www.hoymercedes.com.ar\/principal\/wp-content\/uploads\/2022\/12\/320895348_708839254193926_7831745602830732751_n.jpg\" data-orig-size=\"600,800\" data-comments-opened=\"0\" data-image-meta=\"{&quot;aperture&quot;:&quot;0&quot;,&quot;credit&quot;:&quot;&quot;,&quot;camera&quot;:&quot;&quot;,&quot;caption&quot;:&quot;&quot;,&quot;created_timestamp&quot;:&quot;0&quot;,&quot;copyright&quot;:&quot;&quot;,&quot;focal_length&quot;:&quot;0&quot;,&quot;iso&quot;:&quot;0&quot;,&quot;shutter_speed&quot;:&quot;0&quot;,&quot;title&quot;:&quot;&quot;,&quot;orientation&quot;:&quot;0&quot;}\" data-image-title=\"320895348_708839254193926_7831745602830732751_n\" data-image-description=\"\" data-image-caption=\"\" data-large-file=\"https:\/\/www.hoymercedes.com.ar\/principal\/wp-content\/uploads\/2022\/12\/320895348_708839254193926_7831745602830732751_n.jpg\" data-id=\"156669\" src=\"https:\/\/www.hoymercedes.com.ar\/principal\/wp-content\/uploads\/2022\/12\/320895348_708839254193926_7831745602830732751_n.jpg\" alt=\"\" class=\"wp-image-156669\" srcset=\"https:\/\/www.hoymercedes.com.ar\/principal\/wp-content\/uploads\/2022\/12\/320895348_708839254193926_7831745602830732751_n.jpg 600w, https:\/\/www.hoymercedes.com.ar\/principal\/wp-content\/uploads\/2022\/12\/320895348_708839254193926_7831745602830732751_n-465x620.jpg 465w, https:\/\/www.hoymercedes.com.ar\/principal\/wp-content\/uploads\/2022\/12\/320895348_708839254193926_7831745602830732751_n-113x150.jpg 113w\" sizes=\"auto, (max-width: 600px) 100vw, 600px\" \/><\/figure>\n\n\n\n<figure class=\"wp-block-image size-large\"><img loading=\"lazy\" decoding=\"async\" width=\"600\" height=\"800\" data-attachment-id=\"156670\" data-permalink=\"https:\/\/www.hoymercedes.com.ar\/principal\/2022\/12\/18\/otra-vez-vandalizaron-el-bosque-de-la-conciencia\/320886911_889170072106224_8210754055582147648_n\/#main\" data-orig-file=\"https:\/\/www.hoymercedes.com.ar\/principal\/wp-content\/uploads\/2022\/12\/320886911_889170072106224_8210754055582147648_n.jpg\" data-orig-size=\"600,800\" data-comments-opened=\"0\" data-image-meta=\"{&quot;aperture&quot;:&quot;0&quot;,&quot;credit&quot;:&quot;&quot;,&quot;camera&quot;:&quot;&quot;,&quot;caption&quot;:&quot;&quot;,&quot;created_timestamp&quot;:&quot;0&quot;,&quot;copyright&quot;:&quot;&quot;,&quot;focal_length&quot;:&quot;0&quot;,&quot;iso&quot;:&quot;0&quot;,&quot;shutter_speed&quot;:&quot;0&quot;,&quot;title&quot;:&quot;&quot;,&quot;orientation&quot;:&quot;0&quot;}\" data-image-title=\"320886911_889170072106224_8210754055582147648_n\" data-image-description=\"\" data-image-caption=\"\" data-large-file=\"https:\/\/www.hoymercedes.com.ar\/principal\/wp-content\/uploads\/2022\/12\/320886911_889170072106224_8210754055582147648_n.jpg\" data-id=\"156670\" src=\"https:\/\/www.hoymercedes.com.ar\/principal\/wp-content\/uploads\/2022\/12\/320886911_889170072106224_8210754055582147648_n.jpg\" alt=\"\" class=\"wp-image-156670\" srcset=\"https:\/\/www.hoymercedes.com.ar\/principal\/wp-content\/uploads\/2022\/12\/320886911_889170072106224_8210754055582147648_n.jpg 600w, https:\/\/www.hoymercedes.com.ar\/principal\/wp-content\/uploads\/2022\/12\/320886911_889170072106224_8210754055582147648_n-465x620.jpg 465w, https:\/\/www.hoymercedes.com.ar\/principal\/wp-content\/uploads\/2022\/12\/320886911_889170072106224_8210754055582147648_n-113x150.jpg 113w\" sizes=\"auto, (max-width: 600px) 100vw, 600px\" \/><\/figure>\n\n\n\n<figure class=\"wp-block-image size-large\"><img loading=\"lazy\" decoding=\"async\" width=\"600\" height=\"800\" data-attachment-id=\"156668\" data-permalink=\"https:\/\/www.hoymercedes.com.ar\/principal\/2022\/12\/18\/otra-vez-vandalizaron-el-bosque-de-la-conciencia\/320908447_822853718824231_4170052991575535912_n\/#main\" data-orig-file=\"https:\/\/www.hoymercedes.com.ar\/principal\/wp-content\/uploads\/2022\/12\/320908447_822853718824231_4170052991575535912_n.jpg\" data-orig-size=\"600,800\" data-comments-opened=\"0\" data-image-meta=\"{&quot;aperture&quot;:&quot;0&quot;,&quot;credit&quot;:&quot;&quot;,&quot;camera&quot;:&quot;&quot;,&quot;caption&quot;:&quot;&quot;,&quot;created_timestamp&quot;:&quot;0&quot;,&quot;copyright&quot;:&quot;&quot;,&quot;focal_length&quot;:&quot;0&quot;,&quot;iso&quot;:&quot;0&quot;,&quot;shutter_speed&quot;:&quot;0&quot;,&quot;title&quot;:&quot;&quot;,&quot;orientation&quot;:&quot;0&quot;}\" data-image-title=\"320908447_822853718824231_4170052991575535912_n\" data-image-description=\"\" data-image-caption=\"\" data-large-file=\"https:\/\/www.hoymercedes.com.ar\/principal\/wp-content\/uploads\/2022\/12\/320908447_822853718824231_4170052991575535912_n.jpg\" data-id=\"156668\" src=\"https:\/\/www.hoymercedes.com.ar\/principal\/wp-content\/uploads\/2022\/12\/320908447_822853718824231_4170052991575535912_n.jpg\" alt=\"\" class=\"wp-image-156668\" srcset=\"https:\/\/www.hoymercedes.com.ar\/principal\/wp-content\/uploads\/2022\/12\/320908447_822853718824231_4170052991575535912_n.jpg 600w, https:\/\/www.hoymercedes.com.ar\/principal\/wp-content\/uploads\/2022\/12\/320908447_822853718824231_4170052991575535912_n-465x620.jpg 465w, https:\/\/www.hoymercedes.com.ar\/principal\/wp-content\/uploads\/2022\/12\/320908447_822853718824231_4170052991575535912_n-113x150.jpg 113w\" sizes=\"auto, (max-width: 600px) 100vw, 600px\" \/><\/figure>\n<\/figure>\n\n\n\n<p>Para luego pedir a las autoridades del Ejecutivo y del Legislativo que \u00abden una respuesta\u00bb. A lo que proponen, poner vigilancia, c\u00e1maras o algo para evitar que reiteren este vandalismo. <\/p>\n\n\n\n<p>\u00abEl viernes, no estaban as\u00ed. Una mami fue de visita al Bosque ese d\u00eda. Nos rompen a\u00fan m\u00e1s nuestro coraz\u00f3n. Nosotros cuidamos nuestro bosque y estas manos an\u00f3nimas hacen estos desastres. \u00a1VANDALISMO PURO! \u00a121 placas rotas!\u00bb, agregaron en la publicaci\u00f3n. <\/p>\n","protected":false},"excerpt":{"rendered":"<p>Durante la jornada de este domingo,  familias que integran el Grupo Estrellas Amarillas volvieron a encontrar las placas que recuerdan a las v\u00edctimas fatales de siniestros viales rotas, con pedazos faltantes y hasta sus sostenes en el piso. D\u00edas atr\u00e1s hab\u00edan sido vandalizadas algunas pocas pero en esta oportunidad fueron 21 las da\u00f1adas. <\/p>\n","protected":false},"author":1,"featured_media":156669,"comment_status":"closed","ping_status":"open","sticky":false,"template":"","format":"standard","meta":{"_monsterinsights_skip_tracking":false,"_monsterinsights_sitenote_active":false,"_monsterinsights_sitenote_note":"","_monsterinsights_sitenote_category":0,"jetpack_post_was_ever_published":false,"_jetpack_newsletter_access":"","_jetpack_dont_email_post_to_subs":false,"_jetpack_newsletter_tier_id":0,"_jetpack_memberships_contains_paywalled_content":false,"_jetpack_memberships_contains_paid_content":false,"footnotes":"","jetpack_publicize_message":"","jetpack_publicize_feature_enabled":true,"jetpack_social_post_already_shared":true,"jetpack_social_options":{"image_generator_settings":{"template":"highway","default_image_id":0,"font":"","enabled":false},"version":2},"_wpas_customize_per_network":false},"categories":[8],"tags":[],"class_list":["post-156665","post","type-post","status-publish","format-standard","has-post-thumbnail","hentry","category-sociedad","generate-columns","tablet-grid-50","mobile-grid-100","grid-parent","grid-50"],"jetpack_publicize_connections":[],"jetpack_featured_media_url":"https:\/\/www.hoymercedes.com.ar\/principal\/wp-content\/uploads\/2022\/12\/320895348_708839254193926_7831745602830732751_n.jpg","wps_subtitle":"","jetpack_sharing_enabled":true,"_links":{"self":[{"href":"https:\/\/www.hoymercedes.com.ar\/principal\/wp-json\/wp\/v2\/posts\/156665","targetHints":{"allow":["GET"]}}],"collection":[{"href":"https:\/\/www.hoymercedes.com.ar\/principal\/wp-json\/wp\/v2\/posts"}],"about":[{"href":"https:\/\/www.hoymercedes.com.ar\/principal\/wp-json\/wp\/v2\/types\/post"}],"author":[{"embeddable":true,"href":"https:\/\/www.hoymercedes.com.ar\/principal\/wp-json\/wp\/v2\/users\/1"}],"replies":[{"embeddable":true,"href":"https:\/\/www.hoymercedes.com.ar\/principal\/wp-json\/wp\/v2\/comments?post=156665"}],"version-history":[{"count":0,"href":"https:\/\/www.hoymercedes.com.ar\/principal\/wp-json\/wp\/v2\/posts\/156665\/revisions"}],"wp:featuredmedia":[{"embeddable":true,"href":"https:\/\/www.hoymercedes.com.ar\/principal\/wp-json\/wp\/v2\/media\/156669"}],"wp:attachment":[{"href":"https:\/\/www.hoymercedes.com.ar\/principal\/wp-json\/wp\/v2\/media?parent=156665"}],"wp:term":[{"taxonomy":"category","embeddable":true,"href":"https:\/\/www.hoymercedes.com.ar\/principal\/wp-json\/wp\/v2\/categories?post=156665"},{"taxonomy":"post_tag","embeddable":true,"href":"https:\/\/www.hoymercedes.com.ar\/principal\/wp-json\/wp\/v2\/tags?post=156665"}],"curies":[{"name":"wp","href":"https:\/\/api.w.org\/{rel}","templated":true}]}}