{"id":156680,"date":"2022-12-18T23:44:01","date_gmt":"2022-12-19T02:44:01","guid":{"rendered":"https:\/\/www.hoymercedes.com.ar\/principal\/?p=156680"},"modified":"2022-12-18T23:44:04","modified_gmt":"2022-12-19T02:44:04","slug":"incendio-de-moto-sobre-ruta-5","status":"publish","type":"post","link":"https:\/\/www.hoymercedes.com.ar\/principal\/2022\/12\/18\/incendio-de-moto-sobre-ruta-5\/","title":{"rendered":"Incendio de moto sobre Ruta 5"},"content":{"rendered":"\n<p>En la tarde del domingo se convoc\u00f3 a los Bomberos Voluntarios de Suipacha ra\u00edz de un incendio vehicular sobre ruta 5.<\/p>\n\n\n\n<figure class=\"wp-block-image size-large\"><img loading=\"lazy\" decoding=\"async\" width=\"1024\" height=\"473\" data-attachment-id=\"156681\" data-permalink=\"https:\/\/www.hoymercedes.com.ar\/principal\/2022\/12\/18\/incendio-de-moto-sobre-ruta-5\/fb_img_1671417623767\/#main\" data-orig-file=\"https:\/\/www.hoymercedes.com.ar\/principal\/wp-content\/uploads\/2022\/12\/FB_IMG_1671417623767.jpg\" data-orig-size=\"1080,499\" data-comments-opened=\"0\" data-image-meta=\"{&quot;aperture&quot;:&quot;0&quot;,&quot;credit&quot;:&quot;&quot;,&quot;camera&quot;:&quot;&quot;,&quot;caption&quot;:&quot;&quot;,&quot;created_timestamp&quot;:&quot;0&quot;,&quot;copyright&quot;:&quot;&quot;,&quot;focal_length&quot;:&quot;0&quot;,&quot;iso&quot;:&quot;0&quot;,&quot;shutter_speed&quot;:&quot;0&quot;,&quot;title&quot;:&quot;&quot;,&quot;orientation&quot;:&quot;0&quot;}\" data-image-title=\"FB_IMG_1671417623767\" data-image-description=\"\" data-image-caption=\"\" data-large-file=\"https:\/\/www.hoymercedes.com.ar\/principal\/wp-content\/uploads\/2022\/12\/FB_IMG_1671417623767-1024x473.jpg\" src=\"https:\/\/www.hoymercedes.com.ar\/principal\/wp-content\/uploads\/2022\/12\/FB_IMG_1671417623767-1024x473.jpg\" alt=\"\" class=\"wp-image-156681\" srcset=\"https:\/\/www.hoymercedes.com.ar\/principal\/wp-content\/uploads\/2022\/12\/FB_IMG_1671417623767-1024x473.jpg 1024w, https:\/\/www.hoymercedes.com.ar\/principal\/wp-content\/uploads\/2022\/12\/FB_IMG_1671417623767-630x291.jpg 630w, https:\/\/www.hoymercedes.com.ar\/principal\/wp-content\/uploads\/2022\/12\/FB_IMG_1671417623767-150x69.jpg 150w, https:\/\/www.hoymercedes.com.ar\/principal\/wp-content\/uploads\/2022\/12\/FB_IMG_1671417623767.jpg 1080w\" sizes=\"auto, (max-width: 1024px) 100vw, 1024px\" \/><\/figure>\n\n\n\n<p>El siniestro ocurri\u00f3 a la altura del kil\u00f3metro 117,900 cuando por razones que se desconocen se incendio una motocicleta Keller 250 , dominio 157 IWA, que era conducida por el casarense Hector Jes\u00fas Gonzalez, quien circulaba en sentido Mercedes-Suipacha, proveniente de la localidad de Solis con destino a Carlos Casares.<\/p>\n\n\n\n<p>Si bien intervino una dotaci\u00f3n de central 50, el motovehiculo result\u00f3 con da\u00f1os totales,  sin tener que lamentar lesiones para su conductor.<\/p>\n\n\n\n<p> Asimismo minutos m\u00e1s tarde , a unos 300 metros del lugar , se produjo el recalentamiento del motor de una veh\u00edculo Renault Fuego , color rojo , en el que viajaba una familia de Chacabuco , que tambi\u00e9n fue asistido por Bomberos , sin generarse da\u00f1os de importancia para el veh\u00edculo.<\/p>\n\n\n\n<p>Intervino Bomberos Voluntarios,  Polic\u00eda Comunal , Defensa Civil y personal del CPR de Suipacha  y Polic\u00eda Vial Mercedes.<\/p>\n\n\n\n<figure class=\"wp-block-image size-large\"><img loading=\"lazy\" decoding=\"async\" width=\"1024\" height=\"473\" data-attachment-id=\"156682\" data-permalink=\"https:\/\/www.hoymercedes.com.ar\/principal\/2022\/12\/18\/incendio-de-moto-sobre-ruta-5\/fb_img_1671417639392\/#main\" data-orig-file=\"https:\/\/www.hoymercedes.com.ar\/principal\/wp-content\/uploads\/2022\/12\/FB_IMG_1671417639392.jpg\" data-orig-size=\"1080,499\" data-comments-opened=\"0\" data-image-meta=\"{&quot;aperture&quot;:&quot;0&quot;,&quot;credit&quot;:&quot;&quot;,&quot;camera&quot;:&quot;&quot;,&quot;caption&quot;:&quot;&quot;,&quot;created_timestamp&quot;:&quot;0&quot;,&quot;copyright&quot;:&quot;&quot;,&quot;focal_length&quot;:&quot;0&quot;,&quot;iso&quot;:&quot;0&quot;,&quot;shutter_speed&quot;:&quot;0&quot;,&quot;title&quot;:&quot;&quot;,&quot;orientation&quot;:&quot;0&quot;}\" data-image-title=\"FB_IMG_1671417639392\" data-image-description=\"\" data-image-caption=\"\" data-large-file=\"https:\/\/www.hoymercedes.com.ar\/principal\/wp-content\/uploads\/2022\/12\/FB_IMG_1671417639392-1024x473.jpg\" src=\"https:\/\/www.hoymercedes.com.ar\/principal\/wp-content\/uploads\/2022\/12\/FB_IMG_1671417639392-1024x473.jpg\" alt=\"\" class=\"wp-image-156682\" srcset=\"https:\/\/www.hoymercedes.com.ar\/principal\/wp-content\/uploads\/2022\/12\/FB_IMG_1671417639392-1024x473.jpg 1024w, https:\/\/www.hoymercedes.com.ar\/principal\/wp-content\/uploads\/2022\/12\/FB_IMG_1671417639392-630x291.jpg 630w, https:\/\/www.hoymercedes.com.ar\/principal\/wp-content\/uploads\/2022\/12\/FB_IMG_1671417639392-150x69.jpg 150w, https:\/\/www.hoymercedes.com.ar\/principal\/wp-content\/uploads\/2022\/12\/FB_IMG_1671417639392.jpg 1080w\" sizes=\"auto, (max-width: 1024px) 100vw, 1024px\" \/><\/figure>\n","protected":false},"excerpt":{"rendered":"<p>En la tarde del domingo se convoc\u00f3 a los Bomberos Voluntarios de Suipacha ra\u00edz de un incendio vehicular sobre ruta 5, kil\u00f3metro 117<\/p>\n","protected":false},"author":1,"featured_media":156681,"comment_status":"closed","ping_status":"open","sticky":false,"template":"","format":"standard","meta":{"_monsterinsights_skip_tracking":false,"_monsterinsights_sitenote_active":false,"_monsterinsights_sitenote_note":"","_monsterinsights_sitenote_category":0,"jetpack_post_was_ever_published":false,"_jetpack_newsletter_access":"","_jetpack_dont_email_post_to_subs":false,"_jetpack_newsletter_tier_id":0,"_jetpack_memberships_contains_paywalled_content":false,"_jetpack_memberships_contains_paid_content":false,"footnotes":"","jetpack_publicize_message":"","jetpack_publicize_feature_enabled":true,"jetpack_social_post_already_shared":true,"jetpack_social_options":{"image_generator_settings":{"template":"highway","default_image_id":0,"font":"","enabled":false},"version":2},"_wpas_customize_per_network":false},"categories":[8],"tags":[],"class_list":["post-156680","post","type-post","status-publish","format-standard","has-post-thumbnail","hentry","category-sociedad","generate-columns","tablet-grid-50","mobile-grid-100","grid-parent","grid-50"],"jetpack_publicize_connections":[],"jetpack_featured_media_url":"https:\/\/www.hoymercedes.com.ar\/principal\/wp-content\/uploads\/2022\/12\/FB_IMG_1671417623767.jpg","wps_subtitle":"","jetpack_sharing_enabled":true,"_links":{"self":[{"href":"https:\/\/www.hoymercedes.com.ar\/principal\/wp-json\/wp\/v2\/posts\/156680","targetHints":{"allow":["GET"]}}],"collection":[{"href":"https:\/\/www.hoymercedes.com.ar\/principal\/wp-json\/wp\/v2\/posts"}],"about":[{"href":"https:\/\/www.hoymercedes.com.ar\/principal\/wp-json\/wp\/v2\/types\/post"}],"author":[{"embeddable":true,"href":"https:\/\/www.hoymercedes.com.ar\/principal\/wp-json\/wp\/v2\/users\/1"}],"replies":[{"embeddable":true,"href":"https:\/\/www.hoymercedes.com.ar\/principal\/wp-json\/wp\/v2\/comments?post=156680"}],"version-history":[{"count":0,"href":"https:\/\/www.hoymercedes.com.ar\/principal\/wp-json\/wp\/v2\/posts\/156680\/revisions"}],"wp:featuredmedia":[{"embeddable":true,"href":"https:\/\/www.hoymercedes.com.ar\/principal\/wp-json\/wp\/v2\/media\/156681"}],"wp:attachment":[{"href":"https:\/\/www.hoymercedes.com.ar\/principal\/wp-json\/wp\/v2\/media?parent=156680"}],"wp:term":[{"taxonomy":"category","embeddable":true,"href":"https:\/\/www.hoymercedes.com.ar\/principal\/wp-json\/wp\/v2\/categories?post=156680"},{"taxonomy":"post_tag","embeddable":true,"href":"https:\/\/www.hoymercedes.com.ar\/principal\/wp-json\/wp\/v2\/tags?post=156680"}],"curies":[{"name":"wp","href":"https:\/\/api.w.org\/{rel}","templated":true}]}}