{"id":156706,"date":"2022-12-19T14:49:28","date_gmt":"2022-12-19T17:49:28","guid":{"rendered":"https:\/\/www.hoymercedes.com.ar\/principal\/?p=156706"},"modified":"2022-12-19T14:49:58","modified_gmt":"2022-12-19T17:49:58","slug":"fiesta-del-comercio-sortearon-140-mil-pesos-en-ordenes-de-compras","status":"publish","type":"post","link":"https:\/\/www.hoymercedes.com.ar\/principal\/2022\/12\/19\/fiesta-del-comercio-sortearon-140-mil-pesos-en-ordenes-de-compras\/","title":{"rendered":"Fiesta del Comercio: Sortearon 140 mil pesos en \u00f3rdenes de compras"},"content":{"rendered":"\n<p>La C\u00e1mara Econ\u00f3mica Mercedina llev\u00f3 adelante la Fiesta del Comercio en donde sorte\u00f3 140 mil pesos en \u00f3rdenes de compras. La actividad de premiaci\u00f3n fue en un escenario especial ubicado en 25 esquina 30 este s\u00e1bado por la tarde. La C\u00e1mara agradeci\u00f3 a la Municipalidad por su apoyo y dese\u00f3 felices fiestas a clientes y comerciantes.<\/p>\n\n\n<div class=\"wp-block-image\">\n<figure class=\"aligncenter size-full\"><img loading=\"lazy\" decoding=\"async\" width=\"800\" height=\"596\" data-attachment-id=\"156707\" data-permalink=\"https:\/\/www.hoymercedes.com.ar\/principal\/2022\/12\/19\/fiesta-del-comercio-sortearon-140-mil-pesos-en-ordenes-de-compras\/whatsapp-image-2022-12-18-at-18-24-10\/#main\" data-orig-file=\"https:\/\/www.hoymercedes.com.ar\/principal\/wp-content\/uploads\/2022\/12\/WhatsApp-Image-2022-12-18-at-18.24.10.jpeg\" data-orig-size=\"800,596\" data-comments-opened=\"0\" data-image-meta=\"{&quot;aperture&quot;:&quot;0&quot;,&quot;credit&quot;:&quot;&quot;,&quot;camera&quot;:&quot;&quot;,&quot;caption&quot;:&quot;&quot;,&quot;created_timestamp&quot;:&quot;0&quot;,&quot;copyright&quot;:&quot;&quot;,&quot;focal_length&quot;:&quot;0&quot;,&quot;iso&quot;:&quot;0&quot;,&quot;shutter_speed&quot;:&quot;0&quot;,&quot;title&quot;:&quot;&quot;,&quot;orientation&quot;:&quot;0&quot;}\" data-image-title=\"WhatsApp Image 2022-12-18 at 18.24.10\" data-image-description=\"\" data-image-caption=\"\" data-large-file=\"https:\/\/www.hoymercedes.com.ar\/principal\/wp-content\/uploads\/2022\/12\/WhatsApp-Image-2022-12-18-at-18.24.10.jpeg\" src=\"https:\/\/www.hoymercedes.com.ar\/principal\/wp-content\/uploads\/2022\/12\/WhatsApp-Image-2022-12-18-at-18.24.10.jpeg\" alt=\"\" class=\"wp-image-156707\" srcset=\"https:\/\/www.hoymercedes.com.ar\/principal\/wp-content\/uploads\/2022\/12\/WhatsApp-Image-2022-12-18-at-18.24.10.jpeg 800w, https:\/\/www.hoymercedes.com.ar\/principal\/wp-content\/uploads\/2022\/12\/WhatsApp-Image-2022-12-18-at-18.24.10-630x469.jpeg 630w, https:\/\/www.hoymercedes.com.ar\/principal\/wp-content\/uploads\/2022\/12\/WhatsApp-Image-2022-12-18-at-18.24.10-150x112.jpeg 150w\" sizes=\"auto, (max-width: 800px) 100vw, 800px\" \/><\/figure>\n<\/div>\n\n\n<p>Con 50000 pesos de primer premio en \u00f3rdenes de compra que fueron para Evangelina Russo tras el sorteo realizado este s\u00e1bado entre clientes de m\u00e1s de 100 comercios de la ciudad que se sumaron, se llev\u00f3 adelante una vez m\u00e1s la Fiesta del Comercio organizada por la C\u00e1mara Econ\u00f3mica Mercedina. Adem\u00e1s hubo dos premios de $20000, dos premios de $10000 y 5 premios de $6000, todos en \u00f3rdenes de compras, que pueden usar en los comercios que participaron, como todos los a\u00f1os.<\/p>\n\n\n\n<p>La actividad de premiaci\u00f3n fue en un escenario especial ubicado en 25 esquina 30 este s\u00e1bado por la tarde, en el marco de la \u00abFiesta del Comercio Mercedino\u00bb que como cada a\u00f1o la C\u00e1mara, junto en centenar de comercios propone para hacer<br>pasar las fiestas un poquito m\u00e1s felices. <\/p>\n\n\n\n<p>En la previa hubo distribuci\u00f3n de bonos en los comercios adheridos que se sumaron y los entregaron entre sus clientes por cada compra realizada. Se rellenaron con sus datos y de todos esos cupones salieron los ganadores de las \u00f3rdenes de compra y del premio mayor.<\/p>\n\n\n\n<p>La idea de la C\u00e1mara tuvo como fin que los mercedinos en estas fiestas compren con beneficios en comercios de su propia ciudad. Durante la premiaci\u00f3n la presidente de la CEM, Paula Arretche, agradeci\u00f3 a la Municipalidad de Mercedes por su apoyo y dese\u00f3 felices fiestas a clientes y comerciantes.<\/p>\n\n\n\n<p>Por \u00faltimo, en representaci\u00f3n de Alfredo Gonz\u00e1lez, presidente de la CAME, estuvo en la actividad en Mercedes Guillermo Anso, quien es integrante de la comisi\u00f3n directiva.<br><\/p>\n","protected":false},"excerpt":{"rendered":"<p>La C\u00e1mara Econ\u00f3mica Mercedina llev\u00f3 adelante la Fiesta del Comercio en donde sorte\u00f3 140 mil pesos en \u00f3rdenes de compras. La actividad de premiaci\u00f3n fue en un escenario especial ubicado en 25 esquina 30 este s\u00e1bado por la tarde. <\/p>\n","protected":false},"author":1,"featured_media":156707,"comment_status":"closed","ping_status":"open","sticky":false,"template":"","format":"standard","meta":{"_monsterinsights_skip_tracking":false,"_monsterinsights_sitenote_active":false,"_monsterinsights_sitenote_note":"","_monsterinsights_sitenote_category":0,"jetpack_post_was_ever_published":false,"_jetpack_newsletter_access":"","_jetpack_dont_email_post_to_subs":false,"_jetpack_newsletter_tier_id":0,"_jetpack_memberships_contains_paywalled_content":false,"_jetpack_memberships_contains_paid_content":false,"footnotes":"","jetpack_publicize_message":"","jetpack_publicize_feature_enabled":true,"jetpack_social_post_already_shared":true,"jetpack_social_options":{"image_generator_settings":{"template":"highway","default_image_id":0,"font":"","enabled":false},"version":2},"_wpas_customize_per_network":false},"categories":[8],"tags":[],"class_list":["post-156706","post","type-post","status-publish","format-standard","has-post-thumbnail","hentry","category-sociedad","generate-columns","tablet-grid-50","mobile-grid-100","grid-parent","grid-50"],"jetpack_publicize_connections":[],"jetpack_featured_media_url":"https:\/\/www.hoymercedes.com.ar\/principal\/wp-content\/uploads\/2022\/12\/WhatsApp-Image-2022-12-18-at-18.24.10.jpeg","wps_subtitle":"","jetpack_sharing_enabled":true,"_links":{"self":[{"href":"https:\/\/www.hoymercedes.com.ar\/principal\/wp-json\/wp\/v2\/posts\/156706","targetHints":{"allow":["GET"]}}],"collection":[{"href":"https:\/\/www.hoymercedes.com.ar\/principal\/wp-json\/wp\/v2\/posts"}],"about":[{"href":"https:\/\/www.hoymercedes.com.ar\/principal\/wp-json\/wp\/v2\/types\/post"}],"author":[{"embeddable":true,"href":"https:\/\/www.hoymercedes.com.ar\/principal\/wp-json\/wp\/v2\/users\/1"}],"replies":[{"embeddable":true,"href":"https:\/\/www.hoymercedes.com.ar\/principal\/wp-json\/wp\/v2\/comments?post=156706"}],"version-history":[{"count":0,"href":"https:\/\/www.hoymercedes.com.ar\/principal\/wp-json\/wp\/v2\/posts\/156706\/revisions"}],"wp:featuredmedia":[{"embeddable":true,"href":"https:\/\/www.hoymercedes.com.ar\/principal\/wp-json\/wp\/v2\/media\/156707"}],"wp:attachment":[{"href":"https:\/\/www.hoymercedes.com.ar\/principal\/wp-json\/wp\/v2\/media?parent=156706"}],"wp:term":[{"taxonomy":"category","embeddable":true,"href":"https:\/\/www.hoymercedes.com.ar\/principal\/wp-json\/wp\/v2\/categories?post=156706"},{"taxonomy":"post_tag","embeddable":true,"href":"https:\/\/www.hoymercedes.com.ar\/principal\/wp-json\/wp\/v2\/tags?post=156706"}],"curies":[{"name":"wp","href":"https:\/\/api.w.org\/{rel}","templated":true}]}}